{"id":19880,"date":"2020-07-02T20:44:14","date_gmt":"2020-07-02T23:44:14","guid":{"rendered":"http:\/\/primiciasclorinda.com\/?p=19880"},"modified":"2020-07-02T20:45:26","modified_gmt":"2020-07-02T23:45:26","slug":"repatriadoanoche-volvi-a-descansar-en-una-cama-caliente-despues-de-dormir-30-dias-en-un-auto-al-costado-de-la-ruta","status":"publish","type":"post","link":"https:\/\/primiciasclorinda.com\/?p=19880","title":{"rendered":"Repatriado: \u201cAnoche volv\u00ed a descansar en una cama caliente despu\u00e9s de dormir 30 d\u00edas en un auto al costado de la ruta\u201d"},"content":{"rendered":"<p style=\"text-align: justify;\">Sen\u00f3n Guti\u00e9rrez ingres\u00f3 a la provincia ayer al mediod\u00eda despu\u00e9s de estar un mes varado en Puerto Eva Per\u00f3n<\/p>\n<p style=\"text-align: justify;\">Ayer al mediod\u00eda Sen\u00f3n Guti\u00e9rrez se uni\u00f3 al grupo de formose\u00f1os que ingres\u00f3 a la provincia despu\u00e9s de permanecer varado por un mes en la localidad chaque\u00f1a de Puerto Eva Per\u00f3n, en el l\u00edmite con Lucio V Mansilla.<\/p>\n<p style=\"text-align: justify;\">Fue escoltado por la Polic\u00eda hasta la UPAC para los controles sanitarios y luego alojado en el centro de aislamiento \u201cSal\u00f3n Aranda\u201d del barrio Juan Domingo Per\u00f3n.<\/p>\n<p style=\"text-align: justify;\">Con los sentimientos encontrados, porque a\u00fan quedan compa\u00f1eros de ruta en el l\u00edmite de Chaco con Formosa, aguardando por sus ingresos a la provincia, Sen\u00f3n pidi\u00f3 a las autoridades que \u201cno se olviden de estos siete formose\u00f1os que a\u00fan contin\u00faan al costado de la Ruta 11 esperando sus turnos para pasar\u201d.<\/p>\n<p style=\"text-align: justify;\">\u201cPor un lado estoy contento por estar en mi provincia y en mejores condiciones. Pero tambi\u00e9n con la angustia de saber que mis amigos, con quienes compart\u00ed muchas vivencias en la ruta en todo este tiempo de espera, siguen sufriendo en condiciones inhumanas. Las siete personas que siguen varadas desde hace varias semanas son aquellas que no tienen domicilios establecidos en la provincia; de alguna manera lo est\u00e1n discriminando porque son formose\u00f1os pero radicados en otras provincias por sus trabajos\u201d, refiri\u00f3.<\/p>\n<p style=\"text-align: justify;\">Acerca de c\u00f3mo fue su convocatoria para pasar el l\u00edmite de Mansilla, teniendo en cuenta que 14 varados ya hab\u00edan ingresado a la medianoche con autorizaciones de la Provincia, Sen\u00f3n explic\u00f3: \u201cPasadas las 12 del mediod\u00eda un polic\u00eda de la comisar\u00eda de Eva Per\u00f3n se acerc\u00f3 al grupo y me llam\u00f3 aparte. Me dijo que prepare las cosas porque pod\u00eda pasar a Formosa.<\/p>\n<p style=\"text-align: justify;\">Agarr\u00e9 mi auto y despu\u00e9s de casi una hora en el control policial de Mansilla, logr\u00e9 ingresar escoltado por un efectivo hasta la Unidad de Pronta Atenci\u00f3n de Contingencia (UPAC). All\u00ed me hicieron los controles sanitarios y un hisopado completo. Termin\u00f3 esta instancia de ex\u00e1menes y me trasladaron hasta el centro de aislamiento en el Juan Domingo Per\u00f3n para cumplir la cuarentena con el resto de los alojados\u201d.<\/p>\n<p style=\"text-align: justify;\">Con cierta tranquilidad y comodidad, desde el centro de alojamiento Sal\u00f3n Aranda en el Circuito Cinco, el entrevistado se\u00f1al\u00f3 que por primera vez, despu\u00e9s de 30 d\u00edas de dormir en un auto al costado de la ruta, volvi\u00f3 a descansar en una cama caliente y calefaccionado.<\/p>\n<p style=\"text-align: justify;\">\u201cEstamos muy bien ac\u00e1. Cumpliendo con todas las medidas sanitarias. Ni bien ingresamos la seguridad policial nos inform\u00f3 sobre los protocolos preventivos dentro del predio. Nos ubicamos en un sal\u00f3n grande en camas distribuidas y espaciadas unas de otras. Con lugares comunes como el comedor pero tomando distancia necesaria para evitar contactos estrechos. En 14 d\u00edas vamos a salir sanos\u201d, asegur\u00f3.<\/p>\n<p style=\"text-align: justify;\">Fuente: Diario La Ma\u00f1ana.<\/p>\n","protected":false},"excerpt":{"rendered":"<div class=\"mh-excerpt\"><p>Sen\u00f3n Guti\u00e9rrez ingres\u00f3 a la provincia ayer al mediod\u00eda despu\u00e9s de estar un mes varado en Puerto Eva Per\u00f3n Ayer al mediod\u00eda Sen\u00f3n Guti\u00e9rrez se <a class=\"mh-excerpt-more\" href=\"https:\/\/primiciasclorinda.com\/?p=19880\" title=\"Repatriado: \u201cAnoche volv\u00ed a descansar en una cama caliente despu\u00e9s de dormir 30 d\u00edas en un auto al costado de la ruta\u201d\">[&#8230;]<\/a><\/p>\n<\/div>","protected":false},"author":3,"featured_media":19881,"comment_status":"open","ping_status":"open","sticky":false,"template":"","format":"standard","meta":{"footnotes":""},"categories":[4],"tags":[2870,23],"class_list":["post-19880","post","type-post","status-publish","format-standard","has-post-thumbnail","hentry","category-informacion-general","tag-coronavirus","tag-formosa"],"_links":{"self":[{"href":"https:\/\/primiciasclorinda.com\/index.php?rest_route=\/wp\/v2\/posts\/19880","targetHints":{"allow":["GET"]}}],"collection":[{"href":"https:\/\/primiciasclorinda.com\/index.php?rest_route=\/wp\/v2\/posts"}],"about":[{"href":"https:\/\/primiciasclorinda.com\/index.php?rest_route=\/wp\/v2\/types\/post"}],"author":[{"embeddable":true,"href":"https:\/\/primiciasclorinda.com\/index.php?rest_route=\/wp\/v2\/users\/3"}],"replies":[{"embeddable":true,"href":"https:\/\/primiciasclorinda.com\/index.php?rest_route=%2Fwp%2Fv2%2Fcomments&post=19880"}],"version-history":[{"count":2,"href":"https:\/\/primiciasclorinda.com\/index.php?rest_route=\/wp\/v2\/posts\/19880\/revisions"}],"predecessor-version":[{"id":19883,"href":"https:\/\/primiciasclorinda.com\/index.php?rest_route=\/wp\/v2\/posts\/19880\/revisions\/19883"}],"wp:featuredmedia":[{"embeddable":true,"href":"https:\/\/primiciasclorinda.com\/index.php?rest_route=\/wp\/v2\/media\/19881"}],"wp:attachment":[{"href":"https:\/\/primiciasclorinda.com\/index.php?rest_route=%2Fwp%2Fv2%2Fmedia&parent=19880"}],"wp:term":[{"taxonomy":"category","embeddable":true,"href":"https:\/\/primiciasclorinda.com\/index.php?rest_route=%2Fwp%2Fv2%2Fcategories&post=19880"},{"taxonomy":"post_tag","embeddable":true,"href":"https:\/\/primiciasclorinda.com\/index.php?rest_route=%2Fwp%2Fv2%2Ftags&post=19880"}],"curies":[{"name":"wp","href":"https:\/\/api.w.org\/{rel}","templated":true}]}}