{"id":19781,"date":"2020-06-26T15:58:54","date_gmt":"2020-06-26T18:58:54","guid":{"rendered":"http:\/\/primiciasclorinda.com\/?p=19781"},"modified":"2020-06-26T15:58:54","modified_gmt":"2020-06-26T18:58:54","slug":"insfran-seguiremos-trabajando-sin-descanso-para-que-el-pueblo-formoseno-viva-cada-vez-mejor","status":"publish","type":"post","link":"https:\/\/primiciasclorinda.com\/?p=19781","title":{"rendered":"Insfr\u00e1n: \u201cSeguiremos trabajando sin descanso para que el pueblo formose\u00f1o viva cada vez mejor\u201d"},"content":{"rendered":"<p style=\"text-align: justify;\">Al presidir desde la Casa de Gobierno, v\u00eda teleconferencia, la entrega de 48 viviendas en la localidad de Clorinda, el gobernador Gildo Insfr\u00e1n reiter\u00f3 su compromiso de \u201cseguir trabajando sin descanso para que el pueblo formose\u00f1o viva cada vez mejor y para que podamos combatir en serio esta pandemia sin que caiga un solo soldado de Formosa\u201d.<\/p>\n<p style=\"text-align: justify;\">Este viernes 26, el primer mandatario formose\u00f1o encabez\u00f3, a trav\u00e9s de videoconferencia, desde la sede del Poder Ejecutivo Provincial (PEP) en la capital formose\u00f1a la entrega de t\u00edtulos y llaves a los flamantes nuevos propietarios de las 48 viviendas del barrio \u201cIntendente Juan Federico Crivelli\u201d, en Clorinda.<\/p>\n<p style=\"text-align: justify;\">En lo que fue la primera entrega de unidades habitacionales dentro de este esquema de cuarentena por la pandemia del COVID-19, al hacer uso de la palabra el doctor Insfr\u00e1n record\u00f3 al exintendente Crivelli, quien falleciera el 10 de junio del a\u00f1o pasado, saludando a sus familiares. \u201cFreddy Crivelli, un amigo, un compa\u00f1ero, los mejores de los recuerdos y los mejores de los conceptos para \u00e9l\u201d, manifest\u00f3 el primer mandatario.<\/p>\n<p style=\"text-align: justify;\">\u201cEs un primer acto en medio de la pandemia que con la tecnolog\u00eda lo llevamos adelante, hoy es un d\u00eda fresco y este ambiente es un ambiente fr\u00edo, pero tenemos que acostumbrarnos un tiempo m\u00e1s\u201d, se\u00f1al\u00f3 el gobernador Insfr\u00e1n.<\/p>\n<p style=\"text-align: justify;\">Resalt\u00f3 que \u201cante una profunda crisis mundial por la pandemia, en Formosa y fundamentalmente ah\u00ed en Clorinda, hoy podemos estar poniendo fin a un asentamiento irregular, a formose\u00f1os y formose\u00f1as que estaban en un lugar p\u00fablico y que hoy, gracias a estas 48 viviendas, van a tener su casa propia, es decir un pedazo de suelo formose\u00f1o en donde van a poder realizarse como personas, como familias y como comunidad\u201d.<\/p>\n<p style=\"text-align: justify;\">\u201cQuiero expresar desde aqu\u00ed mi sincero cari\u00f1o, afecto y compromiso de seguir trabajando sin descanso para que el pueblo formose\u00f1o viva cada vez mejor y para que podamos combatir en serio esta pandemia sin que caiga un solo soldado de Formosa\u201d, enfatiz\u00f3, categ\u00f3rico, ratificando que \u201cvamos a ir tomando las medidas necesarias\u201d.<\/p>\n<p style=\"text-align: justify;\">En ese sentido, a los beneficiarios clorindenses les dijo: \u201cUstedes est\u00e1n ubicados en un lugar muy dif\u00edcil, lo s\u00e9 y sigo a diario. S\u00e9 de la preocupaci\u00f3n que tienen por la situaci\u00f3n fronteriza, puedo quiero decirles que se queden tranquilos porque vamos a ir tomando las medidas necesarias para que est\u00e9n protegidos\u201d.<\/p>\n<p style=\"text-align: justify;\">\u201cNuestro sistema de salud est\u00e1 fortalecido\u201d, remarc\u00f3 el titular del PEP, indicando que \u201chasta ahora los casos que se han dado en la provincia de Formosa han sido casos importados, no tenemos circulaci\u00f3n viral y los casos que se van dando los vamos bloqueando de tal manera que no llegue a ocurrir lo que est\u00e1 sucediendo en otras partes de nuestra querida Patria\u201d.<\/p>\n<p style=\"text-align: justify;\">Apunt\u00f3 que \u201ceso no nos alegra, nos pone tristes porque nosotros sabemos que nadie se realiza en una comunidad que no se realiza. Nadie, nadie se realiza en una Naci\u00f3n que no se realiza y nadie se realiza en un continente que no se realiza\u201d, marcando que \u201cson momentos dif\u00edciles, estas medidas restrictivas a nuestro deambular a veces nos ponen de mal humor y es l\u00f3gico que as\u00ed sea porque son modos de vida que tenemos que ir adecuando a estas circunstancias\u201d.<\/p>\n<p style=\"text-align: justify;\">Medidas sanitarias<\/p>\n<p style=\"text-align: justify;\">A su vez, el gobernador Insfr\u00e1n refiri\u00f3 que \u201cllevamos m\u00e1s de cien d\u00edas en que todos los d\u00edas nos reunimos para saber el estado de situaci\u00f3n de cada punto de la provincia y desde ah\u00ed vamos tomando las medidas necesarias\u201d para enfrentar la pandemia.<\/p>\n<p style=\"text-align: justify;\">En esa l\u00ednea, aludiendo al accionar de sectores de la oposici\u00f3n, demand\u00f3 que \u201clas cuestiones que hacen a la pol\u00edtica partidaria, a las cosas peque\u00f1as, debemos dejarlas para otro momento\u201d.<\/p>\n<p style=\"text-align: justify;\">\u201cDigo esto para aquellos que utilizan las redes sociales para llevar temor en todos ustedes, para crear situaciones que incomodan, que nos quieren hacer aparecer que tomamos medidas por hacer sufrir, por crear inconvenientes de convivencia entre nosotros, muy lejos est\u00e1 de eso\u201d, recalc\u00f3, enfatizando que \u201clas medidas sanitarias que tomamos est\u00e1n basadas en principios cient\u00edficos para proteger la salud de los 640 mil formose\u00f1os\u201d.<\/p>\n<p style=\"text-align: justify;\">Finalmente, aclar\u00f3 que \u201cestas obras no fueron hechas por el Programa H\u00e1bitat; sino por el Instituto Provincial de la Vivienda, con recursos puros y exclusivamente del Tesoro de la provincia de Formosa y el terreno donado por el Municipio de la ciudad de Clorinda\u201d.<\/p>\n<p style=\"text-align: justify;\">\u201cMuchas gracias por el afecto que siempre me han brindado, les deseo que disfruten de este nuevo lugar, de estas nuevas casas. Muchas gracias a todos y todas, los abrazo fuerte, con el aprecio y el cari\u00f1o de siempre\u201d, concluy\u00f3.<\/p>\n","protected":false},"excerpt":{"rendered":"<div class=\"mh-excerpt\"><p>Al presidir desde la Casa de Gobierno, v\u00eda teleconferencia, la entrega de 48 viviendas en la localidad de Clorinda, el gobernador Gildo Insfr\u00e1n reiter\u00f3 su <a class=\"mh-excerpt-more\" href=\"https:\/\/primiciasclorinda.com\/?p=19781\" title=\"Insfr\u00e1n: \u201cSeguiremos trabajando sin descanso para que el pueblo formose\u00f1o viva cada vez mejor\u201d\">[&#8230;]<\/a><\/p>\n<\/div>","protected":false},"author":3,"featured_media":19782,"comment_status":"open","ping_status":"open","sticky":false,"template":"","format":"standard","meta":{"footnotes":""},"categories":[3],"tags":[2870,23,3122],"class_list":["post-19781","post","type-post","status-publish","format-standard","has-post-thumbnail","hentry","category-politica-economia","tag-coronavirus","tag-formosa","tag-insfran-gildo"],"_links":{"self":[{"href":"https:\/\/primiciasclorinda.com\/index.php?rest_route=\/wp\/v2\/posts\/19781","targetHints":{"allow":["GET"]}}],"collection":[{"href":"https:\/\/primiciasclorinda.com\/index.php?rest_route=\/wp\/v2\/posts"}],"about":[{"href":"https:\/\/primiciasclorinda.com\/index.php?rest_route=\/wp\/v2\/types\/post"}],"author":[{"embeddable":true,"href":"https:\/\/primiciasclorinda.com\/index.php?rest_route=\/wp\/v2\/users\/3"}],"replies":[{"embeddable":true,"href":"https:\/\/primiciasclorinda.com\/index.php?rest_route=%2Fwp%2Fv2%2Fcomments&post=19781"}],"version-history":[{"count":1,"href":"https:\/\/primiciasclorinda.com\/index.php?rest_route=\/wp\/v2\/posts\/19781\/revisions"}],"predecessor-version":[{"id":19783,"href":"https:\/\/primiciasclorinda.com\/index.php?rest_route=\/wp\/v2\/posts\/19781\/revisions\/19783"}],"wp:featuredmedia":[{"embeddable":true,"href":"https:\/\/primiciasclorinda.com\/index.php?rest_route=\/wp\/v2\/media\/19782"}],"wp:attachment":[{"href":"https:\/\/primiciasclorinda.com\/index.php?rest_route=%2Fwp%2Fv2%2Fmedia&parent=19781"}],"wp:term":[{"taxonomy":"category","embeddable":true,"href":"https:\/\/primiciasclorinda.com\/index.php?rest_route=%2Fwp%2Fv2%2Fcategories&post=19781"},{"taxonomy":"post_tag","embeddable":true,"href":"https:\/\/primiciasclorinda.com\/index.php?rest_route=%2Fwp%2Fv2%2Ftags&post=19781"}],"curies":[{"name":"wp","href":"https:\/\/api.w.org\/{rel}","templated":true}]}}