{"id":1977,"date":"2016-04-24T15:08:49","date_gmt":"2016-04-24T15:08:49","guid":{"rendered":"http:\/\/primiciasclorinda.com\/?p=1977"},"modified":"2016-04-24T15:09:54","modified_gmt":"2016-04-24T15:09:54","slug":"mira-el-discurso-completo-del-presidente-mauricio-macri-en-clorinda","status":"publish","type":"post","link":"https:\/\/primiciasclorinda.com\/?p=1977","title":{"rendered":"Mir\u00e1 el discurso completo del presidente Mauricio Macri en Clorinda"},"content":{"rendered":"<p><iframe loading=\"lazy\" title=\"El presidente Mauricio Macri anunci\u00f3 construcci\u00f3n de planta potabilizadora en Formosa\" width=\"500\" height=\"281\" src=\"https:\/\/www.youtube.com\/embed\/r0bTFr2SPNM?feature=oembed\" frameborder=\"0\" allow=\"accelerometer; autoplay; clipboard-write; encrypted-media; gyroscope; picture-in-picture; web-share\" referrerpolicy=\"strict-origin-when-cross-origin\" allowfullscreen><\/iframe><\/p>\n<p>El presidente, Mauricio Macri visit\u00f3 la ciudad de Clorinda el pasado viernes, estuvo acompa\u00f1ado por el gobernador, Gildo Insfr\u00e1n y funcionarios del gabinete nacional. En la oportunidad Macri realiz\u00f3 anuncios de obras para Clorinda, principalmente la obra de la nueva planta potabilizadora, que comienza en junio, y destac\u00f3 a la vez lo que hab\u00eda hablando por tel\u00e9fono en 2014 con Mar\u00eda Young, una vecina que luego fue a visitar. \u00a0Mir\u00e1 el video completo del acto realizado en la planta de agua.\u00a0<!--more--><\/p>\n","protected":false},"excerpt":{"rendered":"<div class=\"mh-excerpt\"><p>El presidente, Mauricio Macri visit\u00f3 la ciudad de Clorinda el pasado viernes, estuvo acompa\u00f1ado por el gobernador, Gildo Insfr\u00e1n y funcionarios del gabinete nacional. En <a class=\"mh-excerpt-more\" href=\"https:\/\/primiciasclorinda.com\/?p=1977\" title=\"Mir\u00e1 el discurso completo del presidente Mauricio Macri en Clorinda\">[&#8230;]<\/a><\/p>\n<\/div>","protected":false},"author":3,"featured_media":0,"comment_status":"open","ping_status":"open","sticky":false,"template":"","format":"standard","meta":{"footnotes":""},"categories":[4,3],"tags":[26,23,18,13],"class_list":["post-1977","post","type-post","status-publish","format-standard","hentry","category-informacion-general","category-politica-economia","tag-clorinda","tag-formosa","tag-gildo-insfran","tag-mauricio-macri"],"_links":{"self":[{"href":"https:\/\/primiciasclorinda.com\/index.php?rest_route=\/wp\/v2\/posts\/1977","targetHints":{"allow":["GET"]}}],"collection":[{"href":"https:\/\/primiciasclorinda.com\/index.php?rest_route=\/wp\/v2\/posts"}],"about":[{"href":"https:\/\/primiciasclorinda.com\/index.php?rest_route=\/wp\/v2\/types\/post"}],"author":[{"embeddable":true,"href":"https:\/\/primiciasclorinda.com\/index.php?rest_route=\/wp\/v2\/users\/3"}],"replies":[{"embeddable":true,"href":"https:\/\/primiciasclorinda.com\/index.php?rest_route=%2Fwp%2Fv2%2Fcomments&post=1977"}],"version-history":[{"count":1,"href":"https:\/\/primiciasclorinda.com\/index.php?rest_route=\/wp\/v2\/posts\/1977\/revisions"}],"predecessor-version":[{"id":1978,"href":"https:\/\/primiciasclorinda.com\/index.php?rest_route=\/wp\/v2\/posts\/1977\/revisions\/1978"}],"wp:attachment":[{"href":"https:\/\/primiciasclorinda.com\/index.php?rest_route=%2Fwp%2Fv2%2Fmedia&parent=1977"}],"wp:term":[{"taxonomy":"category","embeddable":true,"href":"https:\/\/primiciasclorinda.com\/index.php?rest_route=%2Fwp%2Fv2%2Fcategories&post=1977"},{"taxonomy":"post_tag","embeddable":true,"href":"https:\/\/primiciasclorinda.com\/index.php?rest_route=%2Fwp%2Fv2%2Ftags&post=1977"}],"curies":[{"name":"wp","href":"https:\/\/api.w.org\/{rel}","templated":true}]}}