{"id":19727,"date":"2020-06-22T21:48:59","date_gmt":"2020-06-23T00:48:59","guid":{"rendered":"http:\/\/primiciasclorinda.com\/?p=19727"},"modified":"2020-06-22T21:48:59","modified_gmt":"2020-06-23T00:48:59","slug":"fernandez-acordo-con-kicillof-y-larreta-endurecer-el-aislamiento-si-sigue-la-tendencia","status":"publish","type":"post","link":"https:\/\/primiciasclorinda.com\/?p=19727","title":{"rendered":"Fern\u00e1ndez acord\u00f3 con Kicillof y Larreta \u00abendurecer\u00bb el aislamiento si sigue la tendencia"},"content":{"rendered":"<p style=\"text-align: justify;\">As\u00ed lo aseguraron a T\u00e9lam fuentes oficiales, tras la reuni\u00f3n de esta tarde en la Residencia de Olivos, para analizar el futuro del aislamiento social, preventivo y obligatorio, cuya continuidad ser\u00e1 anunciada \u00abantes del fin de semana\u00bb.<\/p>\n<p style=\"text-align: justify;\">El presidente Alberto Fern\u00e1ndez acord\u00f3 hoy con el gobernador bonaerense, Axel Kicillof, y el jefe de Gobierno porte\u00f1o, Horacio Rodr\u00edguez Larreta, \u00abendurecer las medidas de aislamiento\u00bb, de mantenerse en los pr\u00f3ximos d\u00edas la tendencia en el incremento de casos de coronavirus registrados en el \u00c1rea Metropolitana de Buenos Aires (AMBA).<\/p>\n<p style=\"text-align: justify;\">As\u00ed lo aseguraron a T\u00e9lam fuentes oficiales, tras la reuni\u00f3n que encabez\u00f3 esta tarde el Presidente con el gobernador y el jefe de Gobierno, en el marco de una reuni\u00f3n de trabajo en la Residencia de Olivos, para analizar el futuro del aislamiento social, preventivo y obligatorio, cuya continuidad ser\u00e1 anunciada \u00abantes del fin de semana\u00bb.<\/p>\n<p style=\"text-align: justify;\">Los pron\u00f3sticos oficiales se\u00f1alan que \u00abtodo va a empeorar, mucho y muy r\u00e1pido\u00bb y descuentan que, ante ese escenario, llegar\u00e1n \u00abmedidas m\u00e1s duras\u00bb en el \u00e1rea AMBA, que concentra a m\u00e1s del 90% de los casos de Covid-19 del pa\u00eds.<\/p>\n<p style=\"text-align: justify;\">Con un seguimiento permanente sobre el n\u00famero de camas ocupadas y los aumentos de los casos, el gobierno tambi\u00e9n eval\u00faa \u00abminuto a minuto\u00bb los datos de circulaci\u00f3n de personas en el transporte p\u00fablico, potencial foco de riesgo para la propagaci\u00f3n de contagios.<\/p>\n<p style=\"text-align: justify;\">Almuerzo mediante, la reuni\u00f3n se realiz\u00f3 en la Quinta Presidencial de Olivos desde el mediod\u00eda y se extendi\u00f3 por dos horas, esta vez sin la presencia de los ministros de Salud de la Naci\u00f3n, provincia y Ciudad; Gin\u00e9s Gonz\u00e1lez Garc\u00eda, Daniel Gollan y Fern\u00e1n Quir\u00f3s; respectivamente.<\/p>\n<p style=\"text-align: justify;\">Esta ma\u00f1ana, Carla Vizzotti, secretaria de Acceso a la Salud de la Naci\u00f3n, adelant\u00f3 la posibilidad de volver a la fase 1 del aislamiento en el AMBA \u00abpara detener la circulaci\u00f3n y organizarnos\u00bb.<\/p>\n<p style=\"text-align: justify;\">En esa l\u00ednea, Gollan apunt\u00f3 que \u00abhay consenso con la Ciudad de Buenos Aires para una restricci\u00f3n fuerte\u00bb ante el incremento de casos por la \u00abmayor circulaci\u00f3n de gente\u00bb en el \u00e1rea metropolitana y advirti\u00f3 que \u00absi se sigue con esta l\u00ednea de progresi\u00f3n\u00bb de contagios, \u00aben unos treinta d\u00edas, seg\u00fan la evoluci\u00f3n, podr\u00edamos tener una fuerte tensi\u00f3n del sistema de salud, que es lo que queremos evitar\u00bb, sostuvo en declaraciones a Radio Diez.<\/p>\n<p style=\"text-align: justify;\">En declaraciones a FM LA Patriada, Andr\u00e9s Larroque, otro de los miembros del gabinete bonaerense, a cargo de la cartera social, sostuvo que la posici\u00f3n de Kicillof es que, \u00aben la medida de las posibilidades, se pueda volver a la fase inicial de la cuarentena no por tiempo indeterminado, sino por un per\u00edodo\u00bb que podr\u00eda ser de \u00abdos semanas\u00bb para \u00abrecuperar tiempo y ganar ox\u00edgeno para poder enfrentar de la mejor manera el crecimiento de los contagios\u00bb,<\/p>\n<p style=\"text-align: justify;\">De cara a la continuidad del aislamiento, el jefe de Gabinete, Santiago Cafiero, sostuvo que \u00abla din\u00e1mica en el interior es muy distinta a la del AMBA\u00bb en la evoluci\u00f3n de la pandemia e insisti\u00f3 con que \u00abtodo se eval\u00faa\u00bb en funci\u00f3n de \u00abdistintos par\u00e1metros\u00bb.<\/p>\n<p style=\"text-align: justify;\">\u00abTenemos que ir teniendo en cuenta el aumento de los casos, la velocidad de los contagios, la tasa de duplicaci\u00f3n, la ocupaci\u00f3n de camas de terapia intensiva e intermedia\u00bb, enumer\u00f3 el jefe de Gabinete, en declaraciones a la radio Futurock..<\/p>\n<p style=\"text-align: justify;\">Tambi\u00e9n, destac\u00f3 la importancia del fortalecimiento de los \u00abcontroles interjurisdiccionales\u00bb en el \u00e1mbito de AMBA, que dijo esta semana se intensificar\u00e1n a\u00fan m\u00e1s, con foco en los certificados \u00fanicos habilitantes para circular.<\/p>\n<p style=\"text-align: justify;\">En el pa\u00eds se registraron 42.785 casos de Covid-19, con 1.016 fallecimientos, 28.616 pacientes en curso y 13.153 recuperados, seg\u00fan datos oficiales.<\/p>\n<p style=\"text-align: justify;\">En la provincia de Buenos Aires ascendieron a 19.329 tras confirmarse 746 nuevos contagios en las \u00faltimas 24 horas, mientras que la Ciudad inform\u00f3 hoy en su \u00faltimo reporte diario 720 nuevos casos y 19.078 acumulados desde que comenz\u00f3 la pandemia, en tanto que se registraron 7 nuevos fallecimientos.<\/p>\n<p style=\"text-align: justify;\">La reuni\u00f3n encabezada por el Presidente tuvo lugar a 95 d\u00edas de establecido el aislamiento social, preventivo y obligatorio, el 20 de marzo pasado, y a d\u00edas de que venza la actual pr\u00f3rroga (el 28 de junio) que rige para el AMBA, Gran Chaco, Gran C\u00f3rdoba, Trelew y algunas ciudades de R\u00edo Negro, mientras que para el resto del pa\u00eds rige una fase de distanciamiento.<\/p>\n<p style=\"text-align: justify;\">\u00abQuedamos en vernos el lunes los tres para tomar una decisi\u00f3n. Estamos en una situaci\u00f3n muy complicada\u00bb, dijo el jefe de Estado, el s\u00e1bado, en relaci\u00f3n a este encuentro con Kicillof y Rodr\u00edguez Larreta.<\/p>\n<p style=\"text-align: justify;\">En la \u00faltima semana, los reportes del Ministerio de Salud de la Naci\u00f3n dieron cuenta de un significativo aumento de los contagios en el AMBA, que concentra el 93% de los casos del pa\u00eds.<\/p>\n<p style=\"text-align: justify;\">El viernes \u00faltimo, para tratar de disminuir la circulaci\u00f3n de gente entre la Ciudad de Buenos Aires y la provincia de Buenos Aires, los tres niveles de gobierno decidieron reforzar los controles policiales en el transporte p\u00fablico, en especial los trenes, para que s\u00f3lo lo utilicen los usuarios que realizan tareas esenciales.<\/p>\n<p style=\"text-align: justify;\">Tambi\u00e9n, exigieron la renovaci\u00f3n del permiso para circular de todas aquellas personas que desarrollan tareas en actividades exceptuadas del cumplimiento de la cuarentena pero ya sin la opci\u00f3n de traslados a trav\u00e9s del transporte p\u00fablico de pasajeros.<\/p>\n<p style=\"text-align: justify;\">De acuerdo con lo informado por el Ministerio de Transporte de la Naci\u00f3n y la Secretar\u00eda de Transporte de la Ciudad, ese objetivo se logr\u00f3 al reducir el volumen de usuarios en los trenes y micros interurbanos y subterr\u00e1neo.<\/p>\n<p style=\"text-align: justify;\">El viernes \u00faltimo, Kicillof y Larreta conformaron una mesa t\u00e9cnica entre ambas jurisdicciones para analizar d\u00eda a d\u00eda las camas hospitalarias ocupadas, la velocidad de la curva de contagios, la circulaci\u00f3n social y la mortalidad.<\/p>\n<p style=\"text-align: justify;\">En el resto del pa\u00eds, la mayor parte de las provincias se encuentran en una fase de distanciamiento social, preventivo y obligatorio, con liberaci\u00f3n de gran parte de las actividades y servicios, debido a que en las \u00faltimas semanas registraron un notorio descenso de los casos de coronavirus.<\/p>\n","protected":false},"excerpt":{"rendered":"<div class=\"mh-excerpt\"><p>As\u00ed lo aseguraron a T\u00e9lam fuentes oficiales, tras la reuni\u00f3n de esta tarde en la Residencia de Olivos, para analizar el futuro del aislamiento social, <a class=\"mh-excerpt-more\" href=\"https:\/\/primiciasclorinda.com\/?p=19727\" title=\"Fern\u00e1ndez acord\u00f3 con Kicillof y Larreta \u00abendurecer\u00bb el aislamiento si sigue la tendencia\">[&#8230;]<\/a><\/p>\n<\/div>","protected":false},"author":3,"featured_media":19728,"comment_status":"open","ping_status":"open","sticky":false,"template":"","format":"standard","meta":{"footnotes":""},"categories":[3],"tags":[3183,2691,3063,3135],"class_list":["post-19727","post","type-post","status-publish","format-standard","has-post-thumbnail","hentry","category-politica-economia","tag-amba","tag-fernandez","tag-kicillof","tag-larreta"],"_links":{"self":[{"href":"https:\/\/primiciasclorinda.com\/index.php?rest_route=\/wp\/v2\/posts\/19727","targetHints":{"allow":["GET"]}}],"collection":[{"href":"https:\/\/primiciasclorinda.com\/index.php?rest_route=\/wp\/v2\/posts"}],"about":[{"href":"https:\/\/primiciasclorinda.com\/index.php?rest_route=\/wp\/v2\/types\/post"}],"author":[{"embeddable":true,"href":"https:\/\/primiciasclorinda.com\/index.php?rest_route=\/wp\/v2\/users\/3"}],"replies":[{"embeddable":true,"href":"https:\/\/primiciasclorinda.com\/index.php?rest_route=%2Fwp%2Fv2%2Fcomments&post=19727"}],"version-history":[{"count":1,"href":"https:\/\/primiciasclorinda.com\/index.php?rest_route=\/wp\/v2\/posts\/19727\/revisions"}],"predecessor-version":[{"id":19729,"href":"https:\/\/primiciasclorinda.com\/index.php?rest_route=\/wp\/v2\/posts\/19727\/revisions\/19729"}],"wp:featuredmedia":[{"embeddable":true,"href":"https:\/\/primiciasclorinda.com\/index.php?rest_route=\/wp\/v2\/media\/19728"}],"wp:attachment":[{"href":"https:\/\/primiciasclorinda.com\/index.php?rest_route=%2Fwp%2Fv2%2Fmedia&parent=19727"}],"wp:term":[{"taxonomy":"category","embeddable":true,"href":"https:\/\/primiciasclorinda.com\/index.php?rest_route=%2Fwp%2Fv2%2Fcategories&post=19727"},{"taxonomy":"post_tag","embeddable":true,"href":"https:\/\/primiciasclorinda.com\/index.php?rest_route=%2Fwp%2Fv2%2Ftags&post=19727"}],"curies":[{"name":"wp","href":"https:\/\/api.w.org\/{rel}","templated":true}]}}