{"id":19698,"date":"2020-06-21T19:49:41","date_gmt":"2020-06-21T22:49:41","guid":{"rendered":"http:\/\/primiciasclorinda.com\/?p=19698"},"modified":"2020-06-21T19:49:41","modified_gmt":"2020-06-21T22:49:41","slug":"formosa-registra-dos-nuevos-casos-de-coronavirus-y-seis-personas-se-encuentran-en-estudio","status":"publish","type":"post","link":"https:\/\/primiciasclorinda.com\/?p=19698","title":{"rendered":"Formosa registra dos nuevos casos de coronavirus y seis personas se encuentran en estudio"},"content":{"rendered":"<p style=\"text-align: justify;\">Ascienden a la fecha 43 casos diagnosticados con COVID-19. Tres mujeres y 39 hombres<\/p>\n<p style=\"text-align: justify;\">Dos nuevos casos de coronavirus se confirmaron este domingo en Formosa, en tanto seis personas se encuentran aisladas en el Hospital Distrital 8, ascendiendo a 43 los casos diagnosticados hasta la fecha en la Provincia. Tres de ellos son mujeres y 39 hombres.<\/p>\n<p style=\"text-align: justify;\">As\u00ed lo inform\u00f3 el Consejo de Atenci\u00f3n Integral de la Emergencia COVID-19, durante la conferencia de prensa que cont\u00f3 con la presencia de los ministros Jorge Oscar Ib\u00e1\u00f1ez y Jorge Abel Gonz\u00e1lez, junto a los m\u00e9dicos Mario Romero Bruno y Juli\u00e1n Bibolini<\/p>\n<p style=\"text-align: justify;\">En la oportunidad, se inform\u00f3 que en las \u00faltimas 24 horas se diagnosticaron dos casos positivos a coronavirus. Se trata del caso sospechoso reportado el s\u00e1bado de un hombre de 63 a\u00f1os, aislado en el Hospital Distrital N\u00ba 8, que presenta s\u00edntomas leves de dolor de garganta y cefalea; y una joven de 16 a\u00f1os, asintom\u00e1tica, hija de un paciente que diera positivo anteriormente, perteneciente al circuito 2 de la planta alta del Centro de Alojamiento del Juan Pablo II. Ambos pacientes fueron derivados al Hospital Interdistrital de Contingencia COVID-19. 2<\/p>\n<p style=\"text-align: justify;\">Al d\u00eda de la fecha, se encuentran aislados seis pacientes en el Hospital Distrital N\u00ba 8 como casos sospechosos por protocolo. Se trata de cuatro hombres de 28, 46, 53 y 59 a\u00f1os pertenecientes al circuito 1 del Centro de Alojamiento Juan Pablo II, que presentan s\u00edntomas leves; y dos personal de salud, sin fiebre, de los cuales uno pertenece al Hospital Interdistrital Evita, que presenta dolor de garganta y muscular, y el otro perteneciente al Hospital Distrital N\u00ba 8, que presenta tos y dificultad respiratoria. A los 6 pacientes se les tomaron las muestras respectivas y se esperan resultados para las pr\u00f3ximas 24 horas.<\/p>\n<p style=\"text-align: justify;\">Hasta la fecha, se diagnosticaron 43 casos positivos a coronavirus: 3 mujeres y 40 varones. La totalidad de estos pacientes contin\u00faan internados en el Hospital Interdistrital de Contingencia COVID-19, encontr\u00e1ndose en buen estado general. De ellos, 36 evolucionan sin s\u00edntomas a la fecha, seis evolucionan con s\u00edntomas leves y un paciente presenta s\u00edntomas moderados, evolucionando favorablemente.<\/p>\n<p style=\"text-align: justify;\">Asimismo, en las \u00faltimas 24 horas fueron realizados 152 test. Con los an\u00e1lisis de b\u00fasqueda activa y los relativos a la estrategia de control, contenci\u00f3n y bloqueo, totalizan a la fecha 2.302 los test realizados en la provincia, con una positividad de 1,82%.<\/p>\n<p style=\"text-align: justify;\">\nControles en la v\u00eda p\u00fablica<\/p>\n<p style=\"text-align: justify;\">Fueron controladas 11.310 personas en la v\u00eda p\u00fablica en el marco de la tarea preventiva que lleva adelante la Polic\u00eda en toda la Provincia. Fueron judicializadas 327personas por incumplir las restricciones de circulaci\u00f3n, inici\u00e1ndose las causas penales correspondientes. Se controlaron 5.713veh\u00edculos y se secuestraron 52de ellos y una embarcaci\u00f3n. A partir del control de circulaci\u00f3n restringida por terminaci\u00f3n de patente, se han secuestrado en el d\u00eda de ayer 27autom\u00f3viles y 21motocicletas.Asimismo, fueron notificadas 255personas por no usar el barbijo en la v\u00eda p\u00fablica.<\/p>\n<p style=\"text-align: justify;\">Fiscalizaci\u00f3n de comercios<\/p>\n<p style=\"text-align: justify;\">La Subsecretar\u00eda de Defensa al Consumidor y Usuario detall\u00f3 que en la semana fueron fiscalizados 60 comercios en el interior provincial y la ciudad capital, con 79 actas de infracci\u00f3n, secuestro de 3.800 kgs de alimentos no aptos para el consumo, y clausura preventiva de tres locales. En relaci\u00f3n a los controles bromatol\u00f3gicos realizados ayer por la Municipalidad de la ciudad de Formosa se inspeccionaron cinco comercios, labr\u00e1ndose cuatro actas de infracci\u00f3n, y clausura de 16locales por venta de bebidas alcoh\u00f3licas y atenci\u00f3n fuera del horario habilitado.<\/p>\n<p style=\"text-align: justify;\">\nDengue<\/p>\n<p style=\"text-align: justify;\">Este lunes continuar\u00e1 la fumigaci\u00f3n espacial contra el dengue en localidades del interior provincial y capital. A su vez, el trabajo de prevenci\u00f3n, control domiciliario y fumigaci\u00f3n se realizar\u00e1 en los barrios 25 de Mayo, Bols\u00f3n Grande, Km. 1, 2 y 3 de Clorinda, centro de Piran\u00e9 y Stella Maris, Inmigrantes, Las Orqu\u00eddeas, Mariano Moreno y Don Bosco de la ciudad capital. El trabajo de descacharrizado en conjunto entre el Ministerio de Desarrollo Humano y Vialidad Provincial se llevar\u00e1 a cabo en el barrio Stella Maris.<\/p>\n<p style=\"text-align: justify;\">\u201cComprovincianos, hoy es un d\u00eda especial, que todos los hijos esperamos durante el a\u00f1o. El D\u00eda del Padre es un momento de encuentro siempre, ya sea f\u00edsico, como tambi\u00e9n espiritual. En esta ocasi\u00f3n, en la que vivimos momentos singulares, el amor que se expresa habitualmente a trav\u00e9s de abrazos y besos que damos o recibimos como padres, deber\u00e1 manifestarse, en muchos casos, a trav\u00e9s de la sana distancia que nos permita cuidar la salud y la vida de las personas que m\u00e1s amamos. Esta circunstancia, lejos de amedrentarnos, nos deben fortalecer, pues m\u00e1s all\u00e1 de la forma en que lo exterioricemos, el amor siempre es cuidar al otro, y es tambi\u00e9n la principal fortaleza que tenemos para enfrentar, como individuos y comunidad, a esta pandemia. No bajemos los brazos. M\u00e1s unidos que nunca. M\u00e1s firmes que nunca.En Formosa, no se rinde nadie\u201d, concluy\u00f3 el parte N\u00b0 100 del Consejo de Atenci\u00f3n Integral de la Emergencia COVID-19.<\/p>\n","protected":false},"excerpt":{"rendered":"<div class=\"mh-excerpt\"><p>Ascienden a la fecha 43 casos diagnosticados con COVID-19. Tres mujeres y 39 hombres Dos nuevos casos de coronavirus se confirmaron este domingo en Formosa, <a class=\"mh-excerpt-more\" href=\"https:\/\/primiciasclorinda.com\/?p=19698\" title=\"Formosa registra dos nuevos casos de coronavirus y seis personas se encuentran en estudio\">[&#8230;]<\/a><\/p>\n<\/div>","protected":false},"author":3,"featured_media":19699,"comment_status":"open","ping_status":"open","sticky":false,"template":"","format":"standard","meta":{"footnotes":""},"categories":[4,3],"tags":[2870,3023,23],"class_list":["post-19698","post","type-post","status-publish","format-standard","has-post-thumbnail","hentry","category-informacion-general","category-politica-economia","tag-coronavirus","tag-covid19","tag-formosa"],"_links":{"self":[{"href":"https:\/\/primiciasclorinda.com\/index.php?rest_route=\/wp\/v2\/posts\/19698","targetHints":{"allow":["GET"]}}],"collection":[{"href":"https:\/\/primiciasclorinda.com\/index.php?rest_route=\/wp\/v2\/posts"}],"about":[{"href":"https:\/\/primiciasclorinda.com\/index.php?rest_route=\/wp\/v2\/types\/post"}],"author":[{"embeddable":true,"href":"https:\/\/primiciasclorinda.com\/index.php?rest_route=\/wp\/v2\/users\/3"}],"replies":[{"embeddable":true,"href":"https:\/\/primiciasclorinda.com\/index.php?rest_route=%2Fwp%2Fv2%2Fcomments&post=19698"}],"version-history":[{"count":1,"href":"https:\/\/primiciasclorinda.com\/index.php?rest_route=\/wp\/v2\/posts\/19698\/revisions"}],"predecessor-version":[{"id":19700,"href":"https:\/\/primiciasclorinda.com\/index.php?rest_route=\/wp\/v2\/posts\/19698\/revisions\/19700"}],"wp:featuredmedia":[{"embeddable":true,"href":"https:\/\/primiciasclorinda.com\/index.php?rest_route=\/wp\/v2\/media\/19699"}],"wp:attachment":[{"href":"https:\/\/primiciasclorinda.com\/index.php?rest_route=%2Fwp%2Fv2%2Fmedia&parent=19698"}],"wp:term":[{"taxonomy":"category","embeddable":true,"href":"https:\/\/primiciasclorinda.com\/index.php?rest_route=%2Fwp%2Fv2%2Fcategories&post=19698"},{"taxonomy":"post_tag","embeddable":true,"href":"https:\/\/primiciasclorinda.com\/index.php?rest_route=%2Fwp%2Fv2%2Ftags&post=19698"}],"curies":[{"name":"wp","href":"https:\/\/api.w.org\/{rel}","templated":true}]}}