{"id":1958,"date":"2016-04-22T20:05:01","date_gmt":"2016-04-22T20:05:01","guid":{"rendered":"http:\/\/primiciasclorinda.com\/?p=1958"},"modified":"2016-04-24T15:11:03","modified_gmt":"2016-04-24T15:11:03","slug":"el-presidente-macri-visito-clorinda-y-anuncio-obras-para-la-ciudad","status":"publish","type":"post","link":"https:\/\/primiciasclorinda.com\/?p=1958","title":{"rendered":"El presidente Macri visit\u00f3 Clorinda y anunci\u00f3 obras para la ciudad"},"content":{"rendered":"<figure id=\"attachment_1960\" aria-describedby=\"caption-attachment-1960\" style=\"width: 768px\" class=\"wp-caption alignnone\"><img loading=\"lazy\" decoding=\"async\" class=\"size-full wp-image-1960\" src=\"http:\/\/primiciasclorinda.com\/wp-content\/uploads\/2016\/04\/macri-en-clorinda-1.jpg\" alt=\"El presidente, Mauricio Macri acompa\u00f1ado por el gobernador de la provincia, Gildo Insfr\u00e1n.\" width=\"768\" height=\"468\" srcset=\"https:\/\/primiciasclorinda.com\/wp-content\/uploads\/2016\/04\/macri-en-clorinda-1.jpg 768w, https:\/\/primiciasclorinda.com\/wp-content\/uploads\/2016\/04\/macri-en-clorinda-1-300x183.jpg 300w\" sizes=\"auto, (max-width: 768px) 100vw, 768px\" \/><figcaption id=\"caption-attachment-1960\" class=\"wp-caption-text\">El presidente, Mauricio Macri acompa\u00f1ado por el gobernador de la provincia, Gildo Insfr\u00e1n.<\/figcaption><\/figure>\n<p style=\"text-align: justify;\">El presidente Mauricio Macri visit\u00f3 la ciudad de Clorinda, un hecho hist\u00f3rico, la \u00faltima visita de un Presidente de la Rep\u00fablica hab\u00eda sido en tiempos de\u00a0Carlos Menem, fue en la ocasi\u00f3n que anunci\u00f3 la zona franca, algo que nunca pas\u00f3. En un acto realizado en la planta potabilizadora, comparti\u00f3 atril con el gobernador Gildo Insfr\u00e1n. Macri anunci\u00f3 la construcci\u00f3n de la nueva planta para Clorinda con fecha de inicio y de cierre de obra. Le pidi\u00f3 a Insfr\u00e1n \u00abcontrolar juntos que las empresas comiencen y terminen las obras\u00bb.\u00a0<!--more--><\/p>\n<p style=\"text-align: justify;\">El periplo de Mauricio Macri hasta Clorinda fue de la manera m\u00e1s directa que se pueda hacer, aterriz\u00f3 en Formosa y luego viaj\u00f3 en Helic\u00f3ptero hasta la segunda ciudad. Antes de aterrizar en Clorinda sobrevol\u00f3 las zonas que todav\u00eda hoy est\u00e1n inundadas.<\/p>\n<p style=\"text-align: justify;\">La palabra la tuvo primero el anfitrion provincial, Gildo Insfr\u00e1n quien hizo un recorrido sobre las obras que ha hecho la Provincia en los \u00faltimos a\u00f1os.<\/p>\n<p style=\"text-align: justify;\">Luego fue el turno del Presidente quien primero agradeci\u00f3 a la gente por la bienvenida que se le brind\u00f3, para r\u00e1pidamente hablarle a la gente sobre el cambio de Gobierno. \u00abUstedes han sido olvidados por mucho tiempo, el gobierno anterior hizo como si ustedes fueran invisibles, esto no va a pasar m\u00e1s\u00bb, \u00a0expres\u00f3 el mandatario.<\/p>\n<figure id=\"attachment_1962\" aria-describedby=\"caption-attachment-1962\" style=\"width: 700px\" class=\"wp-caption alignnone\"><img loading=\"lazy\" decoding=\"async\" class=\"size-full wp-image-1962\" src=\"http:\/\/primiciasclorinda.com\/wp-content\/uploads\/2016\/04\/macri-en-clorinda-3.jpg\" alt=\"Una multitud recibi\u00f3 al Presidente en Clorinda. \" width=\"700\" height=\"466\" srcset=\"https:\/\/primiciasclorinda.com\/wp-content\/uploads\/2016\/04\/macri-en-clorinda-3.jpg 700w, https:\/\/primiciasclorinda.com\/wp-content\/uploads\/2016\/04\/macri-en-clorinda-3-300x200.jpg 300w\" sizes=\"auto, (max-width: 700px) 100vw, 700px\" \/><figcaption id=\"caption-attachment-1962\" class=\"wp-caption-text\">Una multitud recibi\u00f3 al Presidente en Clorinda.<\/figcaption><\/figure>\n<p style=\"text-align: justify;\">Luego el Presidente anunci\u00f3 la creaci\u00f3n de la nueva planta de agua potabilizada para Clorinda, le puso fecha de inicio, julio de este a\u00f1o y explic\u00f3 que en dos a\u00f1os la obra tiene que estar terminada. Cuando habl\u00f3 de las obras, dijo \u00ablas vamos a controlar juntos, haciendo referencia a Insfr\u00e1n, para que las empresas comiencen y terminen las obras\u00bb. Un gui\u00f1o para el sector m\u00e1s f\u00e9rreo del Macrismo, y dando a entender que las obras no se paguen y no se hagan, como ha pasado con las obras de L\u00e1zaro B\u00e1ez en la provincia.<\/p>\n<p style=\"text-align: justify;\">Mauricio Macri tambi\u00e9n valor\u00f3 el mensaje\u00a0de una mujer de clorinda v\u00eda Facebook en \u00e9poca de campa\u00f1a el a\u00f1o pasado. \u00c9l cont\u00f3 que la llam\u00f3 y que habl\u00f3 con ella, y que esta mujer, se trata de Mar\u00eda Yong, le explic\u00f3 lo mal que estaba la provincia y la ciudad, que ellos se sent\u00edan olvidados por el gobierno nacional. Fue cuando Macri areng\u00f3 al p\u00fablico gritando \u00abarriba Clorinda, arriba Formosa\u00bb, culminando con el a esta altura famoso \u00abs\u00ed se puede\u00bb.<\/p>\n<p style=\"text-align: justify;\">Luego del acto, Mauricio Macri se dirigi\u00f3 a la casa de Mar\u00eda Young donde se dispusieron a charlar sobre los temas que al entender de la mujer hay que prestarle m\u00e1s atenci\u00f3n en la provincia y la ciudad. En la charla Mar\u00eda le pidi\u00f3 a Macri por m\u00e1s seguridad, mejor salud y por la falta de agua en la mayor\u00eda de los barrios de la ciudad.<\/p>\n<p style=\"text-align: justify;\">Luego de la charla con Mar\u00eda y con su familia, Macri habl\u00f3 con Ernesto Veragua de <strong><em>Primicias Clorinda<\/em> <\/strong>para responder algunas preguntas, salud\u00f3 a los vecinos que se sacaron fotos con \u00e9l y se despidi\u00f3.<\/p>\n<figure id=\"attachment_1961\" aria-describedby=\"caption-attachment-1961\" style=\"width: 1280px\" class=\"wp-caption alignnone\"><img loading=\"lazy\" decoding=\"async\" class=\"size-full wp-image-1961\" src=\"http:\/\/primiciasclorinda.com\/wp-content\/uploads\/2016\/04\/flia-y-macri.jpg\" alt=\"Mauricio Macri comparti\u00f3 una charla con Mar\u00eda Young y su familia. \" width=\"1280\" height=\"720\" srcset=\"https:\/\/primiciasclorinda.com\/wp-content\/uploads\/2016\/04\/flia-y-macri.jpg 1280w, https:\/\/primiciasclorinda.com\/wp-content\/uploads\/2016\/04\/flia-y-macri-300x169.jpg 300w, https:\/\/primiciasclorinda.com\/wp-content\/uploads\/2016\/04\/flia-y-macri-768x432.jpg 768w, https:\/\/primiciasclorinda.com\/wp-content\/uploads\/2016\/04\/flia-y-macri-1024x576.jpg 1024w\" sizes=\"auto, (max-width: 1280px) 100vw, 1280px\" \/><figcaption id=\"caption-attachment-1961\" class=\"wp-caption-text\">Mauricio Macri comparti\u00f3 una charla con Mar\u00eda Young y su familia.<\/figcaption><\/figure>\n<p style=\"text-align: justify;\">\n","protected":false},"excerpt":{"rendered":"<div class=\"mh-excerpt\"><p>El presidente Mauricio Macri visit\u00f3 la ciudad de Clorinda, un hecho hist\u00f3rico, la \u00faltima visita de un Presidente de la Rep\u00fablica hab\u00eda sido en tiempos <a class=\"mh-excerpt-more\" href=\"https:\/\/primiciasclorinda.com\/?p=1958\" title=\"El presidente Macri visit\u00f3 Clorinda y anunci\u00f3 obras para la ciudad\">[&#8230;]<\/a><\/p>\n<\/div>","protected":false},"author":3,"featured_media":0,"comment_status":"open","ping_status":"open","sticky":false,"template":"","format":"standard","meta":{"footnotes":""},"categories":[4,3],"tags":[26,23,18,13],"class_list":["post-1958","post","type-post","status-publish","format-standard","hentry","category-informacion-general","category-politica-economia","tag-clorinda","tag-formosa","tag-gildo-insfran","tag-mauricio-macri"],"_links":{"self":[{"href":"https:\/\/primiciasclorinda.com\/index.php?rest_route=\/wp\/v2\/posts\/1958","targetHints":{"allow":["GET"]}}],"collection":[{"href":"https:\/\/primiciasclorinda.com\/index.php?rest_route=\/wp\/v2\/posts"}],"about":[{"href":"https:\/\/primiciasclorinda.com\/index.php?rest_route=\/wp\/v2\/types\/post"}],"author":[{"embeddable":true,"href":"https:\/\/primiciasclorinda.com\/index.php?rest_route=\/wp\/v2\/users\/3"}],"replies":[{"embeddable":true,"href":"https:\/\/primiciasclorinda.com\/index.php?rest_route=%2Fwp%2Fv2%2Fcomments&post=1958"}],"version-history":[{"count":4,"href":"https:\/\/primiciasclorinda.com\/index.php?rest_route=\/wp\/v2\/posts\/1958\/revisions"}],"predecessor-version":[{"id":1965,"href":"https:\/\/primiciasclorinda.com\/index.php?rest_route=\/wp\/v2\/posts\/1958\/revisions\/1965"}],"wp:attachment":[{"href":"https:\/\/primiciasclorinda.com\/index.php?rest_route=%2Fwp%2Fv2%2Fmedia&parent=1958"}],"wp:term":[{"taxonomy":"category","embeddable":true,"href":"https:\/\/primiciasclorinda.com\/index.php?rest_route=%2Fwp%2Fv2%2Fcategories&post=1958"},{"taxonomy":"post_tag","embeddable":true,"href":"https:\/\/primiciasclorinda.com\/index.php?rest_route=%2Fwp%2Fv2%2Ftags&post=1958"}],"curies":[{"name":"wp","href":"https:\/\/api.w.org\/{rel}","templated":true}]}}