{"id":19389,"date":"2020-06-01T22:10:38","date_gmt":"2020-06-02T01:10:38","guid":{"rendered":"http:\/\/primiciasclorinda.com\/?p=19389"},"modified":"2020-06-01T22:21:19","modified_gmt":"2020-06-02T01:21:19","slug":"sesion-virtual-mixta-el-hcd-volvio-a-sesionar","status":"publish","type":"post","link":"https:\/\/primiciasclorinda.com\/?p=19389","title":{"rendered":"Sesi\u00f3n virtual mixta: el HCD volvi\u00f3 a sesionar"},"content":{"rendered":"<p style=\"text-align: justify;\">En la noche de lunes los concejales de la ciudad de Clorinda formaron parte de lo que fue la sesi\u00f3n mixta, la hist\u00f3rica sesi\u00f3n fue de manera virtual y presencial en el recinto, estuvo presidido por el concejal, Ariel Caniza, desde la sede el Concejo Deliberante de Clorinda, acompa\u00f1ado por los concejales, Nicol\u00e1s \u00c1ngel Cabral e Isaac Villamayor, en tanto en resto de los concejales, desde sus hogares.<\/p>\n<p style=\"text-align: justify;\">Al iniciarse el concejal Isaac Villamayor pidi\u00f3 que el expediente remitido por el ejecutivo de Clorinda sobre el proyecto de ordenanza referente a la adhesi\u00f3n a la Ley provincial 1686\/2020, que habla sobre pr\u00f3rroga de la emergencia p\u00fablica provincial hasta el 31 de Diciembre del presente a\u00f1o, siendo aprobado por ocho votos contra uno.<\/p>\n<p style=\"text-align: justify;\">A continuaci\u00f3n se dio lectura por secretaria de a los mensajes del departamento ejecutivo, cuyos expedientes fueron remitidos a cada comisi\u00f3n correspondiente para su tratamiento, una vez tratado en plena sesi\u00f3n ordinaria, entre lo que se destaca, r\u00e9gimen de facilidad de pago; donaci\u00f3n de terreno por parte de la Cooperativa Clorinda, rendiciones de cuenta, implementar en el \u00e1mbito municipal la constituci\u00f3n del domicilio electr\u00f3nico como medio valido y eficaz para practicar digitalmente notificaciones , como as\u00ed tambi\u00e9n , ordenar un r\u00e9gimen especial extraordinario para la regularizaci\u00f3n de deudas municipales referidas a la inscripci\u00f3n vehicular, derechos de construcci\u00f3n , y a multas proveniente de tr\u00e1nsito.<\/p>\n<p style=\"text-align: justify;\">Y finalmente, se trat\u00f3 los proyectos presentados por los diferentes concejales, destac\u00e1ndose los proyectos que se referencia a suspensi\u00f3n temporal de las actividades legislativas del cuerpo en el marco del aislamiento social, preventivo y obligatorio, dispuesto por el Ejecutivo Nacional; como tambi\u00e9n la adhesi\u00f3n a la emergencia p\u00fablica y controles de precios de los comercios de Clorinda.<\/p>\n<p style=\"text-align: justify;\">Como detalle y antes de cerrar esta sesi\u00f3n, el Presidente del bloque Frente de la Victoria, Dr. Nicol\u00e1s Cabral solicit\u00f3 la palabra para resaltar la labor de aquellos que est\u00e1n trabajando para cuidarnos a todos los argentinos, formose\u00f1os y clorindenses con la cuesti\u00f3n de la pandemia del COVID-19, as\u00ed mismo resalto el apoyo del ciudadano que est\u00e1 respetando las normativas vigentes del aislamiento que est\u00e1 permitiendo que el gobierno provincial y los municipios puedan sostener a Formosa como una de las provincias sin presencia de casos de coronavirus, a sus expresiones se sumaron dem\u00e1s concejales.<\/p>\n","protected":false},"excerpt":{"rendered":"<div class=\"mh-excerpt\"><p>En la noche de lunes los concejales de la ciudad de Clorinda formaron parte de lo que fue la sesi\u00f3n mixta, la hist\u00f3rica sesi\u00f3n fue <a class=\"mh-excerpt-more\" href=\"https:\/\/primiciasclorinda.com\/?p=19389\" title=\"Sesi\u00f3n virtual mixta: el HCD volvi\u00f3 a sesionar\">[&#8230;]<\/a><\/p>\n<\/div>","protected":false},"author":3,"featured_media":19390,"comment_status":"open","ping_status":"open","sticky":false,"template":"","format":"standard","meta":{"footnotes":""},"categories":[3],"tags":[26,331,319],"class_list":["post-19389","post","type-post","status-publish","format-standard","has-post-thumbnail","hentry","category-politica-economia","tag-clorinda","tag-concejo-deliberante","tag-hcd"],"_links":{"self":[{"href":"https:\/\/primiciasclorinda.com\/index.php?rest_route=\/wp\/v2\/posts\/19389","targetHints":{"allow":["GET"]}}],"collection":[{"href":"https:\/\/primiciasclorinda.com\/index.php?rest_route=\/wp\/v2\/posts"}],"about":[{"href":"https:\/\/primiciasclorinda.com\/index.php?rest_route=\/wp\/v2\/types\/post"}],"author":[{"embeddable":true,"href":"https:\/\/primiciasclorinda.com\/index.php?rest_route=\/wp\/v2\/users\/3"}],"replies":[{"embeddable":true,"href":"https:\/\/primiciasclorinda.com\/index.php?rest_route=%2Fwp%2Fv2%2Fcomments&post=19389"}],"version-history":[{"count":2,"href":"https:\/\/primiciasclorinda.com\/index.php?rest_route=\/wp\/v2\/posts\/19389\/revisions"}],"predecessor-version":[{"id":19392,"href":"https:\/\/primiciasclorinda.com\/index.php?rest_route=\/wp\/v2\/posts\/19389\/revisions\/19392"}],"wp:featuredmedia":[{"embeddable":true,"href":"https:\/\/primiciasclorinda.com\/index.php?rest_route=\/wp\/v2\/media\/19390"}],"wp:attachment":[{"href":"https:\/\/primiciasclorinda.com\/index.php?rest_route=%2Fwp%2Fv2%2Fmedia&parent=19389"}],"wp:term":[{"taxonomy":"category","embeddable":true,"href":"https:\/\/primiciasclorinda.com\/index.php?rest_route=%2Fwp%2Fv2%2Fcategories&post=19389"},{"taxonomy":"post_tag","embeddable":true,"href":"https:\/\/primiciasclorinda.com\/index.php?rest_route=%2Fwp%2Fv2%2Ftags&post=19389"}],"curies":[{"name":"wp","href":"https:\/\/api.w.org\/{rel}","templated":true}]}}