{"id":19368,"date":"2020-05-31T19:58:24","date_gmt":"2020-05-31T22:58:24","guid":{"rendered":"http:\/\/primiciasclorinda.com\/?p=19368"},"modified":"2020-05-31T19:58:24","modified_gmt":"2020-05-31T22:58:24","slug":"coronavirus-en-argentina-se-confirmaron-637-casos-nuevos-y-11-muertes-en-las-ultimas-24-horas","status":"publish","type":"post","link":"https:\/\/primiciasclorinda.com\/?p=19368","title":{"rendered":"Coronavirus en Argentina: se confirmaron 637 casos nuevos y 11 muertes en las \u00faltimas 24 horas"},"content":{"rendered":"<p style=\"text-align: justify;\">Seg\u00fan inform\u00f3 este domingo el Ministerio de Salud la cantidad total de infectados lleg\u00f3 a 16.851 , mientras que el n\u00famero de muertes por Covid-19 ascendi\u00f3 a 539.<\/p>\n<p>El Ministerio de Salud de la Naci\u00f3n inform\u00f3 este domingo que durante las \u00faltimas 24 horas se registraron 11 muertes y 637 nuevos casos positivos por coronavirus. Con estos datos, el total de infectados en todo el pa\u00eds ascendi\u00f3 a 16.851 y las v\u00edctimas fatales llegaron a 539.<\/p>\n<p style=\"text-align: justify;\">Del total de esos casos, 970 (5,8%) son importados, 7.308 (43,4%) son contactos estrechos de casos confirmados, 5.975 (35,5%) son casos de circulaci\u00f3n comunitaria y el resto se encuentra en investigaci\u00f3n epidemiol\u00f3gica.<\/p>\n<p style=\"text-align: justify;\">Desde el \u00faltimo reporte emitido en la ma\u00f1ana, se registraron 9 nuevas muertes. Cinco hombres, cuatro de 62, 47, 91 y 57 a\u00f1os, residentes en la provincia de Buenos Aires; uno de 86 a\u00f1os, residente en la Ciudad de Buenos Aires (CABA); y cuatro mujeres, dos de 93 y 68 a\u00f1os, residentes en la Ciudad de Buenos Aires (CABA); y dos de 67 y 85 a\u00f1os, residentes en la provincia de Buenos Aires. Esta ma\u00f1ana se registraron dos muertes. Dos mujeres, de 72 y 47 a\u00f1os, residentes en la Ciudad de Buenos Aires (CABA).<\/p>\n<p style=\"text-align: justify;\">Del total de contagios de este domingo, 358 pertenecen a la Ciudad Aut\u00f3noma de Buenos Aires, 254 a la provincia de Buenos Aires, 13 a Chaco, 4 a R\u00edo Negro, 3 a Neuqu\u00e9n, 2 a C\u00f3rdoba, 1 a Corrientes, 1 a Misiones y 1 a Santa Cruz.<\/p>\n<p style=\"text-align: justify;\">A la fecha, el total de altas es de 5.336 personas. Ayer fueron realizadas 4.663 nuevas muestras y desde el inicio del brote se realizaron 160.070 pruebas diagn\u00f3sticas para esta enfermedad, lo que equivale a 3.527,6 muestras por mill\u00f3n de habitantes. El n\u00famero de casos descartados hasta el momento es de 117.034.<\/p>\n<p style=\"text-align: justify;\">Las principales franjas etarias afectadas de los casos registrados corresponden a personas de entre 20 y 59 a\u00f1os, siendo la edad promedio de 37 a\u00f1os.<\/p>\n<p style=\"text-align: justify;\">Este domingo el ministro de Salud bonaerense, Daniel Goll\u00e1n, cuestion\u00f3 las movilizaciones anti cuarentena, y asegur\u00f3 que si el Gobierno tomara la decisi\u00f3n de levantar el aislamiento obligatorio los contagios desbordar\u00edan el sistema sanitario como ocurri\u00f3 en Nueva York, en Estados Unidos, o algunos pa\u00edses de Europa.<\/p>\n<p style=\"text-align: justify;\">\u201cSi se levanta la cuarentena, en quince o veinte d\u00edas, empezamos a ver las im\u00e1genes de Nueva York, Manaos o Italia y Espa\u00f1a, con cad\u00e1veres apil\u00e1ndose en c\u00e1maras frigor\u00edficas, en las calles o en los geri\u00e1tricos\u201d, pronostic\u00f3.<\/p>\n<p style=\"text-align: justify;\">En declaraciones radiales, el funcionario de Axel Kicillof advirti\u00f3 que \u201csi no se detiene la tasa de crecimiento de los contagios, ning\u00fan sistema de salud por m\u00e1s preparado que est\u00e9 va a poder soportar el pico\u201d. En esa l\u00ednea, agreg\u00f3 que \u201csi los contagios se distribuyeran a lo largo del a\u00f1o, el sistema aguantar\u00eda; pero cuando pasa en uno o dos meses, se ven las im\u00e1genes que ya conocemos\u201d.<\/p>\n<p style=\"text-align: justify;\">En tanto, Gollan critic\u00f3 duramente las protestas que se registraron en varias ciudades en contra del confinamiento obligatorio y dijo fueron \u201cmanipuladas pol\u00edticamente\u201d. \u201cSi pasa esto (el colapso del sistema de salud), la misma gente que estuvo en estas marchas va a decir por qu\u00e9 se abri\u00f3 todo\u201d, opin\u00f3.<\/p>\n<p style=\"text-align: justify;\">En tanto, este fin de semana un geri\u00e1trico del barrio porte\u00f1o de San Crist\u00f3bal se convirti\u00f3 en un nuevo escenario de contagio distribuido entre sus residentes. Se detectaron al menos 12 casos positivos y todav\u00eda se encuentran a la espera de m\u00e1s casos para conocer el panorama completo de la situaci\u00f3n.<\/p>\n<p style=\"text-align: justify;\">Se trata de la residencia para personas mayores \u201cSan Francisco de As\u00eds\u201d, ubicada en la calle Carlos Calvo al 2900. Hasta el momento, hay una docena de casos positivos, cinco descartados y faltan los resultados de otras cuatro personas que se sometieron al test.<\/p>\n<p style=\"text-align: justify;\">Fuente: Infobae.com<\/p>\n","protected":false},"excerpt":{"rendered":"<div class=\"mh-excerpt\"><p>Seg\u00fan inform\u00f3 este domingo el Ministerio de Salud la cantidad total de infectados lleg\u00f3 a 16.851 , mientras que el n\u00famero de muertes por Covid-19 <a class=\"mh-excerpt-more\" href=\"https:\/\/primiciasclorinda.com\/?p=19368\" title=\"Coronavirus en Argentina: se confirmaron 637 casos nuevos y 11 muertes en las \u00faltimas 24 horas\">[&#8230;]<\/a><\/p>\n<\/div>","protected":false},"author":3,"featured_media":19315,"comment_status":"open","ping_status":"open","sticky":false,"template":"","format":"standard","meta":{"footnotes":""},"categories":[4,3],"tags":[173,3037],"class_list":["post-19368","post","type-post","status-publish","format-standard","has-post-thumbnail","hentry","category-informacion-general","category-politica-economia","tag-argentina","tag-casos-de-coronavirus"],"_links":{"self":[{"href":"https:\/\/primiciasclorinda.com\/index.php?rest_route=\/wp\/v2\/posts\/19368","targetHints":{"allow":["GET"]}}],"collection":[{"href":"https:\/\/primiciasclorinda.com\/index.php?rest_route=\/wp\/v2\/posts"}],"about":[{"href":"https:\/\/primiciasclorinda.com\/index.php?rest_route=\/wp\/v2\/types\/post"}],"author":[{"embeddable":true,"href":"https:\/\/primiciasclorinda.com\/index.php?rest_route=\/wp\/v2\/users\/3"}],"replies":[{"embeddable":true,"href":"https:\/\/primiciasclorinda.com\/index.php?rest_route=%2Fwp%2Fv2%2Fcomments&post=19368"}],"version-history":[{"count":1,"href":"https:\/\/primiciasclorinda.com\/index.php?rest_route=\/wp\/v2\/posts\/19368\/revisions"}],"predecessor-version":[{"id":19369,"href":"https:\/\/primiciasclorinda.com\/index.php?rest_route=\/wp\/v2\/posts\/19368\/revisions\/19369"}],"wp:featuredmedia":[{"embeddable":true,"href":"https:\/\/primiciasclorinda.com\/index.php?rest_route=\/wp\/v2\/media\/19315"}],"wp:attachment":[{"href":"https:\/\/primiciasclorinda.com\/index.php?rest_route=%2Fwp%2Fv2%2Fmedia&parent=19368"}],"wp:term":[{"taxonomy":"category","embeddable":true,"href":"https:\/\/primiciasclorinda.com\/index.php?rest_route=%2Fwp%2Fv2%2Fcategories&post=19368"},{"taxonomy":"post_tag","embeddable":true,"href":"https:\/\/primiciasclorinda.com\/index.php?rest_route=%2Fwp%2Fv2%2Ftags&post=19368"}],"curies":[{"name":"wp","href":"https:\/\/api.w.org\/{rel}","templated":true}]}}