{"id":19335,"date":"2020-05-28T20:48:20","date_gmt":"2020-05-28T23:48:20","guid":{"rendered":"http:\/\/primiciasclorinda.com\/?p=19335"},"modified":"2020-05-28T20:48:20","modified_gmt":"2020-05-28T23:48:20","slug":"coronavirus-ascienden-a-508-las-muertes-y-hay-14-702-los-casos-confirmados-en-el-pais","status":"publish","type":"post","link":"https:\/\/primiciasclorinda.com\/?p=19335","title":{"rendered":"Coronavirus: ascienden a 508 las muertes y hay 14.702 los casos confirmados en el pa\u00eds"},"content":{"rendered":"<p style=\"text-align: justify;\">En tanto, en las \u00faltimas 24 horas ocho personas murieron y 769 fueron diagnosticadas de forma positiva Argentina.<\/p>\n<p style=\"text-align: justify;\">Ocho personas murieron y 769 fueron diagnosticadas con coronavirus en las \u00faltimas 24 horas en Argentina, con lo que suman 508 los fallecidos y 14.702 los infectados desde el inicio del brote, mientras el presidente Alberto Fern\u00e1ndez expres\u00f3 que el gobierno ya est\u00e1 \u00abtrabajando en la post pandemia para poner en marcha la econom\u00eda\u00bb.<\/p>\n<p style=\"text-align: justify;\">El Ministerio de Salud de la Naci\u00f3n inform\u00f3 en su reporte vespertino que murieron cinco hombres, dos residentes en la Ciudad de Buenos Aires de 91 y 90 a\u00f1os; dos en la provincia de Buenos Aires de 71 y 34; uno de 87 en la provincia de Chaco; y dos mujeres, una de 78 a\u00f1os, en la provincia de Buenos Aires y otra de 44, en la Ciudad de Buenos Aires.<\/p>\n<p style=\"text-align: justify;\">El parte matutino consign\u00f3 la muerte de una mujer de 79 a\u00f1os residente en la provincia de Buenos Aires.<\/p>\n<p style=\"text-align: justify;\">Del total de los casos, 967 (6,6%) son importados, 6.450 (43,9%) contactos estrechos de casos confirmados, 5.051 (34,4%) casos de circulaci\u00f3n comunitaria y el resto se encuentra en investigaci\u00f3n epidemiol\u00f3gica.<\/p>\n<p style=\"text-align: justify;\">Los diagnosticados con Covid-19 hoy se registraron en la provincia de Buenos Aires 299 casos, en la Ciudad de Buenos Aires 425, en Chaco 28, en Chubut 3, en Corrientes 1, en Entre R\u00edos 1, en Jujuy 1, en Misiones 2, en Neuqu\u00e9n 3 y en R\u00edo Negro 7.<\/p>\n<p style=\"text-align: justify;\">Durante una rueda de prensa en Formosa, el presidente Fern\u00e1ndez remarc\u00f3 la importancia de lograr \u00abuna mejor distribuci\u00f3n de la riqueza\u00bb y propuso \u00abdiscutir la coparticipaci\u00f3n federal\u00bb porque los efectos en la econom\u00eda del coronavirus a nivel mundial generan \u00abuna oportunidad para dise\u00f1ar un sistema m\u00e1s justo\u00bb.<\/p>\n<p style=\"text-align: justify;\">\u00abYa estamos trabajando en la post pandemia para ver c\u00f3mo ponemos en marcha la econom\u00eda\u00bb, dijo Fern\u00e1ndez, quien advirti\u00f3 que la situaci\u00f3n de aislamiento social y par\u00e1lisis econ\u00f3mica para frenar el contagio de Covid-19 es muy distinta en las diferentes regiones de Argentina.<\/p>\n<p style=\"text-align: justify;\">El jefe de Estado habl\u00f3 as\u00ed en Formosa, una provincia libre de coronavirus.<\/p>\n<p style=\"text-align: justify;\">Y asegur\u00f3: \u00abCuando hablamos de la cuarentena, solo lo hacemos pensando en la salud de la gente. Va a haber un d\u00eda despu\u00e9s de la pandemia y vamos a estar produciendo y poniendo de pie a la Argentina\u00bb.<\/p>\n<p style=\"text-align: justify;\">Por su parte, la secretaria de Acceso a la Salud, Carla Vizzotti, record\u00f3 que mientras \u00abla gran mayor\u00eda del pa\u00eds est\u00e1 en la fase de reapertura programada\u00bb el AMBA \u00abrequiere m\u00e1s atenci\u00f3n y acci\u00f3n\u00bb.<\/p>\n<p style=\"text-align: justify;\">\u00abLa situaci\u00f3n est\u00e1 estable, podemos ver en los \u00faltimos d\u00edas que el n\u00famero de casos se ha estabilizado. Eso es bueno\u00bb, dijo la funcionaria en referencia al espacio geogr\u00e1fico que comparten la Ciudad de Buenos Aires y los distritos del conurbano bonaerense.<\/p>\n<p style=\"text-align: justify;\">Seg\u00fan Vizzotti, la \u00abtendencia de estabilidad\u00bb se debe \u00abseguir analizando\u00bb, \u00abredoblar los esfuerzos para sostenerla y redoblar los esfuerzos para disminuirla\u00bb ya que se cuenta con la \u00abposibilidad de hacerlo\u00bb.<\/p>\n<p style=\"text-align: justify;\">A su vez, el gobernador Axel Kicillof analiz\u00f3 con el comit\u00e9 de expertos la situaci\u00f3n epidemiol\u00f3gica de la provincia de Buenos Aires, en especial en los barrios populares, y ratific\u00f3 que el nivel de contagios depende de \u00ablos cuidados\u00bb que se tomen y de \u00ablas medidas que los equipos de gobierno\u00bb adopten para \u00abevitar nuevos brotes\u201d.<\/p>\n<p style=\"text-align: justify;\">\u201cEl virus est\u00e1 circulando, hay que aprender a convivir con esa situaci\u00f3n y tenemos que comunicar que el nivel de contagios hoy depende de los cuidados que tomemos y de las medidas que los equipos de gobierno adoptemos para evitar nuevos brotes\u201d, resalt\u00f3 Kicillof durante el encuentro que encabez\u00f3 esta tarde en La Plata.<\/p>\n<p style=\"text-align: justify;\">En tanto, el jefe de Gabinete de la Ciudad de Buenos Aires, Felipe Miguel, asegur\u00f3 que la curva de contagios de coronavirus se podr\u00eda prolongar \u00abde seis a diez semanas\u00bb, aunque advirti\u00f3 que ese per\u00edodo \u00abno guarda relaci\u00f3n directa ni con la extensi\u00f3n ni con las caracter\u00edsticas de la cuarentena\u00bb.<\/p>\n<p style=\"text-align: justify;\">El funcionario porte\u00f1o hizo esta aclaraci\u00f3n luego de que manifestara a una radio que las proyecciones que maneja el Gobierno de la Ciudad sobre la evoluci\u00f3n de la pandemia indicaran que se \u00abpueden requerir de un aislamiento de entre seis y diez semanas\u00bb.<\/p>\n<p style=\"text-align: justify;\">En el plano global, la ONU advirti\u00f3 que la pandemia de coronavirus podr\u00eda empujar al hambre a 14 millones de personas en Am\u00e9rica latina este a\u00f1o, en momentos en que el virus se sigue diseminando en Brasil, M\u00e9xico, Bolivia, Chile, Ecuador y Per\u00fa as\u00ed como en Rusia, India y Corea del Sur, pa\u00edses que debieron volver a las restricciones tras haber abierto sus econom\u00edas.<\/p>\n<p style=\"text-align: justify;\">La advertencia del Programa Mundial de Alimentos (PMA) de la ONU subraya que se cuadruplicar\u00e1 la inseguridad alimentaria registrada en 2019 en el subcontinente por la destrucci\u00f3n de empleos y el desplome de las econom\u00edas.<\/p>\n<p style=\"text-align: justify;\">Brasil se consolida en el segundo lugar a nivel mundial en n\u00famero de contagios detr\u00e1s de Estados Unidos, mientras la curva no alcanza a\u00fan su punto de inflexi\u00f3n en Per\u00fa, Chile y M\u00e9xico.<\/p>\n<p style=\"text-align: justify;\">Chile report\u00f3 hoy 49 muertes por coronavirus en las \u00faltimas 24 horas, el mayor n\u00famero diario desde el inicio de la pandemia, que ya suma casi 87.000 contagios y 890 fallecimientos en total.<\/p>\n<p style=\"text-align: justify;\">El ministro de Salud, Jaime Ma\u00f1alich, inform\u00f3 en el Palacio de La Moneda que en la \u00faltima jornada se registraron 4.654 nuevos casos, para un total preciso de 86.943 contagios.<\/p>\n<p style=\"text-align: justify;\">El gobierno de Bolivia inform\u00f3 que en las \u00faltimas 24 horas registr\u00f3 la cifra r\u00e9cord de 632 nuevos casos de coronavirus, lo que eleva la cantidad total a 7.768, siendo ahora el principal motivo de preocupaci\u00f3n el departamento de Beni, en la frontera con Brasil.<\/p>\n<p style=\"text-align: justify;\">El presidente de M\u00e9xico, Andr\u00e9s L\u00f3pez Obrador, reiter\u00f3 hoy que en el pa\u00eds \u00abya se dom\u00f3\u00bb la pandemia por el nuevo coronavirus, pese a que las autoridades sanitarias notificaron anoche un nuevo r\u00e9cord diario de infecciones, con 3.463 nuevo casos, lo que eleva el total a m\u00e1s de 78.000 contagios.<\/p>\n<p style=\"text-align: justify;\">Sin embargo, M\u00e9xico es uno de los pa\u00edses m\u00e1s golpeados por la Covid-19 en Am\u00e9rica latina: es el segundo con m\u00e1s muertes, con 8.597 decesos, y el cuarto con m\u00e1s casos, con 78.023, seg\u00fan el \u00faltimo reporte oficial.<\/p>\n<p style=\"text-align: justify;\">En Francia, a la inversa, desde el martes pr\u00f3ximo se volver\u00e1 casi a la normalidad con la apertura de bares y restaurantes o la eliminaci\u00f3n del veto a los desplazamientos, luego de verificar una fuerte mejora en los \u00edndices de contagios y muertes por el nuevo coronavirus.<\/p>\n<p style=\"text-align: justify;\">\u00abLa libertad, finalmente, volver\u00e1 a ser la regla y la prohibici\u00f3n ser\u00e1 la excepci\u00f3n\u00bb, dijo el premier franc\u00e9s, Edouard Philippe, al presentar el plan de desconfinamiento del pa\u00eds tras la pandemia.<\/p>\n","protected":false},"excerpt":{"rendered":"<div class=\"mh-excerpt\"><p>En tanto, en las \u00faltimas 24 horas ocho personas murieron y 769 fueron diagnosticadas de forma positiva Argentina. Ocho personas murieron y 769 fueron diagnosticadas <a class=\"mh-excerpt-more\" href=\"https:\/\/primiciasclorinda.com\/?p=19335\" title=\"Coronavirus: ascienden a 508 las muertes y hay 14.702 los casos confirmados en el pa\u00eds\">[&#8230;]<\/a><\/p>\n<\/div>","protected":false},"author":3,"featured_media":19336,"comment_status":"open","ping_status":"open","sticky":false,"template":"","format":"standard","meta":{"footnotes":""},"categories":[3],"tags":[3148,2870],"class_list":["post-19335","post","type-post","status-publish","format-standard","has-post-thumbnail","hentry","category-politica-economia","tag-casos-en-la-argentina","tag-coronavirus"],"_links":{"self":[{"href":"https:\/\/primiciasclorinda.com\/index.php?rest_route=\/wp\/v2\/posts\/19335","targetHints":{"allow":["GET"]}}],"collection":[{"href":"https:\/\/primiciasclorinda.com\/index.php?rest_route=\/wp\/v2\/posts"}],"about":[{"href":"https:\/\/primiciasclorinda.com\/index.php?rest_route=\/wp\/v2\/types\/post"}],"author":[{"embeddable":true,"href":"https:\/\/primiciasclorinda.com\/index.php?rest_route=\/wp\/v2\/users\/3"}],"replies":[{"embeddable":true,"href":"https:\/\/primiciasclorinda.com\/index.php?rest_route=%2Fwp%2Fv2%2Fcomments&post=19335"}],"version-history":[{"count":1,"href":"https:\/\/primiciasclorinda.com\/index.php?rest_route=\/wp\/v2\/posts\/19335\/revisions"}],"predecessor-version":[{"id":19337,"href":"https:\/\/primiciasclorinda.com\/index.php?rest_route=\/wp\/v2\/posts\/19335\/revisions\/19337"}],"wp:featuredmedia":[{"embeddable":true,"href":"https:\/\/primiciasclorinda.com\/index.php?rest_route=\/wp\/v2\/media\/19336"}],"wp:attachment":[{"href":"https:\/\/primiciasclorinda.com\/index.php?rest_route=%2Fwp%2Fv2%2Fmedia&parent=19335"}],"wp:term":[{"taxonomy":"category","embeddable":true,"href":"https:\/\/primiciasclorinda.com\/index.php?rest_route=%2Fwp%2Fv2%2Fcategories&post=19335"},{"taxonomy":"post_tag","embeddable":true,"href":"https:\/\/primiciasclorinda.com\/index.php?rest_route=%2Fwp%2Fv2%2Ftags&post=19335"}],"curies":[{"name":"wp","href":"https:\/\/api.w.org\/{rel}","templated":true}]}}