{"id":19292,"date":"2020-05-26T21:54:56","date_gmt":"2020-05-27T00:54:56","guid":{"rendered":"http:\/\/primiciasclorinda.com\/?p=19292"},"modified":"2020-05-26T21:54:56","modified_gmt":"2020-05-27T00:54:56","slug":"suman-490-el-total-de-fallecidos-y-13-228-los-infectados-por-coronavirus-en-argentina","status":"publish","type":"post","link":"https:\/\/primiciasclorinda.com\/?p=19292","title":{"rendered":"Suman 490 el total de fallecidos y 13.228 los infectados por coronavirus en Argentina"},"content":{"rendered":"<p style=\"text-align: justify;\">Un total de 23 personas murieron y 600 fueron diagnosticadas con coronavirus en las \u00faltimas 24 horas en Argentina, con lo que suman 490 el total de fallecidos y 13.228 los infectados, inform\u00f3 hoy el Ministerio de Salud de la Naci\u00f3n.<\/p>\n<p style=\"text-align: justify;\">Otras 23 personas murieron y 600 fueron diagnosticadas con coronavirus en las \u00faltimas 24 horas en Argentina, con lo que suman 490 los fallecidos y 13.228 los infectados desde el inicio de la pandemia, inform\u00f3 el Ministerio de Salud de la Naci\u00f3n.<\/p>\n<p style=\"text-align: justify;\">La cartera sanitaria notific\u00f3 en su reporte vespertino que murieron once hombres, ocho residentes en la provincia de Buenos Aires -de 66, 80, 71, 55, 71, 80, 43 y 71 a\u00f1os-; dos de la Ciudad de Buenos Aires -de 84 y 39 a\u00f1os-; y otro 70 a\u00f1os que viv\u00eda en Chaco.<\/p>\n<p style=\"text-align: justify;\">Adem\u00e1s, murieron ocho mujeres, siete residentes en la provincia de Buenos Aires -de 68, 100, 49, 82, 78, 89 y 87 a\u00f1os y otra de 62 de la ciudad de Buenos Aires.<\/p>\n<p style=\"text-align: justify;\">El parte matutino hab\u00eda indicado que fallecieron cuatro mujeres, dos residentes en la Ciudad de Buenos Aires, de 92 y 84 a\u00f1os; una de 60 a\u00f1os de la provincia de Buenos Aires y la restante de 57 a\u00f1os en la provincia de Chaco.<\/p>\n<p style=\"text-align: justify;\">Del total de los casos, 959 (7,2%) son importados, 5.813 (43,9%) son contactos estrechos de casos confirmados, 4.354 (32,9%) son casos de circulaci\u00f3n comunitaria y el resto se encuentra en investigaci\u00f3n epidemiol\u00f3gica.<\/p>\n<p style=\"text-align: justify;\">De los diagnosticados con Covid-19, se registraron en la provincia de Buenos Aires 236 casos, en la Ciudad de Buenos Aires 327, en Chaco 23, en Chubut 1, en Neuqu\u00e9n 7, en R\u00edo Negro 4 y en Santa Fe 2.<\/p>\n<p style=\"text-align: justify;\">En tanto, no se notificaron contagios en C\u00f3rdoba, Corrientes, Entre R\u00edos, Jujuy, La Pampa, La Rioja, Mendoza, Misiones, Salta, San Juan, San Luis, Santa Cruz, Santiago del Estero, Tucum\u00e1n y Tierra del Fuego.<\/p>\n<p style=\"text-align: justify;\">El n\u00famero total de acumulados por jurisdicci\u00f3n indica que la provincia de Buenos Aires suma 4.455 casos, la Ciudad de Buenos Aires 6.202, Chaco 780, Chubut 5, C\u00f3rdoba 459, Corrientes 78, Entre R\u00edos 29, Jujuy 5 y La Pampa 5.<\/p>\n<p style=\"text-align: justify;\">En tanto, la Rioja alcanza 63 casos, Mendoza 90, Misiones 25, Neuqu\u00e9n 123, R\u00edo Negro 360, Salta 7, San Juan 4, San Luis 11, Santa Cruz 49, Santa Fe 261, Santiago del Estero 22, Tierra del Fuego 148, y Tucum\u00e1n 47.<\/p>\n<p style=\"text-align: justify;\">Catamarca y Formosa contin\u00faan sin registrar contagiados con coronavirus.<\/p>\n<p style=\"text-align: justify;\">Adem\u00e1s, se incluyen, en Tierra del Fuego, 13 casos existentes en las Islas Malvinas, seg\u00fan informaci\u00f3n de prensa debido a que por la ocupaci\u00f3n ilegal del Reino Unido, Gran Breta\u00f1a e Irlanda del Norte no es posible contar con informaci\u00f3n propia sobre el impacto del Covid-19 en esa parte del territorio argentino.<\/p>\n<p style=\"text-align: justify;\">En tanto, el presidente Alberto Fern\u00e1ndez asegur\u00f3 hoy que \u00abel coronavirus dej\u00f3 en evidencia la desigualdad de la injusticia en la Argentina\u00bb, en la que se ven sectores \u00abmuy necesitados, que viven hacinados, no acceden al agua, no tienen cloacas y caminan entre aguas servidas\u00bb, pero dijo que desde el gobierno impulsa un cambio hacia un modelo de pa\u00eds \u00abmucho m\u00e1s igualitario\u00bb, en di\u00e1logo con AM 750.<\/p>\n<p style=\"text-align: justify;\">\nAgreg\u00f3 que en Villa Azul, en el sur del conurbano bonaerense, \u00abest\u00e1n las dos Argentinas\u00bb, y de esta manera el primer mandatario hizo eje en la desigualdad que existe entre una parte del barrio que abarca dos municipios, con viviendas en \u00abcondiciones dignas\u00bb del lado de Avellaneda y construcciones precarias del lado de Quilmes, donde hasta finales de 2019 gobern\u00f3 Juntos por el Cambio.<\/p>\n<p style=\"text-align: justify;\">Al compartir un acto junto al gobernador bonaerense Axel Kicillof en la Gobernaci\u00f3n, reflexion\u00f3 que \u00ablo primero que debe ense\u00f1arnos la pandemia es que vivimos en un pa\u00eds injusto\u00bb.<\/p>\n<p style=\"text-align: justify;\">En tanto, Kicillof explic\u00f3 que en Villa Azul, donde se confirmaron 145 casos de coronavirus, \u00abse despleg\u00f3 un operativo sanitario y no de seguridad, que podr\u00eda ser replicado en barrios cerrados o un edificio\u00bb, durante el acto que comparti\u00f3 con el Jefe de Estado, en el cual se anunci\u00f3 un plan de obras p\u00fablicas para municipios del conurbano.<\/p>\n<p style=\"text-align: justify;\">Por su parte, el ministro de Desarrollo Social, Daniel Arroyo, asegur\u00f3 que ante la pandemia de coronavirus, \u00abla prioridad sigue siendo reforzar la asistencia alimentaria en los barrios\u00bb.<\/p>\n<p style=\"text-align: justify;\">\u00abTenemos que empezar a elaborar de modo federal un camino de salida que tenga el trabajo como eje central\u00bb, dijo al encabezar un encuentro por videoconferencia del Consejo Federal Social, integrado por funcionarios del \u00e1rea de todas las provincias.<\/p>\n<p style=\"text-align: justify;\">Por su parte, el ministro de Educaci\u00f3n, Nicol\u00e1s Trotta, asegur\u00f3 en una entrevista por El Destape Radio que el Gobierno nacional analiza la posibilidad de autorizar el regreso a clases \u00abescalonadamente\u00bb en las provincias que no registran casos de coronavirus desde hace m\u00e1s de 45 d\u00edas o que, directamente, nunca tuvieron.<\/p>\n<p style=\"text-align: justify;\">En este sentido, el Ministerio de Salud inform\u00f3 que once provincias tuvieron menos de 50 casos positivos de coronavirus desde el inicio de la pandemia y avanzan en la reconstrucci\u00f3n de una nueva normalidad junto con Formosa y Catamarca, distritos a los que la enfermedad nunca lleg\u00f3, seg\u00fan se desprende del \u00faltimo parte epidemiol\u00f3gico.<\/p>\n<p style=\"text-align: justify;\">En tanto, en la Ciudad de Buenos Aires hubo gran acatamiento de la medida de cierre de algunos comercios \u00abno esenciales\u00bb en las zonas neur\u00e1lgicas, aunque tambi\u00e9n se vivieron episodios de confusi\u00f3n de parte de los comerciantes por las nuevas disposiciones del gobierno porte\u00f1o en el marco de la nueva etapa de la cuarentena que rige hasta el 7 de junio.<\/p>\n<p style=\"text-align: justify;\">Unos 10.000 comercios considerados \u00abno esenciales\u00bb, como viveros, jugueter\u00edas, librer\u00edas y joyer\u00edas, entre otros, hab\u00edan sido autorizados a abrir el 12 de mayo pero tuvieron que cerrar sus puertas por el aumento de los contagios de coronavirus en la Ciudad.<\/p>\n<p style=\"text-align: justify;\">En el plano continental, la directora de la Organizaci\u00f3n Panamericana de la Salud (OPS), Carissa Etienne, asegur\u00f3 hoy que \u00abno hay dudas\u00bb de que la regi\u00f3n de las Am\u00e9ricas \u00abha pasado a ser el epicentro (mundial) de la pandemia Covid-19\u00bb, por lo que \u00abno es momento para flexibilizar las restricciones\u00bb de circulaci\u00f3n o contacto social \u00abni reducir las estrategias preventivas\u00bb.<\/p>\n<p style=\"text-align: justify;\">En el plano internacional, el coronavirus sigui\u00f3 avanzando con fuerza, sobre todo<\/p>\n<p style=\"text-align: justify;\">en Rusia, que duplic\u00f3 la cantidad diaria de muertos por la enfermedad y es el tercer pa\u00eds con mayor cantidad de casos confirmados. Report\u00f3 174 decesos en las \u00faltimas 24 horas, casi el doble de los 92 registrados ayer, y totaliza 3.807 muertes por la enfermedad, con cerca de 9.000 contagios nuevos, lo que sumam\u00e1s de 362.000 casos confirmados.<\/p>\n<p style=\"text-align: justify;\">En Brasil, escal\u00f3 un enfrentamiento entre el gobierno central y las autoridades de R\u00edo de Janeiro en torno de un caso de supuesta corrupci\u00f3n en la gesti\u00f3n de la pandemia.<\/p>\n<p style=\"text-align: justify;\">En tanto, Chile registr\u00f3 hoy 45 nuevos fallecidos en las \u00faltimas 24 horas, la mayor cifra de decesos que s\u00f3lo se hab\u00eda alcanzado el 21 de mayo, mientras el total de muertes superaba los 800 y el de nuevos contagios diarios se manten\u00eda cerca de 4.000, pese a cumplirse diez d\u00edas de cuarentena en la capital.<\/p>\n<p style=\"text-align: justify;\">Por otra parte, el impacto econ\u00f3mico de la Covid-19 reson\u00f3 con vigor en Europa, donde 58% de sus habitantes declar\u00f3 que tiene problemas econ\u00f3micos.<\/p>\n<p style=\"text-align: justify;\">El gobierno espa\u00f1ol declar\u00f3 hoy diez d\u00edas de luto oficial a partir de ma\u00f1ana por las v\u00edctimas del coronavirus, tras haber logrado controlar uno de los peores brotes a nivel mundial, que hasta el momento provoc\u00f3 26.834 muertos, seg\u00fan los \u00faltimos datos oficiales.<\/p>\n<p style=\"text-align: justify;\">En Reino Unido, la cantidad de fallecidos por el coronavirus lleg\u00f3 hoy a 47.347, seg\u00fan los \u00faltimos datos disponibles de la Oficina Nacional de Estad\u00edsticas (ONS), que se\u00f1al\u00f3 que actualmente se registra el menor n\u00famero v\u00edctimas mortales en seis semanas.<\/p>\n<p style=\"text-align: justify;\">El mundo acumulaba hoy 5,37 millones de casos confirmados de Covid-19 y 344.454 muertes por la enfermedad, seg\u00fan el balance diario de la Organizaci\u00f3n Mundial de la Salud (OMS), o 5,54 millones de contagios y 347.836 fallecimientos, seg\u00fan la base de datos en l\u00ednea de la universidad estadounidense Johns Hopkins.<\/p>\n","protected":false},"excerpt":{"rendered":"<div class=\"mh-excerpt\"><p>Un total de 23 personas murieron y 600 fueron diagnosticadas con coronavirus en las \u00faltimas 24 horas en Argentina, con lo que suman 490 el <a class=\"mh-excerpt-more\" href=\"https:\/\/primiciasclorinda.com\/?p=19292\" title=\"Suman 490 el total de fallecidos y 13.228 los infectados por coronavirus en Argentina\">[&#8230;]<\/a><\/p>\n<\/div>","protected":false},"author":3,"featured_media":19293,"comment_status":"open","ping_status":"open","sticky":false,"template":"","format":"standard","meta":{"footnotes":""},"categories":[4,3],"tags":[173,3146,2870],"class_list":["post-19292","post","type-post","status-publish","format-standard","has-post-thumbnail","hentry","category-informacion-general","category-politica-economia","tag-argentina","tag-cantidad-de-casos","tag-coronavirus"],"_links":{"self":[{"href":"https:\/\/primiciasclorinda.com\/index.php?rest_route=\/wp\/v2\/posts\/19292","targetHints":{"allow":["GET"]}}],"collection":[{"href":"https:\/\/primiciasclorinda.com\/index.php?rest_route=\/wp\/v2\/posts"}],"about":[{"href":"https:\/\/primiciasclorinda.com\/index.php?rest_route=\/wp\/v2\/types\/post"}],"author":[{"embeddable":true,"href":"https:\/\/primiciasclorinda.com\/index.php?rest_route=\/wp\/v2\/users\/3"}],"replies":[{"embeddable":true,"href":"https:\/\/primiciasclorinda.com\/index.php?rest_route=%2Fwp%2Fv2%2Fcomments&post=19292"}],"version-history":[{"count":1,"href":"https:\/\/primiciasclorinda.com\/index.php?rest_route=\/wp\/v2\/posts\/19292\/revisions"}],"predecessor-version":[{"id":19294,"href":"https:\/\/primiciasclorinda.com\/index.php?rest_route=\/wp\/v2\/posts\/19292\/revisions\/19294"}],"wp:featuredmedia":[{"embeddable":true,"href":"https:\/\/primiciasclorinda.com\/index.php?rest_route=\/wp\/v2\/media\/19293"}],"wp:attachment":[{"href":"https:\/\/primiciasclorinda.com\/index.php?rest_route=%2Fwp%2Fv2%2Fmedia&parent=19292"}],"wp:term":[{"taxonomy":"category","embeddable":true,"href":"https:\/\/primiciasclorinda.com\/index.php?rest_route=%2Fwp%2Fv2%2Fcategories&post=19292"},{"taxonomy":"post_tag","embeddable":true,"href":"https:\/\/primiciasclorinda.com\/index.php?rest_route=%2Fwp%2Fv2%2Ftags&post=19292"}],"curies":[{"name":"wp","href":"https:\/\/api.w.org\/{rel}","templated":true}]}}