{"id":19256,"date":"2020-05-25T20:10:19","date_gmt":"2020-05-25T23:10:19","guid":{"rendered":"http:\/\/primiciasclorinda.com\/?p=19256"},"modified":"2020-05-25T20:10:19","modified_gmt":"2020-05-25T23:10:19","slug":"formosa-habilitacion-de-actividades-de-recreacion","status":"publish","type":"post","link":"https:\/\/primiciasclorinda.com\/?p=19256","title":{"rendered":"Formosa: habilitaci\u00f3n de actividades de recreaci\u00f3n"},"content":{"rendered":"<p style=\"text-align: justify;\">\u201cEl trabajo conjunto y sostenido de pueblo y Gobierno de la provincia para enfrentar la pandemia nos permite hoy continuar teniendo un status sanitario libre de coronavirus\u201d, se remarc\u00f3, raz\u00f3n por la cual el Consejo de Atenci\u00f3n Integral de la Emergencia COVID-19 dispuso \u201cautorizar la realizaci\u00f3n de actividades f\u00edsicas de caminatas y paseos en bicicleta recreativas al aire libre y de cercan\u00eda (un radio no mayor a 500 metros del domicilio)\u201d.<\/p>\n<p style=\"text-align: justify;\">Seg\u00fan se puntualiz\u00f3, las mismas \u201cse deben realizar de manera individual, con uso obligatorio de barbijo, de lunes a viernes entre las 14 y 18 horas, manteniendo una distancia lateral de dos metros y de 10 metros anterior y posterior con otros transe\u00fantes\u201d.<\/p>\n<p style=\"text-align: justify;\">Tambi\u00e9n se autoriza \u201cla salida recreativa de cercan\u00eda con ni\u00f1os y ni\u00f1as los d\u00edas s\u00e1bados y domingos de 14 a 18 horas\u201d, debi\u00e9ndose evitar \u201cla concentraci\u00f3n de personas en un mismo espacio, as\u00ed como el uso de juegos infantiles en plazas y espacios p\u00fablicos\u201d.<\/p>\n<p style=\"text-align: justify;\">Se recomend\u00f3, en ese sentido, \u201cel uso de barbijo para infantes entre dos y seis a\u00f1os, y obligatorio su uso a partir de los seis a\u00f1os en adelante\u201d.<\/p>\n<p style=\"text-align: justify;\">Asimismo, se habilita \u201cla actividad de empresas de seguro e inmobiliarias, con turnos previos otorgados de manera no presencial, y en el horario de 14 a 20 horas, cumpliendo con el protocolo sanitario que se pondr\u00e1 a disposici\u00f3n en la p\u00e1gina www.formosa.gob.ar\u201d.<\/p>\n<p style=\"text-align: justify;\">25 de mayo<\/p>\n<p style=\"text-align: justify;\">\u201cEste 25 de mayo podemos celebrar el D\u00eda de la Patria en familia. Debemos hacerlo de manera responsable, cumpliendo con todas las medidas sanitarias previstas para el cuidado personal y comunitario. La Patria nos contiene a todos, nos une en un mismo esfuerzo y sentido, que en este d\u00eda es el objetivo de cuidar de la salud y la vida de todos y todas\u201d, se destac\u00f3 desde el Consejo.<\/p>\n<p style=\"text-align: justify;\">Por \u00faltimo, se inst\u00f3 a \u201cno bajar los brazos. M\u00e1s unidos y firmes que nunca. En Formosa, no se rinde nadie\u201d.<\/p>\n","protected":false},"excerpt":{"rendered":"<div class=\"mh-excerpt\"><p>\u201cEl trabajo conjunto y sostenido de pueblo y Gobierno de la provincia para enfrentar la pandemia nos permite hoy continuar teniendo un status sanitario libre <a class=\"mh-excerpt-more\" href=\"https:\/\/primiciasclorinda.com\/?p=19256\" title=\"Formosa: habilitaci\u00f3n de actividades de recreaci\u00f3n\">[&#8230;]<\/a><\/p>\n<\/div>","protected":false},"author":3,"featured_media":19257,"comment_status":"open","ping_status":"open","sticky":false,"template":"","format":"standard","meta":{"footnotes":""},"categories":[4,3],"tags":[26,3023,23],"class_list":["post-19256","post","type-post","status-publish","format-standard","has-post-thumbnail","hentry","category-informacion-general","category-politica-economia","tag-clorinda","tag-covid19","tag-formosa"],"_links":{"self":[{"href":"https:\/\/primiciasclorinda.com\/index.php?rest_route=\/wp\/v2\/posts\/19256","targetHints":{"allow":["GET"]}}],"collection":[{"href":"https:\/\/primiciasclorinda.com\/index.php?rest_route=\/wp\/v2\/posts"}],"about":[{"href":"https:\/\/primiciasclorinda.com\/index.php?rest_route=\/wp\/v2\/types\/post"}],"author":[{"embeddable":true,"href":"https:\/\/primiciasclorinda.com\/index.php?rest_route=\/wp\/v2\/users\/3"}],"replies":[{"embeddable":true,"href":"https:\/\/primiciasclorinda.com\/index.php?rest_route=%2Fwp%2Fv2%2Fcomments&post=19256"}],"version-history":[{"count":1,"href":"https:\/\/primiciasclorinda.com\/index.php?rest_route=\/wp\/v2\/posts\/19256\/revisions"}],"predecessor-version":[{"id":19258,"href":"https:\/\/primiciasclorinda.com\/index.php?rest_route=\/wp\/v2\/posts\/19256\/revisions\/19258"}],"wp:featuredmedia":[{"embeddable":true,"href":"https:\/\/primiciasclorinda.com\/index.php?rest_route=\/wp\/v2\/media\/19257"}],"wp:attachment":[{"href":"https:\/\/primiciasclorinda.com\/index.php?rest_route=%2Fwp%2Fv2%2Fmedia&parent=19256"}],"wp:term":[{"taxonomy":"category","embeddable":true,"href":"https:\/\/primiciasclorinda.com\/index.php?rest_route=%2Fwp%2Fv2%2Fcategories&post=19256"},{"taxonomy":"post_tag","embeddable":true,"href":"https:\/\/primiciasclorinda.com\/index.php?rest_route=%2Fwp%2Fv2%2Ftags&post=19256"}],"curies":[{"name":"wp","href":"https:\/\/api.w.org\/{rel}","templated":true}]}}