{"id":19215,"date":"2020-05-22T07:49:58","date_gmt":"2020-05-22T10:49:58","guid":{"rendered":"http:\/\/primiciasclorinda.com\/?p=19215"},"modified":"2020-05-22T07:49:58","modified_gmt":"2020-05-22T10:49:58","slug":"coronavirus-suman-416-las-muertes-y-9-931-los-casos-positivos-en-el-pais","status":"publish","type":"post","link":"https:\/\/primiciasclorinda.com\/?p=19215","title":{"rendered":"Coronavirus: suman 416 las muertes y 9.931 los casos positivos en el pa\u00eds"},"content":{"rendered":"<p style=\"text-align: justify;\">En tanto, en las \u00faltimas 24 hs trece personas murieron y hubo un nuevo r\u00e9cord de 648 contagios, seg\u00fan inform\u00f3 este jueves por la noche el Ministerio de Salud de la Naci\u00f3n.<\/p>\n<p style=\"text-align: justify;\">Trece muertes y un nuevo r\u00e9cord de 648 contagios de coronavirus fueron reportados en las \u00faltimas 24 horas en el pa\u00eds, donde el presidente Alberto Fern\u00e1ndez asegur\u00f3 que \u00abel Estado est\u00e1 presente\u00bb en la atenci\u00f3n de quienes est\u00e1n afectados por la pandemia y circunscribi\u00f3 a los gobernadores la decisi\u00f3n de habilitar nuevas actividades durante la nueva fase del aislamiento obligatorio.<\/p>\n<p style=\"text-align: justify;\">Con las trece muertes y los 648 contagios reportados por el Ministerio de Salud, el total de fallecidos desde el inicio de la pandemia en el pa\u00eds lleg\u00f3 a 416 y la cantidad de infectados a 9.931.<\/p>\n<p style=\"text-align: justify;\">Del total de casos, 947 (9,5%) son importados, 4.334 (43,6%) contactos estrechos de casos confirmados, 3.154 (31,8%) casos de circulaci\u00f3n comunitaria y el resto se encuentra en investigaci\u00f3n epidemiol\u00f3gica.<\/p>\n<p style=\"text-align: justify;\">Desde el \u00faltimo reporte emitido esta ma\u00f1ana, hubo 12 nuevas muertes: nueve hombres, cinco de 60, 19, 72, 75 y 95 a\u00f1os, residentes en la provincia de Buenos Aires; dos de 84 y 88 en la Ciudad de Buenos Aires; dos de 58 y 75 en la provincia de Chaco y tres mujeres de 52, 89 y 67 a\u00f1os en la provincia de Buenos Aires.<\/p>\n<p style=\"text-align: justify;\">En el reporte matutino, se inform\u00f3 el deceso de un hombre de 73 a\u00f1os, residente en la provincia de Buenos Aires.<\/p>\n<p style=\"text-align: justify;\">El Ministerio de Salud de la Naci\u00f3n tambi\u00e9n inform\u00f3 el detalle de los nuevos casos del d\u00eda: Buenos Aires, 213; Ciudad de Buenos Aires, 379; Chaco, 34; C\u00f3rdoba, 12; Mendoza 1, R\u00edo Negro, 3; Santa Fe, 5 y Tucum\u00e1n, 1.<\/p>\n<p style=\"text-align: justify;\">\nEn este contexto, el presidente Alberto Fern\u00e1ndez asegur\u00f3 que \u00abel Estado est\u00e1 presente\u00bb en la atenci\u00f3n de las personas que contrajeron coronavirus y circunscribi\u00f3 a los gobernadores la decisi\u00f3n de habilitar nuevas actividades durante la nueva fase del aislamiento obligatorio por la pandemia.<\/p>\n<p style=\"text-align: justify;\">Fern\u00e1ndez habl\u00f3 junto al gobernador Juan Manzur en Tucum\u00e1n, segundo destino de su primera gira por el interior del pa\u00eds desde el inicio de la cuarentena dispuesta por la pandemia.<\/p>\n<p style=\"text-align: justify;\">\u00abNo todos tienen la misma suerte\u00bb, evalu\u00f3 el Presidente sobre la posibilidad de nuevas aperturas econ\u00f3micas en los distritos y cit\u00f3, por ejemplo, \u00ablos asentamientos poblacionales m\u00e1s grandes\u00bb, donde \u00abel problema es m\u00e1s agudo, como Buenos Aires y gran Buenos Aires\u00bb.<\/p>\n<p style=\"text-align: justify;\">Previamente, durante un acto en Santiago del Estero, Fern\u00e1ndez asegur\u00f3 que la econom\u00eda del pa\u00eds volver\u00e1 a \u00ablevantarse\u00bb, como en 2003, una vez que pase la pandemia.<\/p>\n<p style=\"text-align: justify;\">Por su parte, en el Congreso de la Naci\u00f3n, la C\u00e1mara de Senadores aprob\u00f3 por unanimidad tres proyectos de ley que benefician a sectores que luchan contra el coronavirus, como la Cruz Roja y personal de salud y seguridad y sobre protecci\u00f3n a los trabajadores de la salud.<\/p>\n<p style=\"text-align: justify;\">En tanto, la justicia orden\u00f3 al Gobierno de la Ciudad de Buenos Aires elaborar y difundir protocolos espec\u00edficos para la prevenci\u00f3n y contenci\u00f3n del coronovirus en villas, asentamientos y barrios vulnerables de las Comunas 4 y 8, a partir de un amparo presentado por los presidentes de esas Comunas, Ignacio \u00c1lvarez y Miguel Eviner, respectivamente. .<\/p>\n<p style=\"text-align: justify;\">Cerca del Barrio 31 de Retiro, una de las locaciones vulnerables en la Ciudad de Buenos Aires, comenzaron a ser instalados dos centros de alistamiento, cada uno con 700 camas, para pacientes con coronavirus, uno de ellos construido por el Ministerio de Transporte de la Naci\u00f3n y otro por el Ej\u00e9rcito.<\/p>\n<p style=\"text-align: justify;\">A su vez, la legislatura bonaerense sancion\u00f3 la ley que declara la emergencia sanitaria en otro sector vulnerable, los geri\u00e1tricos de gesti\u00f3n p\u00fablica y privada ubicados en la provincia, mientras que un \u00e1rea de la Terapia Intensiva del Hospital Rivadavia, del Barrio Norte porte\u00f1o, fue evacuada y cerrada luego que se detectara un caso positivo de Covid-19 en un paciente que estaba alojado en ese sector del centro asistencial.<\/p>\n<p style=\"text-align: justify;\">\nEn el plano global, los casos confirmados de coronavirus superaron hoy los 5 millones, mientras que en las \u00faltimas 24 horas hubo un r\u00e9cord mundial de contagios en un d\u00eda, 106.000, seg\u00fan la Organizaci\u00f3n Mundial de la Salud (OMS) y la base de datos de la Universidad Johns Hopkins, de Estados Unidos, y se desbordan las cifras en algunos pa\u00edses de Sudam\u00e9rica.<\/p>\n<p style=\"text-align: justify;\">El hito de superar los 5 millones de casos a nivel mundial -aunque los expertos afirman que los contagiados son muchos m\u00e1s- y 330.000 muertos llega en momentos en que gran parte de Asia y Europa lograron algo de contenci\u00f3n en sus brotes y comenz\u00f3 a reactivar la econom\u00eda, mientras que ahora la pandemia azota a los pa\u00edses de Am\u00e9rica latina.<\/p>\n<p style=\"text-align: justify;\">Estados Unidos se acerca aceleradamente a las 94.000 muertes por el virus, m\u00e1s que cualquier otro pa\u00eds, pero el alerta m\u00e1ximo de preocupaci\u00f3n permanec\u00eda hoy, como en los \u00faltimos d\u00edas, en el Cono Sur de Am\u00e9rica, con situaciones cr\u00edticas en Per\u00fa, Chile y Brasil.<\/p>\n<p style=\"text-align: justify;\">Per\u00fa ya super\u00f3 los 100.000 casos (104.020, 4.550 en las \u00faltimas 24 horas) con 3.024 muertes.<\/p>\n<p style=\"text-align: justify;\">Las autoridades chilenas informaron que en las \u00faltimas 24 horas hubo un r\u00e9cord de 45 muertes, mientras los nuevos casos sumaron 3.964, lo que elev\u00f3 el total nacional a 57.581 contagios y 589 decesos desde el inicio de la pandemia en el pa\u00eds, cuya poblaci\u00f3n supera apenas los 19 millones.<\/p>\n<p style=\"text-align: justify;\">En Brasil, el tercer pa\u00eds en cantidad de casos confirmados (m\u00e1s de 300.000) y que super\u00f3 los 20.000 muertos, la crisis sanitaria se instal\u00f3 en el gobierno de Jair Bolsonaro, para quien el opositor Partido de los Trabajadores, junto con otras fuerzas de izquierda, 400 movimientos sociales y reconocidos juristas presentaron hoy un pedido de juicio pol\u00edtico para destituirlo por atentar contra la salud p\u00fablica en la pandemia.<\/p>\n<p style=\"text-align: justify;\">Espa\u00f1a e Italia, en tanto, contin\u00faan el arduo camino de flexibilizar medidas, aunque con serios conflictos internos. El primer ministro italiano, Giuseppe Conte, defendi\u00f3 hoy las medidas que tom\u00f3 para hacer frente a la pandemia y asegur\u00f3 que \u00ablo peor ya pas\u00f3\u00bb, luego de las m\u00e1s de 32.000 muertes en el pa\u00eds en tres meses.<\/p>\n<p style=\"text-align: justify;\">En tanto, el gobierno de coalici\u00f3n de Espa\u00f1a se adentr\u00f3 en una crisis pol\u00edtica que puso en entredicho su capacidad de negociaci\u00f3n, justo cuando la oposici\u00f3n de derecha y extrema derecha presiona explotando el malestar social por el impacto de la pandemia.<\/p>\n<p style=\"text-align: justify;\">En el Reino Unido, Escocia reci\u00e9n el pr\u00f3ximo lunes iniciar\u00e1 las medidas de relajamiento que Inglaterra ya lleva adelante, mientras que la actividad econ\u00f3mica brit\u00e1nica continu\u00f3 contray\u00e9ndose en mayo de forma alarmante, aunque con peque\u00f1as mejoras en comparaci\u00f3n a la ca\u00edda sin precedentes registrada en abril, seg\u00fan una encuesta.<\/p>\n","protected":false},"excerpt":{"rendered":"<div class=\"mh-excerpt\"><p>En tanto, en las \u00faltimas 24 hs trece personas murieron y hubo un nuevo r\u00e9cord de 648 contagios, seg\u00fan inform\u00f3 este jueves por la noche <a class=\"mh-excerpt-more\" href=\"https:\/\/primiciasclorinda.com\/?p=19215\" title=\"Coronavirus: suman 416 las muertes y 9.931 los casos positivos en el pa\u00eds\">[&#8230;]<\/a><\/p>\n<\/div>","protected":false},"author":3,"featured_media":19216,"comment_status":"open","ping_status":"open","sticky":false,"template":"","format":"standard","meta":{"footnotes":""},"categories":[4,3],"tags":[3026,2870],"class_list":["post-19215","post","type-post","status-publish","format-standard","has-post-thumbnail","hentry","category-informacion-general","category-politica-economia","tag-casos-argentina","tag-coronavirus"],"_links":{"self":[{"href":"https:\/\/primiciasclorinda.com\/index.php?rest_route=\/wp\/v2\/posts\/19215","targetHints":{"allow":["GET"]}}],"collection":[{"href":"https:\/\/primiciasclorinda.com\/index.php?rest_route=\/wp\/v2\/posts"}],"about":[{"href":"https:\/\/primiciasclorinda.com\/index.php?rest_route=\/wp\/v2\/types\/post"}],"author":[{"embeddable":true,"href":"https:\/\/primiciasclorinda.com\/index.php?rest_route=\/wp\/v2\/users\/3"}],"replies":[{"embeddable":true,"href":"https:\/\/primiciasclorinda.com\/index.php?rest_route=%2Fwp%2Fv2%2Fcomments&post=19215"}],"version-history":[{"count":1,"href":"https:\/\/primiciasclorinda.com\/index.php?rest_route=\/wp\/v2\/posts\/19215\/revisions"}],"predecessor-version":[{"id":19217,"href":"https:\/\/primiciasclorinda.com\/index.php?rest_route=\/wp\/v2\/posts\/19215\/revisions\/19217"}],"wp:featuredmedia":[{"embeddable":true,"href":"https:\/\/primiciasclorinda.com\/index.php?rest_route=\/wp\/v2\/media\/19216"}],"wp:attachment":[{"href":"https:\/\/primiciasclorinda.com\/index.php?rest_route=%2Fwp%2Fv2%2Fmedia&parent=19215"}],"wp:term":[{"taxonomy":"category","embeddable":true,"href":"https:\/\/primiciasclorinda.com\/index.php?rest_route=%2Fwp%2Fv2%2Fcategories&post=19215"},{"taxonomy":"post_tag","embeddable":true,"href":"https:\/\/primiciasclorinda.com\/index.php?rest_route=%2Fwp%2Fv2%2Ftags&post=19215"}],"curies":[{"name":"wp","href":"https:\/\/api.w.org\/{rel}","templated":true}]}}