{"id":19023,"date":"2020-05-11T20:39:39","date_gmt":"2020-05-11T23:39:39","guid":{"rendered":"http:\/\/primiciasclorinda.com\/?p=19023"},"modified":"2020-05-11T20:40:44","modified_gmt":"2020-05-11T23:40:44","slug":"cuarentena-se-anunciaron-las-nuevas-excepciones-en-formosa","status":"publish","type":"post","link":"https:\/\/primiciasclorinda.com\/?p=19023","title":{"rendered":"Cuarentena: se anunciaron las nuevas excepciones en la provincia de Formosa"},"content":{"rendered":"<p style=\"text-align: justify;\">Esta tarde, en una segunda conferencia de prensa del Consejo de Atenci\u00f3n Integral a la Emergencia COVID 19 se anunciaron las nuevas excepciones al aislamiento en Formosa, tras ingresar a la fase 4 del aislamiento.<\/p>\n<p style=\"text-align: justify;\">1. Personal del servicio dom\u00e9stico<br \/>\nTendr\u00e1n que recibir por parte de los empleadores los elementos de protecci\u00f3n personal (barbijos, guantes y gafas de seguridad) y elementos de desinfecci\u00f3n: alcohol en gel, alcohol al 70% y jab\u00f3n).<br \/>\nSe recomienda la utilizaci\u00f3n de medios alternativos al transporte p\u00fablico de pasajeros (moto, bici, a pie).<br \/>\nSe pueden gestionar los permisos en www.formosa.gob.ar.<\/p>\n<p style=\"text-align: justify;\">Si desarrolla la tarea en m\u00e1s de una casa se puede indicar al solicitar el formulario, los d\u00edas y horarios en que trabaja en cada domicilio.<\/p>\n<p style=\"text-align: justify;\">2. Peluquer\u00edas y barber\u00edas:<br \/>\nFuncionamiento de lunes a viernes de 14 a 20 horas, y s\u00e1bados y domingos de 9 a 20hs.<br \/>\nAtenci\u00f3n por turnos otorgados por v\u00eda no presencial.<br \/>\nMantener distanciamiento f\u00edsico entre clientes.<br \/>\nReducir al 50% la ocupaci\u00f3n del establecimiento.<br \/>\nUtilizaci\u00f3n de todos los elementos de protecci\u00f3n personal.<br \/>\nProhibici\u00f3n del uso de revistas y del consumo de bebidas o alimentos en el lugar.<\/p>\n<p style=\"text-align: justify;\">3. Comercio minorista:<br \/>\nFuncionamiento de lunes a viernes de 14 a 20 horas y s\u00e1bados de 9 a 13 y de 16 a 20 horas.<br \/>\nUtilizaci\u00f3n de elementos de protecci\u00f3n personal.<br \/>\nMantenimiento de distanciamiento f\u00edsico entre los clientes.<br \/>\nEl titular del comercio deber\u00e1 gestionar su permiso de circulaci\u00f3n y el de sus dependientes en www.formosa.gob.ar.<br \/>\nSe recomienda la instalaci\u00f3n de una barrera f\u00edsica de vidrio o acr\u00edlica en las cajas.<br \/>\nSe recomienda la utilizaci\u00f3n del uso de medios alternativos de pagos.<\/p>\n<p style=\"text-align: justify;\">4. Agencias de venta de autom\u00f3viles y motocicletas:<br \/>\nFuncionamiento con dotaci\u00f3n m\u00ednima de lunes a viernes de 14 a 20 y s\u00e1bados de 9 a 13 horas.<br \/>\nUtilizaci\u00f3n de elementos de protecci\u00f3n personal<br \/>\nMantenimiento de distanciamiento f\u00edsico entre clientes<br \/>\nEl titular de la agencia deber\u00e1 gestionar su permiso de circulacipn y el de sus dependientes en www.formosa.gob.ar<\/p>\n<p style=\"text-align: justify;\">5. Agencias de quiniela:<br \/>\nEl reinicio de las actividades de la Red Oficial de Ventas ser\u00e1 a partir del 14 de mayo.<br \/>\nSe reanudar\u00e1 en todos los puntos de ventas habilitados en la provincia, agencias, subagencias y vendedores m\u00f3viles.<br \/>\nHorario de funcionamiento y atenci\u00f3n al p\u00fablico de 8 a 20 de lunes a sabado bajo estricto cumplimiento del protocolo aprobado por el Consejo de Atenci\u00f3n Integral a la Emergencia COVID-19.<\/p>\n<p style=\"text-align: justify;\">6. Profesionales independientes:<br \/>\nCada actividad tendr\u00e1 un protocolo espec\u00edfico. Hay un piso m\u00ednimo que deben cumplir todas ellas<\/p>\n<p style=\"text-align: justify;\">Comentarios<br \/>\nLos comentarios publicados al final de cada nota son de exclusiva responsabilidad de sus autores y las consecuencias derivadas de ellos pueden generar sanciones legales. La empresa se reserva el derecho de moderar los comentarios y eliminar aquellos que sean injuriosos o violatorios de cualquier legislaci\u00f3n vigente.<\/p>\n<p style=\"text-align: justify;\">Fuente: La Ma\u00f1ana.<\/p>\n","protected":false},"excerpt":{"rendered":"<div class=\"mh-excerpt\"><p>Esta tarde, en una segunda conferencia de prensa del Consejo de Atenci\u00f3n Integral a la Emergencia COVID 19 se anunciaron las nuevas excepciones al aislamiento <a class=\"mh-excerpt-more\" href=\"https:\/\/primiciasclorinda.com\/?p=19023\" title=\"Cuarentena: se anunciaron las nuevas excepciones en la provincia de Formosa\">[&#8230;]<\/a><\/p>\n<\/div>","protected":false},"author":3,"featured_media":19024,"comment_status":"open","ping_status":"open","sticky":false,"template":"","format":"standard","meta":{"footnotes":""},"categories":[4,3],"tags":[26,3034,23],"class_list":["post-19023","post","type-post","status-publish","format-standard","has-post-thumbnail","hentry","category-informacion-general","category-politica-economia","tag-clorinda","tag-cuarentena","tag-formosa"],"_links":{"self":[{"href":"https:\/\/primiciasclorinda.com\/index.php?rest_route=\/wp\/v2\/posts\/19023","targetHints":{"allow":["GET"]}}],"collection":[{"href":"https:\/\/primiciasclorinda.com\/index.php?rest_route=\/wp\/v2\/posts"}],"about":[{"href":"https:\/\/primiciasclorinda.com\/index.php?rest_route=\/wp\/v2\/types\/post"}],"author":[{"embeddable":true,"href":"https:\/\/primiciasclorinda.com\/index.php?rest_route=\/wp\/v2\/users\/3"}],"replies":[{"embeddable":true,"href":"https:\/\/primiciasclorinda.com\/index.php?rest_route=%2Fwp%2Fv2%2Fcomments&post=19023"}],"version-history":[{"count":3,"href":"https:\/\/primiciasclorinda.com\/index.php?rest_route=\/wp\/v2\/posts\/19023\/revisions"}],"predecessor-version":[{"id":19027,"href":"https:\/\/primiciasclorinda.com\/index.php?rest_route=\/wp\/v2\/posts\/19023\/revisions\/19027"}],"wp:featuredmedia":[{"embeddable":true,"href":"https:\/\/primiciasclorinda.com\/index.php?rest_route=\/wp\/v2\/media\/19024"}],"wp:attachment":[{"href":"https:\/\/primiciasclorinda.com\/index.php?rest_route=%2Fwp%2Fv2%2Fmedia&parent=19023"}],"wp:term":[{"taxonomy":"category","embeddable":true,"href":"https:\/\/primiciasclorinda.com\/index.php?rest_route=%2Fwp%2Fv2%2Fcategories&post=19023"},{"taxonomy":"post_tag","embeddable":true,"href":"https:\/\/primiciasclorinda.com\/index.php?rest_route=%2Fwp%2Fv2%2Ftags&post=19023"}],"curies":[{"name":"wp","href":"https:\/\/api.w.org\/{rel}","templated":true}]}}