{"id":18900,"date":"2020-05-04T20:37:54","date_gmt":"2020-05-04T23:37:54","guid":{"rendered":"http:\/\/primiciasclorinda.com\/?p=18900"},"modified":"2020-05-04T20:37:54","modified_gmt":"2020-05-04T23:37:54","slug":"gonzalez-pidio-aguardar-la-fecha-de-ingreso-a-la-provincia","status":"publish","type":"post","link":"https:\/\/primiciasclorinda.com\/?p=18900","title":{"rendered":"Gonz\u00e1lez pidi\u00f3 aguardar la fecha de ingreso a la provincia"},"content":{"rendered":"<p style=\"text-align: justify;\">El ministro Jorge Abel Gonz\u00e1lez asegur\u00f3 que la provincia \u201cdar\u00e1 respuestas a todos los formose\u00f1os que solicitaron regresar\u201d.<\/p>\n<p style=\"text-align: justify;\">El ministro de Gobierno, Jorge Abel Gonz\u00e1lez, pidi\u00f3 a quienes quieren regresar a Formosa esperar que se le otorgue la fecha de ingreso y no venir por cuenta propia, por un lado porque no se les permitir\u00e1 entrar al territorio y, por el otro, para no colapsar el control en Mansilla.<\/p>\n<p style=\"text-align: justify;\">Asegur\u00f3 que la provincia \u201cdar\u00e1 respuestas a todos los formose\u00f1os que solicitaron regresar\u201d.<\/p>\n<p style=\"text-align: justify;\">Este volver a casa se realizar\u00e1 de manera ordenada y administrada, y de acuerdo a la disponibilidad de lugares en los centros de alojamiento preventivo para el aislamiento, recalc\u00f3 el funcionario. Dijo que estas medidas son de \u201ccumplimiento estricto para mantener el estatus sanitario libre de coronavirus que hasta la fecha tiene Formosa\u201d.<\/p>\n<p style=\"text-align: justify;\">\u201cTodas aquellas personas que solicitaron ingresar al territorio deben aguardar la fecha que le otorgar\u00e1 la provincia y no intentar ingresar al territorio como ha sucedido en Mansilla, donde dos o tres personas quisieron hacerlo\u201d, refiri\u00f3 en alusi\u00f3n a los episodios que se han dado en uno de los ingresos. \u201cEn ning\u00fan caso van a poder ingresar\u201d, remarc\u00f3.<\/p>\n<p style=\"text-align: justify;\">Seguidamente, explicit\u00f3 que \u201cdeber\u00e1n esperar a que se habiliten los centros espec\u00edficos de alojamiento dispuestos para la cuarentena de cada una de las personas que hayan estado fuera de la provincia\u201d.<\/p>\n<p style=\"text-align: justify;\">Cit\u00f3 que en los centros de alojamiento habilitados para que las personas cumplan con el aislamiento, se cuenta con equipos de todos los ministerios, \u201cno s\u00f3lo de salud y seguridad, sino tambi\u00e9n de profesionales de equipos multidisciplinario, quienes est\u00e1n trabajando de manera conjunta\u201d.<\/p>\n<p style=\"text-align: justify;\">El funcionario reiter\u00f3: \u201cVamos a dar una respuesta adecuada con la fecha de ingreso a la provincia y van a poder ingresar; lo \u00fanico que necesitamos es ordenarnos en el ingreso, hacemos eso y vamos a ganar en tranquilidad. Somos 640 mil habitantes en esta gran casa que es nuestro territorio y debemos cuidarla en este estado sanitario en que nos encontramos en este momento\u201d.<\/p>\n<p style=\"text-align: justify;\">Se refiri\u00f3 tambi\u00e9n a la Escuela de Cadetes, uno de los centros de alojamiento preventivo donde actualmente \u201chay 60 personas cumpliendo con la cuarentena obligatoria\u201d. Explic\u00f3 que una vez que las instalaciones se hayan liberado, van a \u201cvolver a hacer ingresar a todo un grupo de personas para que puedan realizan la cuarentena all\u00ed\u201d.<\/p>\n<p style=\"text-align: justify;\">Excepciones<br \/>\nPor \u00faltimo, record\u00f3 que hay excepciones al sistema de alojamiento preventivo, como ser para las personas con alguna patolog\u00eda m\u00e9dica. El funcionario aclar\u00f3 que \u201clos casos de pacientes oncol\u00f3gicos, inmunodeprimidos, di\u00e1lisis, insulinodependientes, esas personas no van a los centros, sino que hacemos un seguimiento personalizado por su propio estado de salud\u201d.<\/p>\n<p style=\"text-align: justify;\">Fuente: La Ma\u00f1ana.<\/p>\n","protected":false},"excerpt":{"rendered":"<div class=\"mh-excerpt\"><p>El ministro Jorge Abel Gonz\u00e1lez asegur\u00f3 que la provincia \u201cdar\u00e1 respuestas a todos los formose\u00f1os que solicitaron regresar\u201d. El ministro de Gobierno, Jorge Abel Gonz\u00e1lez, <a class=\"mh-excerpt-more\" href=\"https:\/\/primiciasclorinda.com\/?p=18900\" title=\"Gonz\u00e1lez pidi\u00f3 aguardar la fecha de ingreso a la provincia\">[&#8230;]<\/a><\/p>\n<\/div>","protected":false},"author":3,"featured_media":18901,"comment_status":"open","ping_status":"open","sticky":false,"template":"","format":"standard","meta":{"footnotes":""},"categories":[4,3],"tags":[2870,23],"class_list":["post-18900","post","type-post","status-publish","format-standard","has-post-thumbnail","hentry","category-informacion-general","category-politica-economia","tag-coronavirus","tag-formosa"],"_links":{"self":[{"href":"https:\/\/primiciasclorinda.com\/index.php?rest_route=\/wp\/v2\/posts\/18900","targetHints":{"allow":["GET"]}}],"collection":[{"href":"https:\/\/primiciasclorinda.com\/index.php?rest_route=\/wp\/v2\/posts"}],"about":[{"href":"https:\/\/primiciasclorinda.com\/index.php?rest_route=\/wp\/v2\/types\/post"}],"author":[{"embeddable":true,"href":"https:\/\/primiciasclorinda.com\/index.php?rest_route=\/wp\/v2\/users\/3"}],"replies":[{"embeddable":true,"href":"https:\/\/primiciasclorinda.com\/index.php?rest_route=%2Fwp%2Fv2%2Fcomments&post=18900"}],"version-history":[{"count":1,"href":"https:\/\/primiciasclorinda.com\/index.php?rest_route=\/wp\/v2\/posts\/18900\/revisions"}],"predecessor-version":[{"id":18902,"href":"https:\/\/primiciasclorinda.com\/index.php?rest_route=\/wp\/v2\/posts\/18900\/revisions\/18902"}],"wp:featuredmedia":[{"embeddable":true,"href":"https:\/\/primiciasclorinda.com\/index.php?rest_route=\/wp\/v2\/media\/18901"}],"wp:attachment":[{"href":"https:\/\/primiciasclorinda.com\/index.php?rest_route=%2Fwp%2Fv2%2Fmedia&parent=18900"}],"wp:term":[{"taxonomy":"category","embeddable":true,"href":"https:\/\/primiciasclorinda.com\/index.php?rest_route=%2Fwp%2Fv2%2Fcategories&post=18900"},{"taxonomy":"post_tag","embeddable":true,"href":"https:\/\/primiciasclorinda.com\/index.php?rest_route=%2Fwp%2Fv2%2Ftags&post=18900"}],"curies":[{"name":"wp","href":"https:\/\/api.w.org\/{rel}","templated":true}]}}