{"id":18847,"date":"2020-04-30T07:42:20","date_gmt":"2020-04-30T10:42:20","guid":{"rendered":"http:\/\/primiciasclorinda.com\/?p=18847"},"modified":"2020-04-30T07:42:20","modified_gmt":"2020-04-30T10:42:20","slug":"coronavirus-suman-214-las-victimas-fatales-y-4-285-los-infectados-en-el-pais","status":"publish","type":"post","link":"https:\/\/primiciasclorinda.com\/?p=18847","title":{"rendered":"Coronavirus: suman 214 las v\u00edctimas fatales y 4.285 los infectados en el pa\u00eds"},"content":{"rendered":"<p style=\"text-align: justify;\">Siete personas murieron y 158 fueron diagnosticadas con coronavirus en las \u00faltimas 24 horas en Argentina, inform\u00f3 esta noche el Ministerio de Salud de la Naci\u00f3n.<\/p>\n<p style=\"text-align: justify;\">Siete personas murieron y otras 158 fueron diagnosticadas con coronavirus en las \u00faltimas 24 horas, con lo que ascienden a 214 los decesos y a 4.285 los infectados desde el inicio de la pandemia en el pa\u00eds, donde un grupo de cient\u00edficas identific\u00f3 cepas del virus en 26 pacientes, lo cual permitir\u00e1 desvelar las caracter\u00edsticas del SARS-CoV2 que circula en la Argentina.<\/p>\n<p style=\"text-align: justify;\">Seg\u00fan el reporte vespertino del Ministerio de Salud, fallecieron 4 mujeres, dos residentes en la Ciudad de Buenos Aires de 92 y 96 a\u00f1os; otra de 86 en la provincia de Buenos Aires y otra de 61 a\u00f1os en la provincia de Chaco.<\/p>\n<p style=\"text-align: justify;\">Adem\u00e1s, se reportaron los decesos de tres hombres, uno de 37 a\u00f1os, residente en la provincia de Buenos Aires; otro de 86 en la Ciudad de Buenos Aires y otro de 38 en la provincia de R\u00edo Negro.<\/p>\n<p style=\"text-align: justify;\">Del total de esos casos, 912 (21,3%) son importados, 1.835 (42,8%) contactos estrechos de casos confirmados, 1041 (24,3%) casos de circulaci\u00f3n comunitaria y el resto se encuentra en investigaci\u00f3n epidemiol\u00f3gica.<\/p>\n<p style=\"text-align: justify;\">En tanto, cient\u00edficas argentinas identificaron la secuencia gen\u00e9tica del coronavirus de 26 pacientes, lo que permitir\u00e1 responder cu\u00e1les son las caracter\u00edsticas del SARS-CoV2 que circula en el pa\u00eds y en un futuro verificar si las vacunas que se desarrollan en otras partes del mundo servir\u00e1n aqu\u00ed, inform\u00f3 a T\u00e9lam la vir\u00f3loga Mariana Viegas, coordinadora de la investigaci\u00f3n.<\/p>\n<p style=\"text-align: justify;\">El trabajo se hizo en el Laboratorio de Virolog\u00eda del Hospital de Ni\u00f1os Dr. Ricardo Guti\u00e9rrez como integrante del \u00abConsorcio interinstitucional para la Secuenciaci\u00f3n del genoma y estudios gen\u00f3micos de SARS-CoV2\u00bb creado por el ministerio de Ciencia, Tecnolog\u00eda e Innovaci\u00f3n y cuyo objetivo es estudiar unos 1.000 genomas de todo el pa\u00eds.<\/p>\n<p style=\"text-align: justify;\">El MInisterio de Salud tambi\u00e9n detect\u00f3 hoy un positivo entre las 431 personas que accedieron a someterse a testeos en la estaci\u00f3n ferroviaria de Retiro, en la segunda jornada del Estudio de Vigilancia Covid-19 que busca conocer la proporci\u00f3n de infectados con el virus SARS-CoV-2 y su circulaci\u00f3n en la sociedad.<\/p>\n<p style=\"text-align: justify;\">\u00abSe trata de una persona que hab\u00eda viajado el mes pasado y no hab\u00eda manifestado s\u00edntomas\u00bb, expres\u00f3 la subsecretaria de Medicamentos e Informaci\u00f3n Estrat\u00e9gica de la cartera sanitaria, Sonia Tarragona.<\/p>\n<p style=\"text-align: justify;\">Por su parte, el presidente Alberto Fern\u00e1ndez solicit\u00f3 hoy a la canciller Federal de Alemania, Angela Merkel, que ayude a la Argentina en las negociaciones que se llevan adelante con el Club de Par\u00eds, foro al que la Argentina pidi\u00f3 posponer hasta el 5 de mayo de 2021 un pago de US$ 2.100 millones que vence el 5 de mayo pr\u00f3ximo.<\/p>\n<p style=\"text-align: justify;\">Tambi\u00e9n inform\u00f3 que el di\u00e1logo con la l\u00edder europea incluy\u00f3 un repaso sobre las pol\u00edticas que ambos hab\u00edan adoptado para combatir el avance de la pandemia de coronavirus.<\/p>\n<p style=\"text-align: justify;\">\u00abAlemania es un ejemplo mundial. Adem\u00e1s, intercambiamos ideas sobre la forma en que se reactivar\u00e1 la econom\u00eda global despu\u00e9s de la pandemia\u00bb, subray\u00f3 el mandatario argentino.<\/p>\n<p style=\"text-align: justify;\">\nEn tanto, el gobernador de La Pampa, Sergio Ziliotto, anunci\u00f3 la reapertura de comercios, peluquer\u00edas, el servicio dom\u00e9stico y el ejercicio de las profesiones liberales en horario reducido y con un protocolo, y habilit\u00f3 las caminatas los fines de semana y feriados.<\/p>\n<p style=\"text-align: justify;\">Su colega de Santa Fe, Omar Perotti, estableci\u00f3 que las salidas recreativas en su distrito ser\u00e1n resueltas \u00aben todos los casos por acto expreso\u00bb del Poder Ejecutivo y tambi\u00e9n deber\u00e1n tener informe favorable del Ministerio de Salud de la provincia.<\/p>\n<p style=\"text-align: justify;\">Respecto del regreso de argentinos varados en el exterior por las restricciones para evitar el avance de la pandemia, un total de 633 retornaba hasta esta noche al pa\u00eds en vuelos coordinados por la Canciller\u00eda argentina, seg\u00fan informaron fuentes del Palacio San Mart\u00edn.<\/p>\n<p style=\"text-align: justify;\">Un vuelo de Alitalia, el AZ 680, con 135 compatriotas, aterriz\u00f3 a las 17,38 en el aeropuerto internacional de Ezeiza, procedente de Roma y a las 18,50 lo hizo un vuelo de Aerom\u00e9xico con 255 pasajeros que estaban en distintos puntos de la naci\u00f3n azteca.<\/p>\n<p style=\"text-align: justify;\">En el plano internacional, la Organizaci\u00f3n Internacional del Trabajo (OIT) advirti\u00f3 hoy que unas 1.500 millones de personas, casi la mitad de la fuerza laboral formal en el planeta, podr\u00edan perder sus trabajos debido a la crisis sanitaria y econ\u00f3mica provocada por la pandemia de coronavirus y elev\u00f3 sus proyecciones de desempleo hasta 305 millones solo en el segundo trimestre de 2020.<\/p>\n<p style=\"text-align: justify;\">A su vez, la ONU alert\u00f3 sobre las enormes diferencias entre pa\u00edses para hacer frente a la pandemia de coronavirus y subray\u00f3 que no solo se trata de una emergencia sanitaria mundial sino de una \u00abcrisis sist\u00e9mica del desarrollo humano\u00bb.<\/p>\n<p style=\"text-align: justify;\">Seg\u00fan el an\u00e1lisis, en los pa\u00edses m\u00e1s desarrollados el promedio de camas es de 55 por cada 10.000 habitantes, as\u00ed como m\u00e1s de 30 m\u00e9dicos y 81 enfermeras, frente a 7 camas, 2,5 m\u00e9dicos y 6 enfermeras en los pa\u00edses menos adelantados, a los que se suma una brecha digital \u00abque se ha acentuado m\u00e1s que nunca\u00bb.<\/p>\n<p style=\"text-align: justify;\">En el desagregado por pa\u00edses, las muertes por coronavirus en el Reino Unido subieron de 21.678 a 26.097 luego de que el gobierno incluyera hoy, por primera vez, los fallecimientos en geri\u00e1tricos y fuera de los hospitales, con lo que se convirti\u00f3 en el tercer pa\u00eds con m\u00e1s decesos por la pandemia, detr\u00e1s de Estados Unidos e Italia.<\/p>\n<p style=\"text-align: justify;\">Tambi\u00e9n subi\u00f3 la cifra de muertos diarios por coronavirus en Espa\u00f1a, a 325, y los contagios se incrementaron en 2.144, sin que esto suponga un rev\u00e9s en la tendencia descendiente de la pandemia, en medio de las primeras medidas de flexibilizaci\u00f3n del confinamiento.<\/p>\n<p style=\"text-align: justify;\">El Gobierno alem\u00e1n anunci\u00f3 hoy una previsi\u00f3n de ca\u00edda del Producto Bruto Interno (PBI) del 6,3%, por el impacto de la pandemia de coronavirus, que significar\u00e1 la mayor recesi\u00f3n de su historia, aunque estim\u00f3 un \u00abefecto rebote\u00bb en 2021 con una reactivaci\u00f3n del orden del 5,2%, seg\u00fan consign\u00f3 la agencia EFE.<\/p>\n<p style=\"text-align: justify;\">En Estados Unidos, el PBI disminuy\u00f3 a una tasa anualizada de 4,8% en el primer trimestre, la mayor ca\u00edda desde la crisis financiera de 2008-2009.<\/p>\n<p style=\"text-align: justify;\">Tambi\u00e9n en EEUU, el Instituto Nacional de Alergia y Enfermedades Infecciosas (NIAID, en ingl\u00e9s) complet\u00f3 una primera prueba exitosa de un f\u00e1rmaco experimental como posible tratamiento contra el coronavirus, anunci\u00f3 hoy la firma Gilead Sciencies sobre el f\u00e1rmaco remdesivir, y a\u00f1adi\u00f3 que el NIAID dar\u00e1 m\u00e1s detalles sobre los resultados de los ensayos, seg\u00fan inform\u00f3 EFE.<\/p>\n<p style=\"text-align: justify;\">Estados Unidos registra por el nuevo coronavirus algo m\u00e1s de un mill\u00f3n de casos confirmados y 58.300 decesos, de los m\u00e1s de 200.000 a nivel mundial.<\/p>\n","protected":false},"excerpt":{"rendered":"<div class=\"mh-excerpt\"><p>Siete personas murieron y 158 fueron diagnosticadas con coronavirus en las \u00faltimas 24 horas en Argentina, inform\u00f3 esta noche el Ministerio de Salud de la <a class=\"mh-excerpt-more\" href=\"https:\/\/primiciasclorinda.com\/?p=18847\" title=\"Coronavirus: suman 214 las v\u00edctimas fatales y 4.285 los infectados en el pa\u00eds\">[&#8230;]<\/a><\/p>\n<\/div>","protected":false},"author":3,"featured_media":18848,"comment_status":"open","ping_status":"open","sticky":false,"template":"","format":"standard","meta":{"footnotes":""},"categories":[4,3],"tags":[3097,3005],"class_list":["post-18847","post","type-post","status-publish","format-standard","has-post-thumbnail","hentry","category-informacion-general","category-politica-economia","tag-coronavirus-argentina","tag-covid-19"],"_links":{"self":[{"href":"https:\/\/primiciasclorinda.com\/index.php?rest_route=\/wp\/v2\/posts\/18847","targetHints":{"allow":["GET"]}}],"collection":[{"href":"https:\/\/primiciasclorinda.com\/index.php?rest_route=\/wp\/v2\/posts"}],"about":[{"href":"https:\/\/primiciasclorinda.com\/index.php?rest_route=\/wp\/v2\/types\/post"}],"author":[{"embeddable":true,"href":"https:\/\/primiciasclorinda.com\/index.php?rest_route=\/wp\/v2\/users\/3"}],"replies":[{"embeddable":true,"href":"https:\/\/primiciasclorinda.com\/index.php?rest_route=%2Fwp%2Fv2%2Fcomments&post=18847"}],"version-history":[{"count":1,"href":"https:\/\/primiciasclorinda.com\/index.php?rest_route=\/wp\/v2\/posts\/18847\/revisions"}],"predecessor-version":[{"id":18849,"href":"https:\/\/primiciasclorinda.com\/index.php?rest_route=\/wp\/v2\/posts\/18847\/revisions\/18849"}],"wp:featuredmedia":[{"embeddable":true,"href":"https:\/\/primiciasclorinda.com\/index.php?rest_route=\/wp\/v2\/media\/18848"}],"wp:attachment":[{"href":"https:\/\/primiciasclorinda.com\/index.php?rest_route=%2Fwp%2Fv2%2Fmedia&parent=18847"}],"wp:term":[{"taxonomy":"category","embeddable":true,"href":"https:\/\/primiciasclorinda.com\/index.php?rest_route=%2Fwp%2Fv2%2Fcategories&post=18847"},{"taxonomy":"post_tag","embeddable":true,"href":"https:\/\/primiciasclorinda.com\/index.php?rest_route=%2Fwp%2Fv2%2Ftags&post=18847"}],"curies":[{"name":"wp","href":"https:\/\/api.w.org\/{rel}","templated":true}]}}