{"id":18733,"date":"2020-04-23T07:52:19","date_gmt":"2020-04-23T10:52:19","guid":{"rendered":"http:\/\/primiciasclorinda.com\/?p=18733"},"modified":"2020-04-23T07:52:19","modified_gmt":"2020-04-23T10:52:19","slug":"hay-un-caso-sospechoso-de-coronavirus-se-trata-de-un-mujer-que-volvio-de-buenos-aires-en-las-ultimas-48hs","status":"publish","type":"post","link":"https:\/\/primiciasclorinda.com\/?p=18733","title":{"rendered":"Hay un caso sospechoso de coronavirus; se trata de un mujer que volvi\u00f3 de Buenos Aires en las \u00faltimas 48hs"},"content":{"rendered":"<p style=\"text-align: justify;\">En el parte informativo de este mi\u00e9rcoles del Consejo de Atenci\u00f3n a la Emergencia COVID-19, el ministro de gobierno Jorge Gonz\u00e1lez inform\u00f3 que en el transcurso de la ma\u00f1ana ingres\u00f3 una mujer de 27 a\u00f1os embarazada con antecedentes de asma proveniente de Buenos Aires en las \u00faltimas 48hs con s\u00edntomas respiratorios y fiebre.<\/p>\n<p style=\"text-align: justify;\">En el hospital de la Madre y el ni\u00f1o le tomaron las pruebas correspondientes y los resultados estar\u00e1n en el d\u00eda de la fecha.<\/p>\n<p style=\"text-align: justify;\">Asi tambien, en el transcurso de las \u00faltimas 24 hs, se han incorporado por protocolo a otros dos pacientes como casos sospechosos. Se tratan de una adolescente de 14 a\u00f1os, embarazada, con s\u00edntomas respiratorios que ingresa al Hospital de Ingeniero Ju\u00e1rez y un hombre de 47 a\u00f1os de oriundo de Tacaagl\u00e9 con s\u00edntomas respiratorios, con antecedentes de viaje afuera de la provincia, que ingres\u00f3 al Hospital de Laguna Blanca. Ambos casos, junto con el caso pendiente del d\u00eda de ayer de una mujer internada en una cl\u00ednica privada, tuvieron resultado negativo a coronavirus.<\/p>\n<p style=\"text-align: justify;\">La provincia de Formosa contin\u00faa hasta la fecha sin casos confirmados.<\/p>\n<p style=\"text-align: justify;\">Cabe recordar que en el marco de la vigilancia activa en etapa de contenci\u00f3n en la provincia, se decidi\u00f3 ampliar la definici\u00f3n de casos sospechosos a neumon\u00edas graves aun sin estudios previos.<\/p>\n<p style=\"text-align: justify;\">Las l\u00edneas rotativas del 107 est\u00e1n habilitadas las 24 horas del d\u00eda para la atenci\u00f3n de las personas que lo necesiten, son atendidas por un equipo multidisciplinario de m\u00e9dicos, psic\u00f3logos y trabajadores sociales.<\/p>\n<p style=\"text-align: justify;\"><strong>Ingreso administrado a la provincia<\/strong><\/p>\n<p style=\"text-align: justify;\">Ya se est\u00e1 implementando el ingreso ordenado y administrado a la Provincia en los centros de alojamiento preventivos dispuestos al efecto.<\/p>\n<p style=\"text-align: justify;\">\u00abQueremos destacar la actitud solidaria de entidades p\u00fablicas y privadas que han puesto a disposici\u00f3n su infraestructura para atender esta situaci\u00f3n, que son el C\u00edrculo de Oficiales de la Polic\u00eda, el Sindicato Vial, la Fundaci\u00f3n Racimo y propietarios de los hoteles Rony, Col\u00f3n y Real de la ciudad capital, Victoria y Gran Victoria de Piran\u00e9 y el Portal del Oeste de Las Lomitas\u00bb, resalt\u00f3 el ministro.<\/p>\n<p style=\"text-align: justify;\">En el d\u00eda de ayer ingresaron a la provincia 414 veh\u00edculos de los cuales 363 eran camiones de carga.<\/p>\n<p style=\"text-align: justify;\">Son un total de 573 personas, de la cuales 138 ingresaron con intenci\u00f3n de permanecer en la provincia, entrando 103 por Mansilla, 26 por Puente Libertad, 1 por Loyola,6 por l\u00ednea Barilari y 2 por Ca\u00f1ada Rica.<\/p>\n<p style=\"text-align: justify;\"><strong>Aislamiento obligatorio<\/strong><\/p>\n<p style=\"text-align: justify;\">Existen1.358 personas con aislamiento obligatorio y preventivo sometidas al protocolo sanitario y bajo control de la Polic\u00eda provincial y de agentes del sistema de salud.<\/p>\n<p style=\"text-align: justify;\">Son 681 personas en el interior provincial y 677 en la ciudad capital, habi\u00e9ndose dado de alta a 23 personasen las \u00faltimas 24hs por cumplimento de la cuarentena sin presentar s\u00edntomas.<\/p>\n<p style=\"text-align: justify;\"><strong>Control en la v\u00eda p\u00fablica<\/strong><\/p>\n<p style=\"text-align: justify;\">Fueron controladas 36.803 personas en la v\u00eda p\u00fablica (de las cuales 28.880 lo fueron v\u00eda aplicaci\u00f3n digital) en el marco de la tarea preventiva que lleva adelante la Polic\u00eda de la Provincia.<\/p>\n<p style=\"text-align: justify;\">Fueron judicializadas 374 personas por incumplir las restricciones de circulaci\u00f3n, inici\u00e1ndose las causas penales correspondientes. Se controlaron 8.087 veh\u00edculos y se secuestraron 7 de ellos.<\/p>\n","protected":false},"excerpt":{"rendered":"<div class=\"mh-excerpt\"><p>En el parte informativo de este mi\u00e9rcoles del Consejo de Atenci\u00f3n a la Emergencia COVID-19, el ministro de gobierno Jorge Gonz\u00e1lez inform\u00f3 que en el <a class=\"mh-excerpt-more\" href=\"https:\/\/primiciasclorinda.com\/?p=18733\" title=\"Hay un caso sospechoso de coronavirus; se trata de un mujer que volvi\u00f3 de Buenos Aires en las \u00faltimas 48hs\">[&#8230;]<\/a><\/p>\n<\/div>","protected":false},"author":3,"featured_media":18734,"comment_status":"open","ping_status":"open","sticky":false,"template":"","format":"standard","meta":{"footnotes":""},"categories":[4,3],"tags":[2870,3005,58],"class_list":["post-18733","post","type-post","status-publish","format-standard","has-post-thumbnail","hentry","category-informacion-general","category-politica-economia","tag-coronavirus","tag-covid-19","tag-gobierno-de-formosa"],"_links":{"self":[{"href":"https:\/\/primiciasclorinda.com\/index.php?rest_route=\/wp\/v2\/posts\/18733","targetHints":{"allow":["GET"]}}],"collection":[{"href":"https:\/\/primiciasclorinda.com\/index.php?rest_route=\/wp\/v2\/posts"}],"about":[{"href":"https:\/\/primiciasclorinda.com\/index.php?rest_route=\/wp\/v2\/types\/post"}],"author":[{"embeddable":true,"href":"https:\/\/primiciasclorinda.com\/index.php?rest_route=\/wp\/v2\/users\/3"}],"replies":[{"embeddable":true,"href":"https:\/\/primiciasclorinda.com\/index.php?rest_route=%2Fwp%2Fv2%2Fcomments&post=18733"}],"version-history":[{"count":1,"href":"https:\/\/primiciasclorinda.com\/index.php?rest_route=\/wp\/v2\/posts\/18733\/revisions"}],"predecessor-version":[{"id":18735,"href":"https:\/\/primiciasclorinda.com\/index.php?rest_route=\/wp\/v2\/posts\/18733\/revisions\/18735"}],"wp:featuredmedia":[{"embeddable":true,"href":"https:\/\/primiciasclorinda.com\/index.php?rest_route=\/wp\/v2\/media\/18734"}],"wp:attachment":[{"href":"https:\/\/primiciasclorinda.com\/index.php?rest_route=%2Fwp%2Fv2%2Fmedia&parent=18733"}],"wp:term":[{"taxonomy":"category","embeddable":true,"href":"https:\/\/primiciasclorinda.com\/index.php?rest_route=%2Fwp%2Fv2%2Fcategories&post=18733"},{"taxonomy":"post_tag","embeddable":true,"href":"https:\/\/primiciasclorinda.com\/index.php?rest_route=%2Fwp%2Fv2%2Ftags&post=18733"}],"curies":[{"name":"wp","href":"https:\/\/api.w.org\/{rel}","templated":true}]}}