{"id":18705,"date":"2020-04-21T18:41:21","date_gmt":"2020-04-21T21:41:21","guid":{"rendered":"http:\/\/primiciasclorinda.com\/?p=18705"},"modified":"2020-04-21T18:41:21","modified_gmt":"2020-04-21T21:41:21","slug":"ministros-afirman-que-el-aislamiento-va-a-seguir-pero-con-caracteristicas-distintas","status":"publish","type":"post","link":"https:\/\/primiciasclorinda.com\/?p=18705","title":{"rendered":"Ministros afirman que el aislamiento \u00abva a seguir\u00bb, pero con \u00abcaracter\u00edsticas distintas\u00bb"},"content":{"rendered":"<p style=\"text-align: justify;\">El ministro del Interior y sus pares de Salud y Transporte se refirieron a las medidas para mitigar el avance del coronavirus y a su continuidad m\u00e1s all\u00e1 del 26 de abril.<\/p>\n<p style=\"text-align: justify;\">Ministros del gobierno nacional afirmaron que el aislamiento obligatorio establecido para mitigar el avance del coronavirus \u00abva a seguir\u00bb despu\u00e9s del 26 de abril, \u00abs\u00f3lo que con caracter\u00edsticas distintas\u00bb, y dijeron que los gobernadores \u00abest\u00e1n de acuerdo con mantener la cuarentena\u00bb m\u00e1s all\u00e1 del domingo.<\/p>\n<p style=\"text-align: justify;\">El ministro del Interior, Eduardo &#8216;Wado&#8217; de Pedro, fue uno de los funcionarios que plante\u00f3 este escenario al afirmar que \u00abel concepto de cuarentena sigue\u00bb y que \u00ablos gobernadores est\u00e1n de acuerdo\u00bb en mantenerla m\u00e1s all\u00e1 del domingo 26, cuando vence el aislamiento que comenz\u00f3 el 20 de marzo y se fue extendiendo en distintas fases.<\/p>\n<p style=\"text-align: justify;\">\u00abEl concepto cuarentena sigue: la protecci\u00f3n, las medidas, el distanciamiento y la protecci\u00f3n a nuestros adultos mayores, ese concepto sigue. Lo que vamos a hacer es ir definiendo d\u00eda a d\u00eda, qu\u00e9 actividades van a ir comenzando a funcionar\u00bb, precis\u00f3 De Pedro durante una recorrida por la estaci\u00f3n de trenes de Retiro.<\/p>\n<p style=\"text-align: justify;\">De Pedro aclar\u00f3, no obstante, que para reimpulsar algunas actividades \u00abse requiere un protocolo de salud y eso es lo que hacen los expertos\u00bb.<\/p>\n<p style=\"text-align: justify;\">Aclar\u00f3 que tambi\u00e9n es imprescindible que exista un pedido elevado por un gobernador de provincia, que es quien tiene que \u00bb solicitar a la Jefatura de Gabinete el listado de las actividades\u00bb que considera lista para volver a funcionar, junto con su protocolo.<\/p>\n<p style=\"text-align: justify;\">En el mismo sentido se expres\u00f3 el ministro de Salud, Gin\u00e9s Gonz\u00e1lez Garc\u00eda, quien sentenci\u00f3 que \u00abla cuarentena va a seguir, pero habr\u00e1 aperturas en distintos lugares\u00bb. \u00abSer\u00e1 una cuarentena con caracter\u00edsticas distintas\u00bb, afirm\u00f3.<\/p>\n<p style=\"text-align: justify;\">Respecto a la reactivaci\u00f3n de algunas ramas de la econom\u00eda, con las debidas recomendaciones sanitarias y protocolos, el ministro de Salud consider\u00f3 que \u00abes un paso a paso y va a ser distinto seg\u00fan los lugares del pa\u00eds\u00bb.<\/p>\n<p style=\"text-align: justify;\">De todas formas, el funcionario advirti\u00f3 que, en el caso de que lleguen a \u00abcambiar las condiciones de cada jurisdicci\u00f3n, si empiezan a duplicarse los casos y hay m\u00e1s mortalidad, volveremos a esta receta inicial que nos dio tan buen resultado\u00bb, en referencia al aislamiento social, preventivo y obligatorio.<\/p>\n<p style=\"text-align: justify;\">Gonz\u00e1lez Garc\u00eda mencion\u00f3 que primero van a \u00abempezar por geograf\u00eda, charlando con cada jurisdicci\u00f3n, por nivel epidemiol\u00f3gico y nivel de circulaci\u00f3n o no del virus\u00bb, para focalizar eventuales aperturas en el aislamiento a partir del pr\u00f3ximo domingo.<\/p>\n<p style=\"text-align: justify;\">\u00abEl transporte es decisivo en la explosi\u00f3n que tuvo en algunos lugares la pandemia, como en Nueva York\u00bb, por esto \u00abtenemos que ser muy restrictivos con el tema y no permitir viajes interjurisdiccionales\u00bb, sostuvo el ministro de Salud.<\/p>\n<p style=\"text-align: justify;\">En esa l\u00ednea, el ministro de Transporte, Mario Meoni, manifest\u00f3 que \u00absemana a semana se van liberando nuevas actividades y en funci\u00f3n de eso se van incorporando m\u00e1s unidades de colectivos\u00bb, pero \u00aben trenes es m\u00e1s dificultoso porque no hay muchas posibilidades de crecer\u00bb.<\/p>\n<p style=\"text-align: justify;\">Con respecto al transporte de media y larga distancia, Meoni consider\u00f3 que \u00abes imposible\u00bb que se reanude \u00abesta semana\u00bb pero cont\u00f3 que est\u00e1 \u00abhaciendo una ronda de consulta con todos los gobernadores para empezar a trabajar\u00bb, as\u00ed como tambi\u00e9n con los municipios, para lograr \u00abconectividad regional\u00bb pero \u00abde manera administrada\u00bb, con \u00abcorredores seguros de punta a punta\u00bb.<\/p>\n<p style=\"text-align: justify;\">En la provincia de Buenos Aires, la ministra de Gobierno Teresa Garc\u00eda coincidi\u00f3 en la descripci\u00f3n y dijo que \u00abtodos los intendentes\u00bb pidieron \u00abno suspender la cuarentena\u00bb durante un encuentro realizado con el mandatario provincial Axel Kicillof.<\/p>\n<p style=\"text-align: justify;\">Al respecto, Garc\u00eda indic\u00f3 que una de las preocupaciones de la administraci\u00f3n bonaerense pasa por el transporte p\u00fablico y anticip\u00f3 que pronto estar\u00e1 listo \u00abun nuevo protocolo que fijar\u00e1 las condiciones\u00bb ajustadas a las \u00abactividades esenciales\u00bb.<\/p>\n<p style=\"text-align: justify;\">Por su parte, Kicillof reiter\u00f3 que su administraci\u00f3n evaluar\u00e1 \u00abtodas las excepciones\u00bb solicitadas por los intendentes y dijo que las elevar\u00e1n al gobierno nacional para que defina.<\/p>\n<p style=\"text-align: justify;\">Tambi\u00e9n el vicejefe del gobierno de la ciudad de Buenos Aires, Diego Santilli, adelant\u00f3 que est\u00e1n analizando \u00abuna bater\u00eda de medidas\u00bb para elevar al Poder Ejecutivo Nacional con excepciones al aislamiento social, entre las que plante\u00f3 \u00abla reanudaci\u00f3n de ciertas obras de construcci\u00f3n, explicando muy bien c\u00f3mo, cu\u00e1ndo y d\u00f3nde se podr\u00edan retomar estas actividades\u00bb.<\/p>\n<p style=\"text-align: justify;\">Santilli tambi\u00e9n dijo que otra excepci\u00f3n que podr\u00edan solicitar \u00abtiene que ver con la gastronom\u00eda, poder retirar alimentos, lo que se conoce como `take away\u00b4, ya que hoy este sector est\u00e1 funcionando s\u00f3lo con la modalidad de delivery\u00bb.<\/p>\n<p style=\"text-align: justify;\">En el marco del aislamiento y las excepciones que se van otorgando, en la provincia de Jujuy se autoriz\u00f3 a la realizaci\u00f3n de actividad f\u00edsica en espacios p\u00fablicos y en Tierra del Fuego se limitar\u00e1 a tres horas el tiempo que tendr\u00e1n los habitantes para realizar las compras durante la cuarentena, con controles a trav\u00e9s de una aplicaci\u00f3n para tel\u00e9fonos celulares que ser\u00e1 presentada esta semana.<\/p>\n","protected":false},"excerpt":{"rendered":"<div class=\"mh-excerpt\"><p>El ministro del Interior y sus pares de Salud y Transporte se refirieron a las medidas para mitigar el avance del coronavirus y a su <a class=\"mh-excerpt-more\" href=\"https:\/\/primiciasclorinda.com\/?p=18705\" title=\"Ministros afirman que el aislamiento \u00abva a seguir\u00bb, pero con \u00abcaracter\u00edsticas distintas\u00bb\">[&#8230;]<\/a><\/p>\n<\/div>","protected":false},"author":3,"featured_media":18706,"comment_status":"open","ping_status":"open","sticky":false,"template":"","format":"standard","meta":{"footnotes":""},"categories":[3],"tags":[173,3005,3034],"class_list":["post-18705","post","type-post","status-publish","format-standard","has-post-thumbnail","hentry","category-politica-economia","tag-argentina","tag-covid-19","tag-cuarentena"],"_links":{"self":[{"href":"https:\/\/primiciasclorinda.com\/index.php?rest_route=\/wp\/v2\/posts\/18705","targetHints":{"allow":["GET"]}}],"collection":[{"href":"https:\/\/primiciasclorinda.com\/index.php?rest_route=\/wp\/v2\/posts"}],"about":[{"href":"https:\/\/primiciasclorinda.com\/index.php?rest_route=\/wp\/v2\/types\/post"}],"author":[{"embeddable":true,"href":"https:\/\/primiciasclorinda.com\/index.php?rest_route=\/wp\/v2\/users\/3"}],"replies":[{"embeddable":true,"href":"https:\/\/primiciasclorinda.com\/index.php?rest_route=%2Fwp%2Fv2%2Fcomments&post=18705"}],"version-history":[{"count":1,"href":"https:\/\/primiciasclorinda.com\/index.php?rest_route=\/wp\/v2\/posts\/18705\/revisions"}],"predecessor-version":[{"id":18707,"href":"https:\/\/primiciasclorinda.com\/index.php?rest_route=\/wp\/v2\/posts\/18705\/revisions\/18707"}],"wp:featuredmedia":[{"embeddable":true,"href":"https:\/\/primiciasclorinda.com\/index.php?rest_route=\/wp\/v2\/media\/18706"}],"wp:attachment":[{"href":"https:\/\/primiciasclorinda.com\/index.php?rest_route=%2Fwp%2Fv2%2Fmedia&parent=18705"}],"wp:term":[{"taxonomy":"category","embeddable":true,"href":"https:\/\/primiciasclorinda.com\/index.php?rest_route=%2Fwp%2Fv2%2Fcategories&post=18705"},{"taxonomy":"post_tag","embeddable":true,"href":"https:\/\/primiciasclorinda.com\/index.php?rest_route=%2Fwp%2Fv2%2Ftags&post=18705"}],"curies":[{"name":"wp","href":"https:\/\/api.w.org\/{rel}","templated":true}]}}