{"id":18499,"date":"2020-04-08T09:02:20","date_gmt":"2020-04-08T12:02:20","guid":{"rendered":"http:\/\/primiciasclorinda.com\/?p=18499"},"modified":"2020-04-08T09:02:20","modified_gmt":"2020-04-08T12:02:20","slug":"el-presidente-sumo-el-apoyo-de-gobernadores-para-extender-el-aislamiento-y-flexibilizarla-de-modo-gradual","status":"publish","type":"post","link":"https:\/\/primiciasclorinda.com\/?p=18499","title":{"rendered":"El Presidente sum\u00f3 el apoyo de gobernadores para extender el aislamiento y flexibilizarla de modo gradual"},"content":{"rendered":"<p style=\"text-align: justify;\">Desde la residencia de Olivos, el mandatario se comunic\u00f3 mediante videoconferencia con los 23 gobernadores y el jefe de Gobierno porte\u00f1o, Horacio Rodr\u00edguez Larreta, para analizar la situaci\u00f3n de cada distrito.<\/p>\n<p style=\"text-align: justify;\">El presidente Alberto Fern\u00e1ndez sum\u00f3este martes el respaldo de los 23 gobernadores y del jefe de Gobierno porte\u00f1o, Horacio Rodr\u00edguez Larreta, para extender el aislamiento por el coronavirus y flexibilizar \u00abde a poco\u00bb algunas actividades a partir del pr\u00f3ximo lunes 13, aunque advirti\u00f3 que \u00abhay que evitar el relajamiento\u00bb con la medida.<\/p>\n<p style=\"text-align: justify;\">Fern\u00e1ndez se comunic\u00f3 con los mandatarios provinciales mediante videoconferencia desde la residencia de Olivos y les indic\u00f3 que el per\u00edodo de cuarentena \u00abva a seguir\u00bb despu\u00e9s de Semana Santa, seg\u00fan indicaron a T\u00e9lam fuentes oficiales.<\/p>\n<p style=\"text-align: justify;\">Durante el intercambio, el jefe de Estado consign\u00f3 que las restricciones se ir\u00e1n flexibilizando \u00abde a poco\u00bb y le pidi\u00f3 a los gobernadores \u00abaunar criterios\u00bb al respecto para \u00abno tirar por la borda el esfuerzo\u00bb invertido desde el 20 de marzo, cuando se anunciaron las restricciones,<\/p>\n<p style=\"text-align: justify;\">Tambi\u00e9n les solicit\u00f3 que \u00abestudien\u00bb el sistema de transporte p\u00fablico en sus distritos para garantizar que \u00abse use al m\u00ednimo\u00bb.<\/p>\n<p style=\"text-align: justify;\">Las fuentes se\u00f1alaron a esta agencia que el mandatario expres\u00f3 adem\u00e1s que \u00abhay que evitar el relajamiento con la cuarentena\u00bb porque \u00abtodav\u00eda no se termina de tomar dimensi\u00f3n del estado real de situaci\u00f3n\u00bb a ra\u00edz de la enfermedad.<\/p>\n<p style=\"text-align: justify;\">Los gobernadores, por su parte, brindaron su apoyo a la posici\u00f3n del jede de Estado, a\u00f1adieron portavoces oficiales.<\/p>\n<p style=\"text-align: justify;\">El Presidente estuvo acompa\u00f1ado en forma presencial por Rodr\u00edguez Larreta y el gobernador bonaerense, Axel Kicillof, adem\u00e1s de los ministros del Interior, Eduardo \u00abWado\u00bb De Pedro, y de Salud, Gin\u00e9s Gonz\u00e1lez Garc\u00eda, entre otros funcionarios.<\/p>\n<p style=\"text-align: justify;\">Tambi\u00e9n se analiz\u00f3 un plan destinado a preservar la salud de los adultos mayores, que son parte de la poblaci\u00f3n de riesgo de la enfermedad.<\/p>\n<p style=\"text-align: justify;\">En ese aspecto, Fern\u00e1ndez pidi\u00f3 \u00abconcientizar\u00bb a esa franja etaria y asegur\u00f3 que \u00abante cualquier mecanismo, de ning\u00fan modo va a ser flexibilizada la cuarentena para los adultos mayores porque, cuanto m\u00e1s los aislemos, mejor ser\u00e1\u00bb.<\/p>\n<p style=\"text-align: justify;\">Por su parte, Kicillof y Rodr\u00edguez Larreta coincidieron en \u00abaislar a la franja m\u00e1s sensible\u00bb, por lo que plantearon que resulta necesario \u00abadaptarse y ser flexibles a las realidades de cada provincia para lograr un aislamiento absoluto\u00bb de los adultos mayores, incluso si se necesitaran \u00abmedidas adicionales\u00bb.<\/p>\n<p style=\"text-align: justify;\">Por teleconferencia participaron los mandatarios de Chaco, Jorge Capitanich; de Chubut, Mariano Arcioni; de C\u00f3rdoba, Juan Schiaretti; de Corrientes, Gustavo Vald\u00e9s; de Entre R\u00edos, Gustavo Bordet; de Formosa, Gildo Insfr\u00e1n; de Jujuy, Gerardo Morales; de La Pampa, Sergio Ziliotto; de La Rioja, Ricardo Quintela, y de Misiones, Oscar Herrera Ahuad.<\/p>\n<p style=\"text-align: justify;\">Tambi\u00e9n los gobernadores de Neuqu\u00e9n, Omar Guti\u00e9rrez; de R\u00edo Negro, Arabela Carreras; de Salta, Gustavo S\u00e1enz; de San Juan, Sergio U\u00f1ac; de San Luis, Alberto Rodr\u00edguez Sa\u00e1; de Santa Fe, Omar Perotti; de Santiago del Estero, Gerardo Zamora; de Tucum\u00e1n, Juan Manzur; de Catamarca, Ra\u00fal Jalil; de Santa Cruz, Alicia Kirchner; de Tierra del Fuego, Gustavo Melella, y de Mendoza, Rodolfo Su\u00e1rez.<\/p>\n<p style=\"text-align: justify;\">Rodr\u00edguez Larreta afirm\u00f3 a su vez que el aislamiento por el coronavirus \u00abcontinuar\u00e1\u00bb pero aclar\u00f3 que el Presidente dar\u00e1 los detalles al respecto, y anunci\u00f3 que este jueves comenzar\u00e1 en la ciudad de Buenos Aires la vacunaci\u00f3n antigripal de adultos mayores de 65 a\u00f1os en 80 centros especiales.<\/p>\n<p style=\"text-align: justify;\">Por su parte, Mellela anticip\u00f3 que \u00abcualquier flexibilizaci\u00f3n que vaya a implementase a partir del lunes no es el fin de la cuarentena\u00bb, que est\u00e1, dijo, \u00abmuy lejos de terminarse\u00bb, por lo que pidi\u00f3 \u00abno cantar victoria\u00bb.<\/p>\n<p style=\"text-align: justify;\">\u00abEstamos trabajando para flexibilizarla, pero de ninguna manera terminarla\u00bb, asegur\u00f3 el mandatario fueguino en un comunicado e insisti\u00f3 en que \u00aba partir del lunes habr\u00e1 una focalizaci\u00f3n en peque\u00f1os sectores, la cual debe ser controlada y contenida\u00bb.<\/p>\n<p style=\"text-align: justify;\">El Presidente se hab\u00eda reunido con los 24 mandatarios el 19 de marzo pasado, tambi\u00e9n en Olivos, horas antes de anunciar el aislamiento obligatorio que se cumpli\u00f3 el 31 de marzo y fue prorrogado hasta el domingo 12.<\/p>\n<p style=\"text-align: justify;\">Antes de esa reuni\u00f3n virtual, Fern\u00e1ndez y De Pedro recorrieron las instalaciones del Centro Sanitario Tecn\u00f3polis, donde se montar\u00e1 un dispositivo que inicialmente tendr\u00e1 2.500 camas no hospitalarias.<\/p>\n<p style=\"text-align: justify;\">Por su parte, el Comit\u00e9 de Crisis, integrado por el Gobierno y los sectores industrial, comercial y sindical, analiz\u00f3 hoy c\u00f3mo flexibilizar el aislamiento social, preventivo y obligatorio por actividad productiva, a partir del pr\u00f3ximo lunes 13 de abril, \u00absin afectar la salud\u00bb de la poblaci\u00f3n en general.<\/p>\n<p style=\"text-align: justify;\">A su t\u00e9rmino, el ministro de Trabajo, Claudio Moroni, sostuvo que se avanzar\u00e1 \u00aben la medida en que se puedan desarrollar algunas actividades sin afectar la salud de la poblaci\u00f3n; las otras seguiremos tratando de ver\u00bb, aclar\u00f3.<\/p>\n<p style=\"text-align: justify;\">Por otro lado, el ministro de Desarrollo Social, Daniel Arroyo, exigi\u00f3 hoy la renuncia al secretario de Articulaci\u00f3n de Pol\u00edticas Sociales, Gonzalo Calvo, quien autoriz\u00f3 compras de az\u00facar y aceite a valores por encima de los \u00abprecios testigo\u00bb fijados por la Sigen.<\/p>\n<p style=\"text-align: justify;\">La decisi\u00f3n surgi\u00f3 como \u00abprimer resultado de la investigaci\u00f3n que se inici\u00f3 ayer\u00bb sobre el proceso de compra de partidas de aceite y az\u00facar que ser\u00e1n repartidas entre comedores y merenderos de las zonas m\u00e1s vulnerables del pa\u00eds.<\/p>\n<p style=\"text-align: justify;\">Asimismo, el Gobierno resolvi\u00f3 hoy que en los procesos de compra que se realicen para atender la emergencia en el marco del Procedimiento de Contrataci\u00f3n de Bienes y Servicios \u00abno podr\u00e1 en ning\u00fan caso abonarse montos superiores a los precios m\u00e1ximos\u00bb establecidos por la Secretar\u00eda de Comercio Interior.<\/p>\n<p style=\"text-align: justify;\">Al mediod\u00eda, Fern\u00e1ndez felicit\u00f3 en persona a los profesionales del Instituto Malbr\u00e1n y agradeci\u00f3 a los investigadores por haber desarrollado un avance cient\u00edfico que permitir\u00e1 asegurar la calidad del diagn\u00f3stico del coronavirus.<\/p>\n","protected":false},"excerpt":{"rendered":"<div class=\"mh-excerpt\"><p>Desde la residencia de Olivos, el mandatario se comunic\u00f3 mediante videoconferencia con los 23 gobernadores y el jefe de Gobierno porte\u00f1o, Horacio Rodr\u00edguez Larreta, para <a class=\"mh-excerpt-more\" href=\"https:\/\/primiciasclorinda.com\/?p=18499\" title=\"El Presidente sum\u00f3 el apoyo de gobernadores para extender el aislamiento y flexibilizarla de modo gradual\">[&#8230;]<\/a><\/p>\n<\/div>","protected":false},"author":3,"featured_media":18500,"comment_status":"open","ping_status":"open","sticky":false,"template":"","format":"standard","meta":{"footnotes":""},"categories":[3],"tags":[2467,3034,20],"class_list":["post-18499","post","type-post","status-publish","format-standard","has-post-thumbnail","hentry","category-politica-economia","tag-alberto-fernandez","tag-cuarentena","tag-gobernadores"],"_links":{"self":[{"href":"https:\/\/primiciasclorinda.com\/index.php?rest_route=\/wp\/v2\/posts\/18499","targetHints":{"allow":["GET"]}}],"collection":[{"href":"https:\/\/primiciasclorinda.com\/index.php?rest_route=\/wp\/v2\/posts"}],"about":[{"href":"https:\/\/primiciasclorinda.com\/index.php?rest_route=\/wp\/v2\/types\/post"}],"author":[{"embeddable":true,"href":"https:\/\/primiciasclorinda.com\/index.php?rest_route=\/wp\/v2\/users\/3"}],"replies":[{"embeddable":true,"href":"https:\/\/primiciasclorinda.com\/index.php?rest_route=%2Fwp%2Fv2%2Fcomments&post=18499"}],"version-history":[{"count":1,"href":"https:\/\/primiciasclorinda.com\/index.php?rest_route=\/wp\/v2\/posts\/18499\/revisions"}],"predecessor-version":[{"id":18501,"href":"https:\/\/primiciasclorinda.com\/index.php?rest_route=\/wp\/v2\/posts\/18499\/revisions\/18501"}],"wp:featuredmedia":[{"embeddable":true,"href":"https:\/\/primiciasclorinda.com\/index.php?rest_route=\/wp\/v2\/media\/18500"}],"wp:attachment":[{"href":"https:\/\/primiciasclorinda.com\/index.php?rest_route=%2Fwp%2Fv2%2Fmedia&parent=18499"}],"wp:term":[{"taxonomy":"category","embeddable":true,"href":"https:\/\/primiciasclorinda.com\/index.php?rest_route=%2Fwp%2Fv2%2Fcategories&post=18499"},{"taxonomy":"post_tag","embeddable":true,"href":"https:\/\/primiciasclorinda.com\/index.php?rest_route=%2Fwp%2Fv2%2Ftags&post=18499"}],"curies":[{"name":"wp","href":"https:\/\/api.w.org\/{rel}","templated":true}]}}