{"id":18422,"date":"2020-04-05T20:57:37","date_gmt":"2020-04-05T23:57:37","guid":{"rendered":"http:\/\/primiciasclorinda.com\/?p=18422"},"modified":"2020-04-05T20:57:37","modified_gmt":"2020-04-05T23:57:37","slug":"formosa-mantiene-su-status-libre-de-coronavirus","status":"publish","type":"post","link":"https:\/\/primiciasclorinda.com\/?p=18422","title":{"rendered":"Formosa mantiene su status libre de coronavirus"},"content":{"rendered":"<p style=\"text-align: justify;\">El Consejo de Atenci\u00f3n Integral a la Emergencia COVID-19 a trav\u00e9s del parte informativo diario sobre Coronavirus en Formosa, correspondiente al domingo 5 de abril, inform\u00f3 que la provincia contin\u00faan sin casos sospechosos de Coronavirus seg\u00fan protocolo sanitario nacional, lo que convierte a Formosa en una de las tres jurisdicciones del pa\u00eds sin COVID19.<\/p>\n<p style=\"text-align: justify;\">*Se descartaron dos casos sospechosos, ingresados el d\u00eda s\u00e1bado. Una mujer de 68 a\u00f1os y un hombre de 75, ambos internados en el HAC con neumon\u00eda grave.<\/p>\n<p style=\"text-align: justify;\">Participaron de la conferencia de prensa de lectura del parte del Consejo, el ministro de Gobierno, Jorge Gonz\u00e1lez, el ministro de la Comunidad An\u00edbal G\u00f3mez, y el director de Epidemiolog\u00eda de la provincia, Mario Romero Bruno.<\/p>\n<p style=\"text-align: justify;\">En ese marco se inform\u00f3 que el s\u00e1bado 4, ingresaron dos casos sospechosos al protocolo sanitario, cuyos resultados fueron negativos ambos para coronavirus.<\/p>\n<p style=\"text-align: justify;\">Se tratan de una mujer de la Ciudad Capital, de 68 a\u00f1os, con antecedentes de hipotiroidismo y cursando una neumon\u00eda grave, y de un paciente de 75 a\u00f1os de Clorinda, con antecedentes de cardiopat\u00eda y actualmente con asistencia respiratoria mec\u00e1nica por neumon\u00eda grave. Ambos pacientes se encuentran internados en el Hospital del Alta Complejidad.<\/p>\n<p style=\"text-align: justify;\">Se explic\u00f3 adem\u00e1s que en el marco de la vigilancia activa en etapa de contenci\u00f3n que se lleva adelante en todo el territorio provincial, se decidi\u00f3 ampliar la definici\u00f3n de caso sospechoso a neumonias graves, a\u00fan sin estudios previos, que deban ser internados en la unidad de cuidados cr\u00edticos del Hospital de Alta Complejidad, designado \u00e9ste como Unidad Centinela en esta estrategia de vigilancia intensificada.<\/p>\n<p style=\"text-align: justify;\">Se record\u00f3 tambi\u00e9n que las l\u00edneas rotativas del 107 est\u00e1n habilitadas las 24 horas del d\u00eda para la atenci\u00f3n y orientaci\u00f3n de las personas que lo requieran en el marco de esta emergencia sanitaria, siendo atendida por un equipo de personal de salud multidisciplinario, incluyendo m\u00e9dicos, psic\u00f3logos, trabajadores sociales y operadores capacitados.<\/p>\n<p style=\"text-align: justify;\">Aislamiento obligatorio<\/p>\n<p style=\"text-align: justify;\">La provincia inform\u00f3 que existen 429 personas con aislamiento obligatorio, sometidas al protocolo sanitario en car\u00e1cter preventivo y bajo control por parte de la Polic\u00eda provincial y de los agentes de salud.<\/p>\n<p style=\"text-align: justify;\">En el interior provincial son 215 las personas en esta condici\u00f3n y 214 en la ciudad capital, habi\u00e9ndose dado de alta a 68 personas en las \u00faltimas 24 horas por cumplimento de la cuarentena sin presentar s\u00edntomas.<\/p>\n<p style=\"text-align: justify;\">En cuanto a los ingresos a la provincia 370 personas y 338 veh\u00edculos, de los cuales 314 eran camiones de carga. Ninguna de las personas controladas present\u00f3 s\u00edntomas compatibles con coronavirus, aunque igualmente se las deriva, salvo excepci\u00f3n legal, a la Unidad de Pronta Atenci\u00f3n de la Contingencia (UPAC) para su evaluaci\u00f3n y posterior definici\u00f3n de las medidas preventivas a cumplir.<\/p>\n<p style=\"text-align: justify;\">En la v\u00eda p\u00fablica fueron controladas 5.499 personas en el marco de la tarea preventiva que lleva adelante la Polic\u00eda de la Provincia en todas las localidades. Fueron judicializadas 391 personas por incumplir las restricciones de circulaci\u00f3n, inici\u00e1ndose las causas penales correspondientes. Se controlaron 3.941 veh\u00edculos y se secuestraron 10 de ellos.<\/p>\n","protected":false},"excerpt":{"rendered":"<div class=\"mh-excerpt\"><p>El Consejo de Atenci\u00f3n Integral a la Emergencia COVID-19 a trav\u00e9s del parte informativo diario sobre Coronavirus en Formosa, correspondiente al domingo 5 de abril, <a class=\"mh-excerpt-more\" href=\"https:\/\/primiciasclorinda.com\/?p=18422\" title=\"Formosa mantiene su status libre de coronavirus\">[&#8230;]<\/a><\/p>\n<\/div>","protected":false},"author":3,"featured_media":18423,"comment_status":"open","ping_status":"open","sticky":false,"template":"","format":"standard","meta":{"footnotes":""},"categories":[4,3],"tags":[3023,23],"class_list":["post-18422","post","type-post","status-publish","format-standard","has-post-thumbnail","hentry","category-informacion-general","category-politica-economia","tag-covid19","tag-formosa"],"_links":{"self":[{"href":"https:\/\/primiciasclorinda.com\/index.php?rest_route=\/wp\/v2\/posts\/18422","targetHints":{"allow":["GET"]}}],"collection":[{"href":"https:\/\/primiciasclorinda.com\/index.php?rest_route=\/wp\/v2\/posts"}],"about":[{"href":"https:\/\/primiciasclorinda.com\/index.php?rest_route=\/wp\/v2\/types\/post"}],"author":[{"embeddable":true,"href":"https:\/\/primiciasclorinda.com\/index.php?rest_route=\/wp\/v2\/users\/3"}],"replies":[{"embeddable":true,"href":"https:\/\/primiciasclorinda.com\/index.php?rest_route=%2Fwp%2Fv2%2Fcomments&post=18422"}],"version-history":[{"count":1,"href":"https:\/\/primiciasclorinda.com\/index.php?rest_route=\/wp\/v2\/posts\/18422\/revisions"}],"predecessor-version":[{"id":18424,"href":"https:\/\/primiciasclorinda.com\/index.php?rest_route=\/wp\/v2\/posts\/18422\/revisions\/18424"}],"wp:featuredmedia":[{"embeddable":true,"href":"https:\/\/primiciasclorinda.com\/index.php?rest_route=\/wp\/v2\/media\/18423"}],"wp:attachment":[{"href":"https:\/\/primiciasclorinda.com\/index.php?rest_route=%2Fwp%2Fv2%2Fmedia&parent=18422"}],"wp:term":[{"taxonomy":"category","embeddable":true,"href":"https:\/\/primiciasclorinda.com\/index.php?rest_route=%2Fwp%2Fv2%2Fcategories&post=18422"},{"taxonomy":"post_tag","embeddable":true,"href":"https:\/\/primiciasclorinda.com\/index.php?rest_route=%2Fwp%2Fv2%2Ftags&post=18422"}],"curies":[{"name":"wp","href":"https:\/\/api.w.org\/{rel}","templated":true}]}}