{"id":18138,"date":"2020-03-20T10:20:20","date_gmt":"2020-03-20T13:20:20","guid":{"rendered":"http:\/\/primiciasclorinda.com\/?p=18138"},"modified":"2020-03-20T10:20:20","modified_gmt":"2020-03-20T13:20:20","slug":"ruben-acosta-pidio-a-la-cooperativa-que-no-suspenda-los-servicios-mientras-dure-la-crisis","status":"publish","type":"post","link":"https:\/\/primiciasclorinda.com\/?p=18138","title":{"rendered":"Rub\u00e9n Acosta pidi\u00f3 a la Cooperativa que no suspenda los servicios mientras dure la crisis"},"content":{"rendered":"<p style=\"text-align: justify;\">En nota dirigida al Presidente, Enrique Alegre, el Concejal Rub\u00e9n Omar Acosta solicit\u00f3 no se corte los servicios a los usuarios en general y en particular a las instituciones abocadas a la emergencia sanitaria.<\/p>\n<p style=\"text-align: justify;\">\u00abTengo el agrado de dirigirme a Usted con el objeto de solicitarle se garantice el buen funcionamiento de los servicios de la Cooperativa Clorinda durante este per\u00edodo extraordinario que estamos atravesando y que son de p\u00fablico conocimiento.<\/p>\n<p style=\"text-align: justify;\">Solicito se pueda considerar pr\u00f3rrogas de vencimientos y evitar cortes de los servicios durante el per\u00edodo de cuarentena, para los usuarios en general, y particularmente se garantice el servicio de internet y telefon\u00eda (evitando posibles suspensiones o cortes) a las instituciones p\u00fablicas abocadas a la emergencia sanitaria, mientras \u00e9sta dure.<\/p>\n<p style=\"text-align: justify;\">Pido consideraci\u00f3n para los usuarios adultos mayores, que se garantice el servicio de telefon\u00eda y video cable.<\/p>\n<p style=\"text-align: justify;\">Se\u00f1or Gerente, la Cooperativa Clorinda es una instituci\u00f3n querida y solidaria de nuestra comunidad. Este per\u00edodo de emergencia mundial nos necesita a todos ayudando en lo que est\u00e1 a nuestro alcance.<\/p>\n<p style=\"text-align: justify;\">Afectuoso y respetuoso abrazo\u00bb<\/p>\n<p style=\"text-align: justify;\"><strong>Pedido p\u00fablico a Refsa<\/strong><\/p>\n<p style=\"text-align: justify;\">Acosta pidi\u00f3 adem\u00e1s p\u00fablicamente a la empresa Refsa un \u00abgesto\u00bb hacia los usuarios, \u00abRefsa, estamos esperando el anuncio de un gesto por parte de ustedes ante esta crisis extraordinaria. Suspendan los cortes por un tiempo y reprogramen los vencimientos. Defensor del Pueblo y\/o alguien del Gobierno provincial estar\u00eda bueno que se comunique con la Empresa&#8230; en cuarentena&#8230; y sin luz&#8230; no estar\u00edamos ayudando a la gente\u00bb, finaliz\u00f3.<\/p>\n<p style=\"text-align: justify;\">&#8230;<\/p>\n","protected":false},"excerpt":{"rendered":"<div class=\"mh-excerpt\"><p>En nota dirigida al Presidente, Enrique Alegre, el Concejal Rub\u00e9n Omar Acosta solicit\u00f3 no se corte los servicios a los usuarios en general y en <a class=\"mh-excerpt-more\" href=\"https:\/\/primiciasclorinda.com\/?p=18138\" title=\"Rub\u00e9n Acosta pidi\u00f3 a la Cooperativa que no suspenda los servicios mientras dure la crisis\">[&#8230;]<\/a><\/p>\n<\/div>","protected":false},"author":3,"featured_media":3868,"comment_status":"open","ping_status":"open","sticky":false,"template":"","format":"standard","meta":{"footnotes":""},"categories":[4,3],"tags":[26,117,2870,320],"class_list":["post-18138","post","type-post","status-publish","format-standard","has-post-thumbnail","hentry","category-informacion-general","category-politica-economia","tag-clorinda","tag-cooperativa-clorinda","tag-coronavirus","tag-ruben-acosta"],"_links":{"self":[{"href":"https:\/\/primiciasclorinda.com\/index.php?rest_route=\/wp\/v2\/posts\/18138","targetHints":{"allow":["GET"]}}],"collection":[{"href":"https:\/\/primiciasclorinda.com\/index.php?rest_route=\/wp\/v2\/posts"}],"about":[{"href":"https:\/\/primiciasclorinda.com\/index.php?rest_route=\/wp\/v2\/types\/post"}],"author":[{"embeddable":true,"href":"https:\/\/primiciasclorinda.com\/index.php?rest_route=\/wp\/v2\/users\/3"}],"replies":[{"embeddable":true,"href":"https:\/\/primiciasclorinda.com\/index.php?rest_route=%2Fwp%2Fv2%2Fcomments&post=18138"}],"version-history":[{"count":1,"href":"https:\/\/primiciasclorinda.com\/index.php?rest_route=\/wp\/v2\/posts\/18138\/revisions"}],"predecessor-version":[{"id":18139,"href":"https:\/\/primiciasclorinda.com\/index.php?rest_route=\/wp\/v2\/posts\/18138\/revisions\/18139"}],"wp:featuredmedia":[{"embeddable":true,"href":"https:\/\/primiciasclorinda.com\/index.php?rest_route=\/wp\/v2\/media\/3868"}],"wp:attachment":[{"href":"https:\/\/primiciasclorinda.com\/index.php?rest_route=%2Fwp%2Fv2%2Fmedia&parent=18138"}],"wp:term":[{"taxonomy":"category","embeddable":true,"href":"https:\/\/primiciasclorinda.com\/index.php?rest_route=%2Fwp%2Fv2%2Fcategories&post=18138"},{"taxonomy":"post_tag","embeddable":true,"href":"https:\/\/primiciasclorinda.com\/index.php?rest_route=%2Fwp%2Fv2%2Ftags&post=18138"}],"curies":[{"name":"wp","href":"https:\/\/api.w.org\/{rel}","templated":true}]}}