{"id":1807,"date":"2016-04-06T23:45:46","date_gmt":"2016-04-06T23:45:46","guid":{"rendered":"http:\/\/primiciasclorinda.com\/?p=1807"},"modified":"2016-04-06T23:47:09","modified_gmt":"2016-04-06T23:47:09","slug":"el-gobernador-encabeza-manana-los-festejos-por-la-fundacion-de-formosa","status":"publish","type":"post","link":"https:\/\/primiciasclorinda.com\/?p=1807","title":{"rendered":"El gobernador encabeza ma\u00f1ana los  festejos por la fundaci\u00f3n de Formosa"},"content":{"rendered":"<figure id=\"attachment_1808\" aria-describedby=\"caption-attachment-1808\" style=\"width: 554px\" class=\"wp-caption alignnone\"><img loading=\"lazy\" decoding=\"async\" class=\"size-full wp-image-1808\" src=\"http:\/\/primiciasclorinda.com\/wp-content\/uploads\/2016\/04\/retreta.jpg\" alt=\"Formosa cumple un nuevo aniversario. \" width=\"554\" height=\"369\" srcset=\"https:\/\/primiciasclorinda.com\/wp-content\/uploads\/2016\/04\/retreta.jpg 554w, https:\/\/primiciasclorinda.com\/wp-content\/uploads\/2016\/04\/retreta-300x200.jpg 300w\" sizes=\"auto, (max-width: 554px) 100vw, 554px\" \/><figcaption id=\"caption-attachment-1808\" class=\"wp-caption-text\">Formosa cumple un nuevo aniversario.<\/figcaption><\/figure>\n<p>El gobernador Gildo Insfr\u00e1n encabezar\u00e1 a las 23,15 horas de este jueves una de las facetas centrales del programa conmemorativo del 137\u00b0 aniversario de la fundaci\u00f3n de Formosa ocurrida el 8 de abril de 1879 en un acto protagonizado por el comandante Luis Jorge Fontana cuyos restos descansan en la Iglesia Catedral \u201cNuestra Se\u00f1ora del Carmen\u201d.<\/p>\n<p style=\"text-align: justify;\"><!--more--><\/p>\n<p style=\"text-align: justify;\">Frente al edificio que alberga el Museo Hist\u00f3rico y Regional \u201cJuan Pablo Duffard\u201d en avenida 25 de Mayo y Belgrano, que por muchos a\u00f1os fue la sede del Poder Ejecutivo, se realizar\u00e1 una serie de actividades art\u00edsticas y culturales ligadas a la historia formose\u00f1a.<\/p>\n<p style=\"text-align: justify;\">En esta tradicional esquina, vecinos y autoridades se concentrar\u00e1n para disfrutar minutos m\u00e1s tarde de la \u201cRetreta Fundacional\u201d un gran cuadro art\u00edstico que reunir\u00e1 a m\u00fasicos, bailarines y actores y actrices que recrearan la gesta fundacional.<\/p>\n<p style=\"text-align: justify;\"><strong>Programa<\/strong><\/p>\n<p style=\"text-align: justify;\">El subsecretario de Cultura, Alfredo Jara, anticip\u00f3 los protagonistas ser\u00e1n el ballet Folkl\u00f3rico y el Coro y Orquesta \u201cMaestros Oscar Cardozo Ocampo\u201d de la Provincia, miembros de las bandas musicales de la Polic\u00eda y del Regimiento de Monte 29, el ballet de alumnos de los Centros de Actividades Juveniles de Educaci\u00f3n y agrupaciones chamameceras independientes. Se la sumar\u00e1n solistas como Elena Godoy, Pili del Turco, Mario Jazm\u00edn, Omar Villamayor y su arpa, N\u00e9stor Colman.<\/p>\n<p style=\"text-align: justify;\">Tras la presentaci\u00f3n art\u00edstica, a la medianoche se entonar\u00e1 el Himno Marcha a Formosa y el tradicional \u201cCumplea\u00f1os Feliz\u201d, ceremonia de la que participan las autoridades provinciales, encabezadas por el gobernador Gildo Insfr\u00e1n, y como sucede anualmente, la comunidad .<\/p>\n<p style=\"text-align: justify;\"><strong>El viernes<\/strong><\/p>\n<p style=\"text-align: justify;\">Las actividades continuar\u00e1n el d\u00eda viernes 8 en horario matutino frente al m\u00e1stil municipal, y por la tarde con la promesa de lealtad a la bandera provincial por parte de alumnos de 4\u00b0 a\u00f1o de la escuela primaria, con un desfile c\u00edvico-miliar, en el circuito de la avenida N\u00e9stor Kirchner.<\/p>\n<p style=\"text-align: justify;\">En esa jornada en la que autoridades y pueblo en general evocar\u00e1n al ilustre fundador, comandante Luis Jorge Fontana y a las familias pioneras se establecieron en la antigua villa, a las 8 comenzar\u00e1 la concentraci\u00f3n de delegaciones escolares y estudiantiles as\u00ed como de efectivos de las fuerzas armadas, de seguridad y policiales, y vecinos en general a las 8 horas en 25 de Mayo y San Martin.<\/p>\n<p style=\"text-align: justify;\">Con posterioridad se producir\u00e1 la concentraci\u00f3n de autoridades y tras la llegada del primer mandatario provincial al m\u00e1stil municipal donde proceder\u00e1n al izamiento de las banderas provincial y nacional, se entonaran los Himnos Nacional y Marcha a Formosa. Luego de una poes\u00eda alusiva a la fecha, el intendente Jorge Jofre dar\u00e1 su tradicional mensaje,<\/p>\n<p style=\"text-align: justify;\">Sin embargo, uno de los m\u00e1s atractivos y multitudinario, ya habr\u00e1 miles de escolares y estudiantes de toda la provincia, es el que Insfr\u00e1n presidir\u00e1 poco despu\u00e9s de las 17,15 horas en el circuito de la avenida N\u00e9stor Kirchner con la ceremonia de promesa de lealtad a la bandera de la provincia por parte de unos cinco mil alumnos de cuarto grado de las escuelas primarias en la repetici\u00f3n de uno de los acontecimientos m\u00e1s emotivos y solemnes de cada 8 de abril.<\/p>\n","protected":false},"excerpt":{"rendered":"<div class=\"mh-excerpt\"><p>El gobernador Gildo Insfr\u00e1n encabezar\u00e1 a las 23,15 horas de este jueves una de las facetas centrales del programa conmemorativo del 137\u00b0 aniversario de la <a class=\"mh-excerpt-more\" href=\"https:\/\/primiciasclorinda.com\/?p=1807\" title=\"El gobernador encabeza ma\u00f1ana los  festejos por la fundaci\u00f3n de Formosa\">[&#8230;]<\/a><\/p>\n<\/div>","protected":false},"author":3,"featured_media":0,"comment_status":"open","ping_status":"open","sticky":false,"template":"","format":"standard","meta":{"footnotes":""},"categories":[4],"tags":[23,18],"class_list":["post-1807","post","type-post","status-publish","format-standard","hentry","category-informacion-general","tag-formosa","tag-gildo-insfran"],"_links":{"self":[{"href":"https:\/\/primiciasclorinda.com\/index.php?rest_route=\/wp\/v2\/posts\/1807","targetHints":{"allow":["GET"]}}],"collection":[{"href":"https:\/\/primiciasclorinda.com\/index.php?rest_route=\/wp\/v2\/posts"}],"about":[{"href":"https:\/\/primiciasclorinda.com\/index.php?rest_route=\/wp\/v2\/types\/post"}],"author":[{"embeddable":true,"href":"https:\/\/primiciasclorinda.com\/index.php?rest_route=\/wp\/v2\/users\/3"}],"replies":[{"embeddable":true,"href":"https:\/\/primiciasclorinda.com\/index.php?rest_route=%2Fwp%2Fv2%2Fcomments&post=1807"}],"version-history":[{"count":2,"href":"https:\/\/primiciasclorinda.com\/index.php?rest_route=\/wp\/v2\/posts\/1807\/revisions"}],"predecessor-version":[{"id":1810,"href":"https:\/\/primiciasclorinda.com\/index.php?rest_route=\/wp\/v2\/posts\/1807\/revisions\/1810"}],"wp:attachment":[{"href":"https:\/\/primiciasclorinda.com\/index.php?rest_route=%2Fwp%2Fv2%2Fmedia&parent=1807"}],"wp:term":[{"taxonomy":"category","embeddable":true,"href":"https:\/\/primiciasclorinda.com\/index.php?rest_route=%2Fwp%2Fv2%2Fcategories&post=1807"},{"taxonomy":"post_tag","embeddable":true,"href":"https:\/\/primiciasclorinda.com\/index.php?rest_route=%2Fwp%2Fv2%2Ftags&post=1807"}],"curies":[{"name":"wp","href":"https:\/\/api.w.org\/{rel}","templated":true}]}}