{"id":18020,"date":"2020-03-12T22:00:59","date_gmt":"2020-03-13T01:00:59","guid":{"rendered":"http:\/\/primiciasclorinda.com\/?p=18020"},"modified":"2020-03-12T22:00:59","modified_gmt":"2020-03-13T01:00:59","slug":"el-presidente-hablo-por-cadena-nacional-y-pidio-responsabilidad-contra-el-coronavirus","status":"publish","type":"post","link":"https:\/\/primiciasclorinda.com\/?p=18020","title":{"rendered":"El Presidente habl\u00f3 por cadena nacional y pidi\u00f3 responsabilidad contra el coronavirus"},"content":{"rendered":"<p style=\"text-align: justify;\">El presidente Alberto Fern\u00e1ndez utiliz\u00f3 por primera vez la cadena nacional para comunicar el alcance del DNU que suspende la llegada al pa\u00eds de vuelos provenientes de Europa, Estados Unidos y China.<\/p>\n<p style=\"text-align: justify;\">\u00abAtravesamos dificultades. Vamos a seguir monitoreando al instante la evoluci\u00f3n de esta pandemia para actualizar y tomar las medidas que hagan falta\u00bb, dijo el Presidente en el tramo final de su discurso.<\/p>\n<p style=\"text-align: justify;\">La cadena nacional se inici\u00f3 a las 21.20 de este jueves, una hora m\u00e1s tarde de lo previsto. Fern\u00e1ndez comenz\u00f3: \u00abEs imprescindible el rol del Estado para dar tranquilidad a la poblaci\u00f3n\u00bb. Luego desarroll\u00f3 las especificidades del Decreto de Necesidad y Urgencia que suspende los vuelos provenientes de los pa\u00edses en riesgo.<\/p>\n<p style=\"text-align: justify;\">El Presidente dijo que fortalecer\u00e1n los controles en todos los puntos de ingreso a la Argentina, a la vez que les pidi\u00f3 a los mayores de 65 a\u00f1os que eviten los lugares concurridos y el contacto con personas que hayan estado en pa\u00edses de transmisi\u00f3n en los \u00faltimos 14 d\u00edas o con personas que presenten s\u00edntomas respiratorios.<\/p>\n<p style=\"text-align: justify;\">\u201cLa realidad es que esta pandemia nos convoca como sociedad. Nos convoca al Estado Nacional, a cada provincia, a cada municipio. A cada uno y a cada una\u201d, sostuvo Fern\u00e1ndez.<\/p>\n<p style=\"text-align: justify;\">El mandatario busc\u00f3 para llevar calma a la poblaci\u00f3n. Desde principios de la semana, se analiz\u00f3 en la Casa Rosada la conveniencia de utilizar el sistema de radiodifusi\u00f3n que qued\u00f3 emparentado con el kirchnerismo y del que Mauricio Macri reneg\u00f3 hasta que termin\u00f3 utilizando, para hacer un balance de gesti\u00f3n, d\u00edas antes de dejar el Ejecutivo.<\/p>\n<p>Fuente: Clar\u00edn<\/p>\n","protected":false},"excerpt":{"rendered":"<div class=\"mh-excerpt\"><p>El presidente Alberto Fern\u00e1ndez utiliz\u00f3 por primera vez la cadena nacional para comunicar el alcance del DNU que suspende la llegada al pa\u00eds de vuelos <a class=\"mh-excerpt-more\" href=\"https:\/\/primiciasclorinda.com\/?p=18020\" title=\"El Presidente habl\u00f3 por cadena nacional y pidi\u00f3 responsabilidad contra el coronavirus\">[&#8230;]<\/a><\/p>\n<\/div>","protected":false},"author":3,"featured_media":18021,"comment_status":"open","ping_status":"open","sticky":false,"template":"","format":"standard","meta":{"footnotes":""},"categories":[4],"tags":[2467,2870],"class_list":["post-18020","post","type-post","status-publish","format-standard","has-post-thumbnail","hentry","category-informacion-general","tag-alberto-fernandez","tag-coronavirus"],"_links":{"self":[{"href":"https:\/\/primiciasclorinda.com\/index.php?rest_route=\/wp\/v2\/posts\/18020","targetHints":{"allow":["GET"]}}],"collection":[{"href":"https:\/\/primiciasclorinda.com\/index.php?rest_route=\/wp\/v2\/posts"}],"about":[{"href":"https:\/\/primiciasclorinda.com\/index.php?rest_route=\/wp\/v2\/types\/post"}],"author":[{"embeddable":true,"href":"https:\/\/primiciasclorinda.com\/index.php?rest_route=\/wp\/v2\/users\/3"}],"replies":[{"embeddable":true,"href":"https:\/\/primiciasclorinda.com\/index.php?rest_route=%2Fwp%2Fv2%2Fcomments&post=18020"}],"version-history":[{"count":1,"href":"https:\/\/primiciasclorinda.com\/index.php?rest_route=\/wp\/v2\/posts\/18020\/revisions"}],"predecessor-version":[{"id":18022,"href":"https:\/\/primiciasclorinda.com\/index.php?rest_route=\/wp\/v2\/posts\/18020\/revisions\/18022"}],"wp:featuredmedia":[{"embeddable":true,"href":"https:\/\/primiciasclorinda.com\/index.php?rest_route=\/wp\/v2\/media\/18021"}],"wp:attachment":[{"href":"https:\/\/primiciasclorinda.com\/index.php?rest_route=%2Fwp%2Fv2%2Fmedia&parent=18020"}],"wp:term":[{"taxonomy":"category","embeddable":true,"href":"https:\/\/primiciasclorinda.com\/index.php?rest_route=%2Fwp%2Fv2%2Fcategories&post=18020"},{"taxonomy":"post_tag","embeddable":true,"href":"https:\/\/primiciasclorinda.com\/index.php?rest_route=%2Fwp%2Fv2%2Ftags&post=18020"}],"curies":[{"name":"wp","href":"https:\/\/api.w.org\/{rel}","templated":true}]}}