{"id":17879,"date":"2020-03-01T21:05:30","date_gmt":"2020-03-02T00:05:30","guid":{"rendered":"http:\/\/primiciasclorinda.com\/?p=17879"},"modified":"2020-03-02T07:08:24","modified_gmt":"2020-03-02T10:08:24","slug":"alberto-fernandez-expuso-sus-limites-economicos-apunto-a-la-justicia-y-marco-agenda-con-el-aborto","status":"publish","type":"post","link":"https:\/\/primiciasclorinda.com\/?p=17879","title":{"rendered":"Alberto Fern\u00e1ndez expuso sus l\u00edmites econ\u00f3micos, apunt\u00f3 a la Justicia y marc\u00f3 agenda con el aborto"},"content":{"rendered":"<p style=\"text-align: justify;\">El Presidente reiter\u00f3 ante el Congreso sus duras cr\u00edticas a la herencia macrista. Y como contracara exhibi\u00f3 el escaso margen para sus 81 d\u00edas de gesti\u00f3n. No adelant\u00f3 medidas concretas en esa materia. Y busc\u00f3 imponer otro temario.<\/p>\n<p style=\"text-align: justify;\">A tono con las dificultades y la necesidad de reactivar expectativas para ir anclando su gesti\u00f3n, casi lineal, ese trazo cruz\u00f3 la hora y diecinueve minutos del discurso presidencial en el Congreso. Alberto Fern\u00e1ndez fue muy duro con la herencia macrista, igual o m\u00e1s que en su discurso de asunci\u00f3n. Como contracara, repiti\u00f3 que reci\u00e9n ha cumplido 81 d\u00edas de gesti\u00f3n, a los que describi\u00f3 como de abordaje de la crisis y de ajustes para \u201ctranquilizar\u201d la econom\u00eda, con la inflaci\u00f3n como gran tarea pendiente. Destac\u00f3 como punto central la deuda, aunque no dio ninguna pista sobre propuestas y programa. Y al final, anot\u00f3 temas m\u00e1s precisos y de alto impacto: la Justicia, con zonas al menos grises, y la legalizaci\u00f3n del aborto, el m\u00e1s potente anuncio para inaugurar este nuevo ciclo legislativo.<\/p>\n<p style=\"text-align: justify;\">La presentaci\u00f3n en el Congreso fue por supuesto diferente a su estreno de diciembre ante la Asamblea Legislativa, descontando naturalmente el acto en la Plaza de Mayo. Todo m\u00e1s formal. El recinto de Diputados estuvo repleto y el Presidente volvi\u00f3 a cosechar aplausos \u2013que escalaron a ovaci\u00f3n al anticipar el proyecto sobre aborto- pero con clima m\u00e1s medido del nuevo oficialismo. Tambi\u00e9n la calle, con movilizaci\u00f3n m\u00e1s acotada. Fuera de la puesta en escena, el registro pol\u00edtico incluy\u00f3 datos significativos pero menos visibles, omisiones, con lectura para el frente interno.<\/p>\n<p style=\"text-align: justify;\">El Presidente dedic\u00f3 un pasaje breve a la pol\u00edtica exterior, con referencias globales a la relaci\u00f3n con los pa\u00edses desarrollados y emergentes. Y con unas l\u00edneas dedicadas a la regi\u00f3n, en especial el desarrollo del Mercosur. Evit\u00f3 hablar de cuestiones sensibles, como Venezuela. M\u00e1s notorio, en clave dom\u00e9stica y de su relaci\u00f3n con Cristina Fern\u00e1ndez de Kirchner, fue que no hubo menci\u00f3n alguna a detenciones arbitrarias, presos pol\u00edticos como categor\u00eda negada y lawfare cuando se extendi\u00f3 en el cap\u00edtulo judicial. No se trat\u00f3 de los equilibrios a los que hizo referencia como objetivo general ya casi al final de su presentaci\u00f3n.<\/p>\n<p style=\"text-align: justify;\">Los primeros minutos del discurso presidencial se dividieron casi en partes iguales para hablar del cuadro de situaci\u00f3n heredado, de su dif\u00edcil y complejo arranque y de la tarea que viene, que con pincelada \u00e9pica defini\u00f3 como \u201ccicl\u00f3pea\u201d y con trazo fundacional describi\u00f3 como la construcci\u00f3n de un nuevo contrato ciudadano, inclusivo, solidario y sostenible.<\/p>\n<p style=\"text-align: justify;\">Hasta all\u00ed, asomaba como el labrado de un marco. Todo el desarrollo de su mensaje sobre la deuda ahond\u00f3 sobre la gravedad como elemento condicionante y aliment\u00f3 la idea de que nada ser\u00e1 precisado como programa hasta resolver esa renegociaci\u00f3n. Repas\u00f3, claro, los apoyos pol\u00edticos recibidos en sus visitas a Alemania, Francia, Italia y Espa\u00f1a. Agradeci\u00f3 al papa Francisco por su posici\u00f3n. Y destac\u00f3 las tratativas con el FMI y las coincidencias sobre la insostenibilidad de la deuda. Eso mismo cerr\u00f3 de alg\u00fan modo la referencia m\u00e1s amplia sobre la econom\u00eda.<\/p>\n<p style=\"text-align: justify;\">No se esperaban grandes anuncios en este terreno y no los hubo, o hubo pocos e imprecisos. Anticip\u00f3 que enviar\u00e1 un proyecto para reanimar la actividad petrolera, empezando por Vaca Muerta. Tambi\u00e9n reafirm\u00f3 se\u00f1ales a la miner\u00eda. M\u00e1s amplia fue la ratificaci\u00f3n del impulso a un Consejo Econ\u00f3mico y Social. Fueron t\u00edtulos, cuyos textos esperar\u00e1 ahora el Congreso. M\u00e1s expl\u00edcito aunque sin dar cifras y rubros fue al confirmar que avanzar\u00e1 con mayores retenciones a exportaciones de origen rural. Es un tema que tensa la cuerda con el sector y que est\u00e1 en conversaciones con la Mesa de Enlace. El punto es si ser\u00e1 s\u00f3lo la soja y, m\u00e1s de fondo \u2013interrogante no s\u00f3lo econ\u00f3mico-, cu\u00e1nto aportar\u00eda al Estado en recaudaci\u00f3n y cu\u00e1l ser\u00eda su objetivo o sentido pol\u00edtico.<\/p>\n<p style=\"text-align: justify;\">El Presidente repiti\u00f3 el concepto de un necesario aporte de todos los sectores, con criterio de atenci\u00f3n inicial a las franjas sociales m\u00e1s vulnerables como primer escal\u00f3n de recuperaci\u00f3n econ\u00f3mica. Expuso, por ejemplo y como ya hizo el oficialismo en el Congreso, n\u00fameros sobre distribuci\u00f3n de haberes jubilatorios para la pol\u00e9mica, una manera de rechazar el concepto de ajuste. Y no dio pistas sobre lo que vendr\u00eda, legalmente, como nuevo sistema de movilidad.<\/p>\n<p style=\"text-align: justify;\">Alberto Fern\u00e1ndez sabe por supuesto que ese es un tema especialmente sensible porque atraviesa a buena parte de la sociedad, ahora y a futuro. Del mismo modo percibe que la inflaci\u00f3n es quiz\u00e1 el elemento m\u00e1s corrosivo y cr\u00f3nico para cualquier gesti\u00f3n: advirti\u00f3 que no es f\u00e1cil revertir esa tendencia. Son dos de los temas a los que dedic\u00f3 m\u00e1s minutos, con reclamos de solidaridad, advertencias generales \u2013sobre todo a formadores de precios, aunque sin alarmar sobre medidas legales espec\u00edficas- y un impl\u00edcito pedido de paciencia a las clases medias.<\/p>\n<p style=\"text-align: justify;\">Los planteos m\u00e1s concretos quedaron para las \u00faltimas p\u00e1ginas del discurso, y a la vez asoman como los m\u00e1s potentes en t\u00e9rminos de agenda, junto con la dureza de la econom\u00eda: la reforma judicial y la legalizaci\u00f3n del aborto. Son temas de alto impacto y habr\u00e1 que esperar los textos para ver c\u00f3mo dividen aguas, no s\u00f3lo en el terreno pol\u00edtico.<\/p>\n<p style=\"text-align: justify;\">El Presidente ratific\u00f3 los lineamientos amplios de una reforma de la justicia federal destinada a desarmar el poder de Comodoro Py y a darles mayor relevancia a los fiscales en el sistema acusatorio. Los recelos tienen que ver con el futuro de las causas por corrupci\u00f3n. Tambi\u00e9n, con el papel del ministerio p\u00fablico. El Gobierno lo acompa\u00f1a con un decreto que, anticip\u00f3, deber\u00eda limitar definitivamente el papel de los servicios de inteligencia. Son dos temas sensibles, con oscuridades compartidas, y con debate asegurado.<\/p>\n<p style=\"text-align: justify;\">El anuncio de mayor repercusi\u00f3n fue, al menos de arranque, el env\u00edo en diez d\u00edas de un proyecto de legalizaci\u00f3n del aborto. Esta vez, llegar\u00e1 por impulso del Poder Ejecutivo. Es un cambio notorio respecto del anterior debate, abierto o facilitado por la gesti\u00f3n de Mauricio Macri pero sin impulso de texto propio sino habilitando la din\u00e1mica del Congreso. Alberto Fern\u00e1ndez reiter\u00f3 que lo acompa\u00f1ar\u00e1 adem\u00e1s con un \u201cPlan de los 1.000 d\u00edas\u201d, para garantizar la atenci\u00f3n estatal de las mujeres embarazadas y sus hijos en los primeros a\u00f1os de vida.<\/p>\n<p style=\"text-align: justify;\">Ese fue el trazo grueso. En cuanto al aborto, el Presidente dijo que el proyecto ser\u00e1 de \u201cinterrupci\u00f3n voluntaria del embarazo\u201d. Fuentes del Gobierno lo hab\u00edan adelantado como una iniciativa en l\u00ednea con el reclamo de la Campa\u00f1a Nacional por el Derecho al Aborto Legal, Seguro y Gratuito. Es lo que esperan legisladores comprometidos con esa posici\u00f3n, aunque con interrogantes sobre puntos espec\u00edficos referidos a plazos y objeciones de conciencia, por ejemplo. Est\u00e1 claro que reabre fisuras en casi todos los bloques y que trasciende por mucho al Congreso.<\/p>\n<p style=\"text-align: justify;\">Lo que viene, en el Congreso, ser\u00e1 la llegada de los proyectos. En el caso de la legalizaci\u00f3n del aborto y el \u201cPlan de los 1.000 d\u00edas\u201d ya hab\u00eda sido anticipado por el Gobierno como un gesto conjunto para evitar la grieta verde-celeste. Para el resto de los temas, hubo algunas invocaciones a la convergencia pol\u00edtica y una referencia concreta a la oposici\u00f3n por el apoyo a ley de sostenibilidad de la deuda. Tal vez hayan sido registradas dos referencias a Ra\u00fal Alfons\u00edn, una a N\u00e9stor Kirchner y otra a Per\u00f3n. Eso y el homenaje a Belgrano, en la antesala de batallas pol\u00edticas y un muy dif\u00edcil camino econ\u00f3mico, seg\u00fan la propia descripci\u00f3n presidencial.<\/p>\n<p style=\"text-align: justify;\">Fuente: Infobe.com<\/p>\n","protected":false},"excerpt":{"rendered":"<div class=\"mh-excerpt\"><p>El Presidente reiter\u00f3 ante el Congreso sus duras cr\u00edticas a la herencia macrista. Y como contracara exhibi\u00f3 el escaso margen para sus 81 d\u00edas de <a class=\"mh-excerpt-more\" href=\"https:\/\/primiciasclorinda.com\/?p=17879\" title=\"Alberto Fern\u00e1ndez expuso sus l\u00edmites econ\u00f3micos, apunt\u00f3 a la Justicia y marc\u00f3 agenda con el aborto\">[&#8230;]<\/a><\/p>\n<\/div>","protected":false},"author":3,"featured_media":17880,"comment_status":"open","ping_status":"open","sticky":false,"template":"","format":"standard","meta":{"footnotes":""},"categories":[3],"tags":[2467,2955],"class_list":["post-17879","post","type-post","status-publish","format-standard","has-post-thumbnail","hentry","category-politica-economia","tag-alberto-fernandez","tag-inicio-de-la-asamblea-legislativa"],"_links":{"self":[{"href":"https:\/\/primiciasclorinda.com\/index.php?rest_route=\/wp\/v2\/posts\/17879","targetHints":{"allow":["GET"]}}],"collection":[{"href":"https:\/\/primiciasclorinda.com\/index.php?rest_route=\/wp\/v2\/posts"}],"about":[{"href":"https:\/\/primiciasclorinda.com\/index.php?rest_route=\/wp\/v2\/types\/post"}],"author":[{"embeddable":true,"href":"https:\/\/primiciasclorinda.com\/index.php?rest_route=\/wp\/v2\/users\/3"}],"replies":[{"embeddable":true,"href":"https:\/\/primiciasclorinda.com\/index.php?rest_route=%2Fwp%2Fv2%2Fcomments&post=17879"}],"version-history":[{"count":1,"href":"https:\/\/primiciasclorinda.com\/index.php?rest_route=\/wp\/v2\/posts\/17879\/revisions"}],"predecessor-version":[{"id":17881,"href":"https:\/\/primiciasclorinda.com\/index.php?rest_route=\/wp\/v2\/posts\/17879\/revisions\/17881"}],"wp:featuredmedia":[{"embeddable":true,"href":"https:\/\/primiciasclorinda.com\/index.php?rest_route=\/wp\/v2\/media\/17880"}],"wp:attachment":[{"href":"https:\/\/primiciasclorinda.com\/index.php?rest_route=%2Fwp%2Fv2%2Fmedia&parent=17879"}],"wp:term":[{"taxonomy":"category","embeddable":true,"href":"https:\/\/primiciasclorinda.com\/index.php?rest_route=%2Fwp%2Fv2%2Fcategories&post=17879"},{"taxonomy":"post_tag","embeddable":true,"href":"https:\/\/primiciasclorinda.com\/index.php?rest_route=%2Fwp%2Fv2%2Ftags&post=17879"}],"curies":[{"name":"wp","href":"https:\/\/api.w.org\/{rel}","templated":true}]}}