{"id":17786,"date":"2020-02-21T08:34:00","date_gmt":"2020-02-21T11:34:00","guid":{"rendered":"http:\/\/primiciasclorinda.com\/?p=17786"},"modified":"2020-02-21T08:34:00","modified_gmt":"2020-02-21T11:34:00","slug":"en-laguna-naineck-aguardan-una-buena-produccion-de-bananas-para-esta-temporada","status":"publish","type":"post","link":"https:\/\/primiciasclorinda.com\/?p=17786","title":{"rendered":"En Laguna Naineck aguardan una buena producci\u00f3n de bananas para esta temporada"},"content":{"rendered":"<p style=\"text-align: justify;\">Varios factores hacen presagiar una buena temporada en la producci\u00f3n de bananas para Laguna Naineck: el mejoramiento de la calidad, las buenas condiciones fitosanitarias y la asistencia t\u00e9cnica y en insumos brindada por el gobierno provincial a trav\u00e9s del Ministerio de la Producci\u00f3n y el CEDEVA.<\/p>\n<p style=\"text-align: justify;\">As\u00ed lo confirm\u00f3 el intendente Julio Murdoch al se\u00f1alar que se espera una cosecha r\u00e9cord. Destac\u00f3 el funcionario que el CEDEVA cumpli\u00f3 un rol fundamental \u201ccon las vitroplantas mejoradas, que lograron un mejoramiento enorme de la calidad\u201d.<\/p>\n<p style=\"text-align: justify;\">\u201cIncluso tenemos precios entre 250 a 400 pesos de acuerdo a la calidad de la fruta, estamos esperando que sea un a\u00f1o sumamente auspicioso para el sector productivo\u201d enfatiz\u00f3.<\/p>\n<p style=\"text-align: justify;\">Record\u00f3 \u201cque se ven los resultados de una investigaci\u00f3n de 12 a 15 a\u00f1os donde en el Cedeva se buscaron las variedades de banana m\u00e1s resistentes, que se adapten a la zona, algo invalorable, si el productor tuviera que pagar, ser\u00eda muy costoso\u201d.<\/p>\n<p style=\"text-align: justify;\">Se\u00f1al\u00f3 el intendente que las bananas que salen de Laguna Naineck tienen como destino final el NEA, pero tambi\u00e9n C\u00f3rdoba y Buenos Aires.<\/p>\n<p style=\"text-align: justify;\">Al hablar sobre otros cultivos como la palta, se\u00f1al\u00f3 que tambi\u00e9n comenz\u00f3 la cosecha, de aquellos frutos cuyos plantines fueron provistos por el CEDEVA. \u201cEl a\u00f1o pasado hemos logrado incorporar al programa Nutrir miles de kilos, como as\u00ed tambi\u00e9n una interesante producci\u00f3n de mandarinas, que forman parte del monte frutal que rodean la casa de los productores\u201d explic\u00f3.<\/p>\n<p style=\"text-align: justify;\">Dijo Murdoch que hay en producci\u00f3n tambi\u00e9n 700 hect\u00e1reas de mandioca, un cultivo interesante y rentable cuyo principal mercado es Formosa, donde compite con la producci\u00f3n de Mayor Edmundo Villafa\u00f1e.<\/p>\n","protected":false},"excerpt":{"rendered":"<div class=\"mh-excerpt\"><p>Varios factores hacen presagiar una buena temporada en la producci\u00f3n de bananas para Laguna Naineck: el mejoramiento de la calidad, las buenas condiciones fitosanitarias y <a class=\"mh-excerpt-more\" href=\"https:\/\/primiciasclorinda.com\/?p=17786\" title=\"En Laguna Naineck aguardan una buena producci\u00f3n de bananas para esta temporada\">[&#8230;]<\/a><\/p>\n<\/div>","protected":false},"author":3,"featured_media":17787,"comment_status":"open","ping_status":"open","sticky":false,"template":"","format":"standard","meta":{"footnotes":""},"categories":[4,8],"tags":[2087,1417],"class_list":["post-17786","post","type-post","status-publish","format-standard","has-post-thumbnail","hentry","category-informacion-general","category-interior","tag-naineck","tag-produccion"],"_links":{"self":[{"href":"https:\/\/primiciasclorinda.com\/index.php?rest_route=\/wp\/v2\/posts\/17786","targetHints":{"allow":["GET"]}}],"collection":[{"href":"https:\/\/primiciasclorinda.com\/index.php?rest_route=\/wp\/v2\/posts"}],"about":[{"href":"https:\/\/primiciasclorinda.com\/index.php?rest_route=\/wp\/v2\/types\/post"}],"author":[{"embeddable":true,"href":"https:\/\/primiciasclorinda.com\/index.php?rest_route=\/wp\/v2\/users\/3"}],"replies":[{"embeddable":true,"href":"https:\/\/primiciasclorinda.com\/index.php?rest_route=%2Fwp%2Fv2%2Fcomments&post=17786"}],"version-history":[{"count":1,"href":"https:\/\/primiciasclorinda.com\/index.php?rest_route=\/wp\/v2\/posts\/17786\/revisions"}],"predecessor-version":[{"id":17788,"href":"https:\/\/primiciasclorinda.com\/index.php?rest_route=\/wp\/v2\/posts\/17786\/revisions\/17788"}],"wp:featuredmedia":[{"embeddable":true,"href":"https:\/\/primiciasclorinda.com\/index.php?rest_route=\/wp\/v2\/media\/17787"}],"wp:attachment":[{"href":"https:\/\/primiciasclorinda.com\/index.php?rest_route=%2Fwp%2Fv2%2Fmedia&parent=17786"}],"wp:term":[{"taxonomy":"category","embeddable":true,"href":"https:\/\/primiciasclorinda.com\/index.php?rest_route=%2Fwp%2Fv2%2Fcategories&post=17786"},{"taxonomy":"post_tag","embeddable":true,"href":"https:\/\/primiciasclorinda.com\/index.php?rest_route=%2Fwp%2Fv2%2Ftags&post=17786"}],"curies":[{"name":"wp","href":"https:\/\/api.w.org\/{rel}","templated":true}]}}