{"id":17749,"date":"2020-02-19T11:04:13","date_gmt":"2020-02-19T14:04:13","guid":{"rendered":"http:\/\/primiciasclorinda.com\/?p=17749"},"modified":"2020-02-19T11:04:13","modified_gmt":"2020-02-19T14:04:13","slug":"oficializaron-el-aumento-de-23-y-una-suma-fija-de-1-500-para-jubilados-y-pensionados","status":"publish","type":"post","link":"https:\/\/primiciasclorinda.com\/?p=17749","title":{"rendered":"Oficializaron el aumento de 2,3% y una suma fija de $1.500 para jubilados y pensionados"},"content":{"rendered":"<p style=\"text-align: justify;\">La medida significar\u00e1 un incremento del 13% para quienes cobran el haber m\u00ednimo, que pasar\u00e1 de los $ 14.068 actuales a $ 15.892.<\/p>\n<p style=\"text-align: justify;\">El gobierno nacional oficializ\u00f3 hoy el aumento de 2,3% m\u00e1s una suma de fija de 1.500 pesos para jubilados y pensionados a partir del 1 de marzo.<\/p>\n<p style=\"text-align: justify;\">La medida significar\u00e1 un incremento del 13% para quienes cobran el haber m\u00ednimo, que pasar\u00e1 de los $ 14.068 actuales a $ 15.892, e incluye tambi\u00e9n a las asignaciones familiares y la Asignaci\u00f3n Universal por Hijo (AUH).<\/p>\n<p style=\"text-align: justify;\">As\u00ed lo dispone el decreto 163\/2020, publicado hoy en el Bolet\u00edn Oficial luego del anuncio realizado el viernes \u00faltimo por el presidente Alberto Fern\u00e1ndez junto a los titulares de la Anses, Alejandro Vanoli, y del PAMI, Luana Volnovich..<\/p>\n<p style=\"text-align: justify;\">All\u00ed se destaca que la decisi\u00f3n fue adoptada \u201ccon el objetivo de acompa\u00f1ar y cuidar a los sectores m\u00e1s vulnerables y m\u00e1s necesitados de la sociedad\u201d.<\/p>\n<p style=\"text-align: justify;\">Los incrementos otorgados, a\u00f1ade el decreto, \u201cregir\u00e1n a partir del 1\u00b0 de marzo de 2020 y quedar\u00e1n incorporados como parte integrante del haber de las prestaciones alcanzadas y de las asignaciones familiares, respectivamente\u201d.<\/p>\n","protected":false},"excerpt":{"rendered":"<div class=\"mh-excerpt\"><p>La medida significar\u00e1 un incremento del 13% para quienes cobran el haber m\u00ednimo, que pasar\u00e1 de los $ 14.068 actuales a $ 15.892. El gobierno <a class=\"mh-excerpt-more\" href=\"https:\/\/primiciasclorinda.com\/?p=17749\" title=\"Oficializaron el aumento de 2,3% y una suma fija de $1.500 para jubilados y pensionados\">[&#8230;]<\/a><\/p>\n<\/div>","protected":false},"author":3,"featured_media":13252,"comment_status":"open","ping_status":"open","sticky":false,"template":"","format":"standard","meta":{"footnotes":""},"categories":[3],"tags":[865,498],"class_list":["post-17749","post","type-post","status-publish","format-standard","has-post-thumbnail","hentry","category-politica-economia","tag-aumentos","tag-jubilados"],"_links":{"self":[{"href":"https:\/\/primiciasclorinda.com\/index.php?rest_route=\/wp\/v2\/posts\/17749","targetHints":{"allow":["GET"]}}],"collection":[{"href":"https:\/\/primiciasclorinda.com\/index.php?rest_route=\/wp\/v2\/posts"}],"about":[{"href":"https:\/\/primiciasclorinda.com\/index.php?rest_route=\/wp\/v2\/types\/post"}],"author":[{"embeddable":true,"href":"https:\/\/primiciasclorinda.com\/index.php?rest_route=\/wp\/v2\/users\/3"}],"replies":[{"embeddable":true,"href":"https:\/\/primiciasclorinda.com\/index.php?rest_route=%2Fwp%2Fv2%2Fcomments&post=17749"}],"version-history":[{"count":1,"href":"https:\/\/primiciasclorinda.com\/index.php?rest_route=\/wp\/v2\/posts\/17749\/revisions"}],"predecessor-version":[{"id":17750,"href":"https:\/\/primiciasclorinda.com\/index.php?rest_route=\/wp\/v2\/posts\/17749\/revisions\/17750"}],"wp:featuredmedia":[{"embeddable":true,"href":"https:\/\/primiciasclorinda.com\/index.php?rest_route=\/wp\/v2\/media\/13252"}],"wp:attachment":[{"href":"https:\/\/primiciasclorinda.com\/index.php?rest_route=%2Fwp%2Fv2%2Fmedia&parent=17749"}],"wp:term":[{"taxonomy":"category","embeddable":true,"href":"https:\/\/primiciasclorinda.com\/index.php?rest_route=%2Fwp%2Fv2%2Fcategories&post=17749"},{"taxonomy":"post_tag","embeddable":true,"href":"https:\/\/primiciasclorinda.com\/index.php?rest_route=%2Fwp%2Fv2%2Ftags&post=17749"}],"curies":[{"name":"wp","href":"https:\/\/api.w.org\/{rel}","templated":true}]}}