{"id":176935,"date":"2026-09-05T09:39:29","date_gmt":"2026-09-05T12:39:29","guid":{"rendered":"https:\/\/primiciasclorinda.com\/?p=176935"},"modified":"2026-09-05T09:39:29","modified_gmt":"2026-09-05T12:39:29","slug":"arranco-a-toda-costa-el-evento-turistico-que-se-consolida-y-destaca-a-formosa-en-el-nordeste","status":"publish","type":"post","link":"https:\/\/primiciasclorinda.com\/?p=176935","title":{"rendered":"Arranc\u00f3 \u00abA Toda Costa\u00bb, el evento tur\u00edstico que se consolida y destaca a Formosa en el Nordeste"},"content":{"rendered":"\n<p><strong>La Municipalidad de la ciudad despleg\u00f3 este viernes la apertura de su novena edici\u00f3n de \u00abA Toda Costa\u00bb, el mega evento que combina deporte, r\u00edo, feria, m\u00fasica y patrimonio<\/strong><\/p>\n\n\n\n<p><strong>La Municipalidad de la ciudad&nbsp;despleg\u00f3&nbsp;este viernes la apertura de su novena edici\u00f3n de \u00abA Toda Costa\u00bb,&nbsp;el mega evento que combina deporte, r\u00edo, feria, m\u00fasica y patrimonio.&nbsp;Las actividades siguen este s\u00e1bado 5 y el domingo 6.<\/strong><\/p>\n\n\n\n<p><strong>Con el corte de cinta realizado, en la intersecci\u00f3n de las calles Corrientes y Francisca Zambonini de Zambrini, se dio inicio a la novena edici\u00f3n de&nbsp;\u00abA Toda Costa\u00bb. Del acto, encabezado por el intendente Jorge Jofr\u00e9, participaron la ministra de Turismo de la provincia de Formosa, Silvia Segovia, el presidente del Concejo Deliberante, Dario Di Martino; la secretaria de Acci\u00f3n Social, Paula Catt\u00e1neo; el jefe de Gabinete, Mauricio Nadalich; los diputados Elena Garc\u00eda y Sinforiano L\u00f3pez; el subsecretario de Deporte, Cultura y Turismo, Rodrigo Portocarrero; los concejales Jos\u00e9 Delguy, Malena Gamarra, adem\u00e1s de vecinos, vecinas y deportistas.<\/strong><\/p>\n\n\n\n<p><strong>Terminado el acto, el intendente recorri\u00f3 el predio y salud\u00f3 a deportistas. M\u00e1s tarde acompa\u00f1\u00f3 la largada del trail nocturno, la carrera de cinco kil\u00f3metros que abri\u00f3 la jornada deportiva del festival.<\/strong><\/p>\n\n\n\n<p><strong>\u00abInvitamos a los vecinos que se acerquen a disfrutar en familia de este evento, de la feria, de las actividades deportivas y del festival nocturno\u00bb, dijo el intendente Jofr\u00e9 quien asegur\u00f3 adem\u00e1s que el objetivo del mismo es \u00abprecisamente poder visibilizar a los emprendedores, artesanos y comerciantes y potenciar nuestro turismo local\u00bb.<\/strong><\/p>\n\n\n\n<p><strong>Resalt\u00f3 nuevamente Jofr\u00e9 que se trata de un evento \u00abautosustentable, donde tambi\u00e9n tiene su aporte el sector privado y el municipio pone el escenario\u00bb.&nbsp;<\/strong><\/p>\n\n\n\n<p><strong>Durante casi un siglo Formosa creci\u00f3 de espaldas al r\u00edo que la define. Hoy, tres d\u00edas al a\u00f1o, la ciudad entera camina hacia \u00e9l.&nbsp;Hasta el domingo 6 el Paseo Ferroviario vuelve a ser el escenario del evento&nbsp;que la Municipalidad de la ciudad organiza a trav\u00e9s de la Subsecretar\u00eda de Deporte, Cultura y Turismo y&nbsp;que ya dej\u00f3 de ser una fecha del calendario municipal para convertirse en un punto de referencia tur\u00edstica del Nordeste argentino.<\/strong><\/p>\n\n\n\n<p><strong>Todas las actividades son de acceso libre y gratuito. Ese dato, que suele leerse al pasar, es el coraz\u00f3n del asunto: durante tres d\u00edas una familia formose\u00f1a puede correr una carrera nocturna, subirse a una piragua sobre el r\u00edo Paraguay, recorrer un museo, ver a sus hijos jugar un torneo de f\u00fatbol y terminar la jornada frente a un artista de escala nacional sin pagar una entrada.<\/strong><\/p>\n\n\n\n<p><strong>El impacto del festival excede lo recreativo.&nbsp;En la edici\u00f3n anterior llegaron excursiones desde Chaco, Corrientes y tambi\u00e9n desde Paraguay, con una ocupaci\u00f3n hotelera que roz\u00f3 el lleno total durante el fin de semana del evento. Eso se traduce en un circuito virtuoso que empieza mucho antes del corte de cinta y termina bastante despu\u00e9s de la \u00faltima canci\u00f3n.<\/strong><\/p>\n\n\n\n<p><strong>Hoteles con reservas completas. Restaurantes que refuerzan personal. Remiseros y taxistas con demanda sostenida hasta la madrugada. Comercios del centro que estiran horarios. Y una feria donde emprendedores y artesanos locales encontraron una vidriera que en tres d\u00edas les acerca el p\u00fablico que en condiciones normales tardar\u00edan meses en construir.<\/strong><\/p>\n\n\n\n<p><strong>A eso se suman los operadores tur\u00edsticos privados y los gu\u00edas locales habilitados, que ofrecen excursiones n\u00e1uticas, recorridos ecol\u00f3gicos, paseos por la ciudad y experiencias de naturaleza durante las tres jornadas. Postal del Sol Excursiones, Ajere Ysyrype Nautic, Dom\u00ednguez Excursiones, El Toba Excursiones, Montaraz Vivencia Agreste, Che Roga Turismo y Bichos de R\u00edo integran esa grilla paralela, con consultas al n\u00famero 3704 946220.<\/strong><\/p>\n\n\n\n<p><strong>El Trail Nocturno A Toda Costa, la carrera urbana de cinco kil\u00f3metros, parti\u00f3 del Complejo Deportivo Municipal \u00abLos Igl\u00fa\u00bb y cruz\u00f3 la ciudad de noche. En ese mismo complejo comenz\u00f3 el Torneo de F\u00fatbol Infantil Arena \u00abCopa A Toda Costa 2026\u00bb, que se disputa durante los tres d\u00edas con las categor\u00edas promocional, menores de ocho a\u00f1os, menores de diez y menores de doce. El a\u00f1o pasado participaron cerca de veinte clubes de barrio y cientos de chicos.<\/strong><\/p>\n\n\n\n<p><strong>Las actividades deportivas siguen este s\u00e1bado 5, desde las 14 horas, con el Cross Time A Toda Costa, en las categor\u00edas principiantes, scaled, advanced y rx, que ordenan a los participantes seg\u00fan su nivel de entrenamiento.<\/strong><\/p>\n\n\n\n<p><strong>El domingo 6 el r\u00edo toma protagonismo. De 8 a 13 horas se realizar\u00e1 el Concurso de Pesca Embarcada en el Puerto de la Ciudad, organizado junto al Club de Pesca Piray\u00fa, con premios en efectivo, trofeos institucionales y la Copa Challenger como m\u00e1ximo galard\u00f3n. A las 9 horas saldr\u00e1 la Remada Autoconvocada, y desde las 15 horas funcionar\u00e1n los paseos en lancha por la costa argentina.<\/strong><\/p>\n\n\n\n<p><strong>Los tres d\u00edas, a partir de las 15.30 horas, hay paseos en piraguas por el r\u00edo Paraguay desde el Puerto. Y el domingo a las 19 horas, en el Play\u00f3n Municipal, la Gran Clase Abierta de Zumba reunir\u00e1 a instructores de la ciudad y del interior provincial junto a invitados especiales.<\/strong><\/p>\n\n\n\n<p><strong>Del 4 al 6, de 16 a 21 horas, funcionan las visitas guiadas al Museo Ferroviario Municipal y al Museo del Mercado, dos espacios que cuentan c\u00f3mo se construy\u00f3 esta ciudad y por qu\u00e9 el ferrocarril fue durante d\u00e9cadas su columna vertebral. Tambi\u00e9n est\u00e1 abierto, detr\u00e1s del Palacio Municipal y desde las 18 horas, el stand tem\u00e1tico e informativo de Turismo de la Ciudad. La Feria de Artesanos, Emprendedores y Rubros Afines abri\u00f3 sus puertas el viernes y atiende los tres d\u00edas a partir de las 18 horas en el Paseo Ferroviario.<\/strong><\/p>\n\n\n\n<p><strong>El escenario gastron\u00f3mico de los carros Food Truck tiene programaci\u00f3n cultural durante las tres jornadas. El viernes 4, desde las 16 horas, se desarroll\u00f3 A Toda Costa Danza. Este s\u00e1bado 5 y el domingo 6, en el mismo horario, se entregar\u00e1n los Premios Lapacho.<\/strong><\/p>\n\n\n\n<p><strong>En el escenario del Play\u00f3n Municipal, el viernes 4 desde las 19.30 horas se presentaron academias y agrupaciones de baile de la ciudad, con show y animaci\u00f3n en vivo a cargo del sector privado.<\/strong><\/p>\n\n\n\n<p><strong>El Festival A Toda Costa, propiamente dicho,&nbsp;ocupa las noches de este s\u00e1bado y del domingo, siempre desde las 19.30 horas. Este s\u00e1bado 5 subir\u00e1n al escenario Festivaleros, La Huella, llegada desde Resistencia, Son del R\u00edo y Carafea, la banda catamarque\u00f1a que en los \u00faltimos dos a\u00f1os reconfigur\u00f3 el modo en que suena el folclore joven en el pa\u00eds.<\/strong><\/p>\n\n\n\n<p><strong>El domingo 6, la noche de cierre tendr\u00e1 a Lea Colman, Activando Cumbia y el n\u00famero mayor de esta edici\u00f3n:&nbsp;El Polaco, que llegar\u00e1 al Paseo Ferroviario para poner el punto final. Tambi\u00e9n integran la grilla de esta edici\u00f3n Andrea Olmedo Salamanca, Los Hermanos Ojedas y Carlitos Esp\u00ednola.<\/strong><\/p>\n\n\n\n<p><strong>El evento naci\u00f3 en 2017 con una idea modesta: usar el paseo. Convertir un predio y v\u00edas en desuso en un espacio p\u00fablico del que la ciudad se apropiara. Esa apuesta hoy tiene resultados medibles.&nbsp;Formosa recibi\u00f3 el Sello de Calidad Tur\u00edstica&nbsp;y&nbsp;\u00abA Toda Costa\u00bb se instal\u00f3 como uno de los eventos convocantes del calendario regional, con visitantes que programan su fin de semana en funci\u00f3n de estas fechas.<\/strong><\/p>\n\n\n\n<p><strong>Detr\u00e1s hay una articulaci\u00f3n que no se ve desde la tribuna: la Municipalidad, el Gobierno de la Provincia, las \u00e1reas de Turismo y Desarrollo Humano, el Sistema Integrado Provincial de Emergencias y Cat\u00e1strofes y la Polic\u00eda de Formosa trabajando sobre el mismo operativo.<\/strong><\/p>\n\n\n\n<p><strong>La gesti\u00f3n del intendente Jorge Jofr\u00e9, acompa\u00f1ada por la pol\u00edtica provincial que conduce el gobernador Gildo Insfr\u00e1n, sostiene un evento que no cobra entrada y que, sin embargo, devuelve a la ciudad mucho m\u00e1s de lo que invierte.<\/strong><\/p>\n\n\n\n<p><strong>Porque lo que se pone en juego durante estos tres d\u00edas no es solamente un escenario con luces. Es la idea de que la cultura, el deporte, el arte y la historia propia no son un lujo reservado a quien pueda pagarlos<\/strong><\/p>\n\n\n<figure class=\"wp-block-post-featured-image\"><img loading=\"lazy\" decoding=\"async\" width=\"950\" height=\"600\" src=\"https:\/\/primiciasclorinda.com\/wp-content\/uploads\/2026\/09\/09052026-notprimiciasclor-0591-asd.jpg\" class=\"attachment-post-thumbnail size-post-thumbnail wp-post-image\" alt=\"\" style=\"object-fit:cover;\" srcset=\"https:\/\/primiciasclorinda.com\/wp-content\/uploads\/2026\/09\/09052026-notprimiciasclor-0591-asd.jpg 950w, https:\/\/primiciasclorinda.com\/wp-content\/uploads\/2026\/09\/09052026-notprimiciasclor-0591-asd-300x189.jpg 300w, https:\/\/primiciasclorinda.com\/wp-content\/uploads\/2026\/09\/09052026-notprimiciasclor-0591-asd-475x300.jpg 475w, https:\/\/primiciasclorinda.com\/wp-content\/uploads\/2026\/09\/09052026-notprimiciasclor-0591-asd-768x485.jpg 768w\" sizes=\"auto, (max-width: 950px) 100vw, 950px\" \/><\/figure>\n\n\n<p><\/p>\n","protected":false},"excerpt":{"rendered":"<div class=\"mh-excerpt\"><p>La Municipalidad de la ciudad despleg\u00f3 este viernes la apertura de su novena edici\u00f3n de \u00abA Toda Costa\u00bb, el mega evento que combina deporte, r\u00edo, <a class=\"mh-excerpt-more\" href=\"https:\/\/primiciasclorinda.com\/?p=176935\" title=\"Arranc\u00f3 \u00abA Toda Costa\u00bb, el evento tur\u00edstico que se consolida y destaca a Formosa en el Nordeste\">[&#8230;]<\/a><\/p>\n<\/div>","protected":false},"author":3,"featured_media":176920,"comment_status":"open","ping_status":"open","sticky":false,"template":"","format":"standard","meta":{"footnotes":""},"categories":[4],"tags":[8373,8602,23],"class_list":["post-176935","post","type-post","status-publish","format-standard","has-post-thumbnail","hentry","category-informacion-general","tag-a-toda-costa","tag-festival-2026","tag-formosa"],"_links":{"self":[{"href":"https:\/\/primiciasclorinda.com\/index.php?rest_route=\/wp\/v2\/posts\/176935","targetHints":{"allow":["GET"]}}],"collection":[{"href":"https:\/\/primiciasclorinda.com\/index.php?rest_route=\/wp\/v2\/posts"}],"about":[{"href":"https:\/\/primiciasclorinda.com\/index.php?rest_route=\/wp\/v2\/types\/post"}],"author":[{"embeddable":true,"href":"https:\/\/primiciasclorinda.com\/index.php?rest_route=\/wp\/v2\/users\/3"}],"replies":[{"embeddable":true,"href":"https:\/\/primiciasclorinda.com\/index.php?rest_route=%2Fwp%2Fv2%2Fcomments&post=176935"}],"version-history":[{"count":1,"href":"https:\/\/primiciasclorinda.com\/index.php?rest_route=\/wp\/v2\/posts\/176935\/revisions"}],"predecessor-version":[{"id":176936,"href":"https:\/\/primiciasclorinda.com\/index.php?rest_route=\/wp\/v2\/posts\/176935\/revisions\/176936"}],"wp:featuredmedia":[{"embeddable":true,"href":"https:\/\/primiciasclorinda.com\/index.php?rest_route=\/wp\/v2\/media\/176920"}],"wp:attachment":[{"href":"https:\/\/primiciasclorinda.com\/index.php?rest_route=%2Fwp%2Fv2%2Fmedia&parent=176935"}],"wp:term":[{"taxonomy":"category","embeddable":true,"href":"https:\/\/primiciasclorinda.com\/index.php?rest_route=%2Fwp%2Fv2%2Fcategories&post=176935"},{"taxonomy":"post_tag","embeddable":true,"href":"https:\/\/primiciasclorinda.com\/index.php?rest_route=%2Fwp%2Fv2%2Ftags&post=176935"}],"curies":[{"name":"wp","href":"https:\/\/api.w.org\/{rel}","templated":true}]}}