{"id":176933,"date":"2026-09-05T09:37:02","date_gmt":"2026-09-05T12:37:02","guid":{"rendered":"https:\/\/primiciasclorinda.com\/?p=176933"},"modified":"2026-09-05T09:37:03","modified_gmt":"2026-09-05T12:37:03","slug":"velez-analiza-reclamar-la-clasificacion-en-la-copa-argentina-por-una-posible-infraccion-de-boca-con-el-limite-de-extranjeros","status":"publish","type":"post","link":"https:\/\/primiciasclorinda.com\/?p=176933","title":{"rendered":"V\u00e9lez analiza reclamar la clasificaci\u00f3n en la Copa Argentina por una posible infracci\u00f3n de Boca con el l\u00edmite de extranjeros"},"content":{"rendered":"\n<p><strong>El club de Liniers analiza la presentaci\u00f3n de una protesta ante la AFA por la planilla del partido de octavos de final en C\u00f3rdoba<\/strong><\/p>\n\n\n\n<p><strong>La&nbsp;<a href=\"https:\/\/tn.com.ar\/deportes\/futbol\/2026\/09\/02\/boca-enfrentara-a-velez-en-cordoba-por-un-lugar-en-los-cuartos-de-final-de-la-copa-argentina\/\" target=\"_blank\" rel=\"noreferrer noopener\">clasificaci\u00f3n de&nbsp;Boca&nbsp;a los cuartos de final de la&nbsp;Copa Argentina<\/a>&nbsp;qued\u00f3 en el centro de la pol\u00e9mica por un detalle administrativo que podr\u00eda originar un reclamo de&nbsp;V\u00e9lez&nbsp;ante la&nbsp;AFA. El club de Liniers sostiene que el Xeneize incurri\u00f3 en una infracci\u00f3n reglamentaria al incluir a seis futbolistas extranjeros en la planilla oficial del partido disputado en el estadio Mario Alberto Kempes, algo que, seg\u00fan el reglamento, no estar\u00eda permitido.<\/strong><\/p>\n\n\n\n<p><strong>La controversia surgi\u00f3 tras el triunfo de Boca por penales, cuando se supo que en la n\u00f3mina figuraron&nbsp;\u00c1lvaro Montero, Leandro Lozano, Sebasti\u00e1n Villa, Carlos Palacios, Enner Valencia y \u00c1ngel Romero. De ellos, cinco participaron efectivamente del encuentro, mientras que Romero permaneci\u00f3 en el banco de suplentes y no ingres\u00f3<\/strong><\/p>\n\n\n\n<p><strong>Qu\u00e9 dice el reglamento sobre el cupo de extranjeros<\/strong><\/p>\n\n\n\n<p><strong>El reglamento de la&nbsp;Primera Divisi\u00f3n&nbsp;establece que los clubes pueden tener hasta seis extranjeros registrados, pero solo cinco est\u00e1n habilitados para firmar la planilla de cada partido. Esta limitaci\u00f3n surge del acuerdo entre la&nbsp;AFA&nbsp;y&nbsp;Futbolistas Argentinos Agremiados.<\/strong><\/p>\n\n\n\n<p><strong>El punto de conflicto radica en la interpretaci\u00f3n de la norma: mientras que V\u00e9lez argumenta que la sola inclusi\u00f3n de seis extranjeros en la planilla constituye una infracci\u00f3n, en Boca aseguran que la sanci\u00f3n solo corresponde si m\u00e1s de cinco extranjeros participan efectivamente en el partido<\/strong><\/p>\n\n\n\n<p><strong>En el caso puntual del partido en C\u00f3rdoba, solo cinco de los seis inscriptos ingresaron al campo de juego. La jurisprudencia internacional indica que, al no haber un beneficio deportivo concreto, la protesta perder\u00eda fuerza y solo podr\u00eda derivar en una sanci\u00f3n administrativa o econ\u00f3mica, pero no en la p\u00e9rdida de puntos ni en la modificaci\u00f3n del resultado.<\/strong><\/p>\n\n\n\n<p><strong>El caso de Sebasti\u00e1n Villa y los grises reglamentarios<\/strong><\/p>\n\n\n\n<p><strong>Uno de los nombres que genera debate es el de Villa. El colombiano hab\u00eda contado con una residencia en Argentina que le permit\u00eda no ocupar cupo de extranjero, pero esa documentaci\u00f3n se encuentra vencida y el jugador inici\u00f3 el tr\u00e1mite de renovaci\u00f3n. V\u00e9lez sostiene que, al no estar vigente la residencia, Villa deb\u00eda ser considerado extranjero, mientras que Boca argumenta que el futbolista cumple con los requisitos para ser exceptuado.<\/strong><\/p>\n\n\n\n<p><strong>El art\u00edculo 18 del C\u00f3digo Disciplinario de la AFA establece sanciones para la alineaci\u00f3n indebida de jugadores no elegibles, pero la norma no especifica si \u201cparticipar\u201d implica solo firmar la planilla o tambi\u00e9n ingresar al campo de juego. Esta ambig\u00fcedad complica la resoluci\u00f3n del caso.<\/strong><\/p>\n\n\n\n<p><strong>Qu\u00e9 puede reclamar V\u00e9lez<\/strong><\/p>\n\n\n\n<p><strong>El pedido de V\u00e9lez apunta a que se le otorgue la victoria y la clasificaci\u00f3n a cuartos de final. En ese caso, el Fort\u00edn deber\u00eda jugar la siguiente instancia con Racing.<\/strong><\/p>\n\n\n\n<p><strong>El plazo para presentar el reclamo vence el lunes siguiente al partido. Mientras tanto, Boca espera en la pr\u00f3xima instancia, confiado en que lo conseguido en cancha no correr\u00e1 peligro<\/strong><\/p>\n\n\n<figure class=\"wp-block-post-featured-image\"><img loading=\"lazy\" decoding=\"async\" width=\"950\" height=\"600\" src=\"https:\/\/primiciasclorinda.com\/wp-content\/uploads\/2026\/09\/09052026-notprimiciasclor-0592-asd.jpg\" class=\"attachment-post-thumbnail size-post-thumbnail wp-post-image\" alt=\"\" style=\"object-fit:cover;\" srcset=\"https:\/\/primiciasclorinda.com\/wp-content\/uploads\/2026\/09\/09052026-notprimiciasclor-0592-asd.jpg 950w, https:\/\/primiciasclorinda.com\/wp-content\/uploads\/2026\/09\/09052026-notprimiciasclor-0592-asd-300x189.jpg 300w, https:\/\/primiciasclorinda.com\/wp-content\/uploads\/2026\/09\/09052026-notprimiciasclor-0592-asd-475x300.jpg 475w, https:\/\/primiciasclorinda.com\/wp-content\/uploads\/2026\/09\/09052026-notprimiciasclor-0592-asd-768x485.jpg 768w\" sizes=\"auto, (max-width: 950px) 100vw, 950px\" \/><\/figure>\n\n\n<p><\/p>\n","protected":false},"excerpt":{"rendered":"<div class=\"mh-excerpt\"><p>El club de Liniers analiza la presentaci\u00f3n de una protesta ante la AFA por la planilla del partido de octavos de final en C\u00f3rdoba La&nbsp;clasificaci\u00f3n <a class=\"mh-excerpt-more\" href=\"https:\/\/primiciasclorinda.com\/?p=176933\" title=\"V\u00e9lez analiza reclamar la clasificaci\u00f3n en la Copa Argentina por una posible infracci\u00f3n de Boca con el l\u00edmite de extranjeros\">[&#8230;]<\/a><\/p>\n<\/div>","protected":false},"author":3,"featured_media":176919,"comment_status":"open","ping_status":"open","sticky":false,"template":"","format":"standard","meta":{"footnotes":""},"categories":[5],"tags":[8599,470,8601,8600],"class_list":["post-176933","post","type-post","status-publish","format-standard","has-post-thumbnail","hentry","category-deportes","tag-boca-velez","tag-copa-argentina","tag-cupo-extranjeros","tag-velez-reclama"],"_links":{"self":[{"href":"https:\/\/primiciasclorinda.com\/index.php?rest_route=\/wp\/v2\/posts\/176933","targetHints":{"allow":["GET"]}}],"collection":[{"href":"https:\/\/primiciasclorinda.com\/index.php?rest_route=\/wp\/v2\/posts"}],"about":[{"href":"https:\/\/primiciasclorinda.com\/index.php?rest_route=\/wp\/v2\/types\/post"}],"author":[{"embeddable":true,"href":"https:\/\/primiciasclorinda.com\/index.php?rest_route=\/wp\/v2\/users\/3"}],"replies":[{"embeddable":true,"href":"https:\/\/primiciasclorinda.com\/index.php?rest_route=%2Fwp%2Fv2%2Fcomments&post=176933"}],"version-history":[{"count":1,"href":"https:\/\/primiciasclorinda.com\/index.php?rest_route=\/wp\/v2\/posts\/176933\/revisions"}],"predecessor-version":[{"id":176934,"href":"https:\/\/primiciasclorinda.com\/index.php?rest_route=\/wp\/v2\/posts\/176933\/revisions\/176934"}],"wp:featuredmedia":[{"embeddable":true,"href":"https:\/\/primiciasclorinda.com\/index.php?rest_route=\/wp\/v2\/media\/176919"}],"wp:attachment":[{"href":"https:\/\/primiciasclorinda.com\/index.php?rest_route=%2Fwp%2Fv2%2Fmedia&parent=176933"}],"wp:term":[{"taxonomy":"category","embeddable":true,"href":"https:\/\/primiciasclorinda.com\/index.php?rest_route=%2Fwp%2Fv2%2Fcategories&post=176933"},{"taxonomy":"post_tag","embeddable":true,"href":"https:\/\/primiciasclorinda.com\/index.php?rest_route=%2Fwp%2Fv2%2Ftags&post=176933"}],"curies":[{"name":"wp","href":"https:\/\/api.w.org\/{rel}","templated":true}]}}