{"id":176929,"date":"2026-09-05T09:32:09","date_gmt":"2026-09-05T12:32:09","guid":{"rendered":"https:\/\/primiciasclorinda.com\/?p=176929"},"modified":"2026-09-05T09:32:09","modified_gmt":"2026-09-05T12:32:09","slug":"condolencias-y-duelo-por-fallecimiento-de-fermin-caballero-acaecido-en-la-tarde-del-viernes","status":"publish","type":"post","link":"https:\/\/primiciasclorinda.com\/?p=176929","title":{"rendered":"Condolencias y duelo por fallecimiento de Ferm\u00edn Caballero, acaecido en la tarde del viernes."},"content":{"rendered":"\n<p><strong>La Municipalidad de Clorinda a trav\u00e9s del Decreto N\u00b0 1688\/26 declara tres d\u00edas de duelo en el \u00e1mbito del ejido municipal de Clorinda con bandera a media asta.<\/strong><\/p>\n\n\n\n<p><strong>Destacada figura de la pol\u00edtica provincial y local, Ferm\u00edn Caballero dedic\u00f3 su vida al servicio p\u00fablico y al compromiso social, dejando una huella imborrable a lo largo de su vasta trayectoria como Legislador Provincial, Diputado Constituyente, concejal, funcionario municipal, entre otros significativos cargos p\u00fablicos desempe\u00f1ados con vocaci\u00f3n y lealtad a sus convicciones.<\/strong><\/p>\n\n\n\n<p><strong>En este doloroso momento, el Intendente Caniza y la gesti\u00f3n municipal hacen llegar sus m\u00e1s sinceras condolencias a sus familiares, allegados y compa\u00f1eros del movimiento, rogando por el eterno descanso de su alma y reconfortante consuelo para sus seres queridos<\/strong><\/p>\n\n\n<figure class=\"wp-block-post-featured-image\"><img loading=\"lazy\" decoding=\"async\" width=\"950\" height=\"600\" src=\"https:\/\/primiciasclorinda.com\/wp-content\/uploads\/2026\/09\/09052026-notprimiciasclor-0595-asd.jpg\" class=\"attachment-post-thumbnail size-post-thumbnail wp-post-image\" alt=\"\" style=\"object-fit:cover;\" srcset=\"https:\/\/primiciasclorinda.com\/wp-content\/uploads\/2026\/09\/09052026-notprimiciasclor-0595-asd.jpg 950w, https:\/\/primiciasclorinda.com\/wp-content\/uploads\/2026\/09\/09052026-notprimiciasclor-0595-asd-300x189.jpg 300w, https:\/\/primiciasclorinda.com\/wp-content\/uploads\/2026\/09\/09052026-notprimiciasclor-0595-asd-475x300.jpg 475w, https:\/\/primiciasclorinda.com\/wp-content\/uploads\/2026\/09\/09052026-notprimiciasclor-0595-asd-768x485.jpg 768w\" sizes=\"auto, (max-width: 950px) 100vw, 950px\" \/><\/figure>","protected":false},"excerpt":{"rendered":"<div class=\"mh-excerpt\"><p>La Municipalidad de Clorinda a trav\u00e9s del Decreto N\u00b0 1688\/26 declara tres d\u00edas de duelo en el \u00e1mbito del ejido municipal de Clorinda con bandera <a class=\"mh-excerpt-more\" href=\"https:\/\/primiciasclorinda.com\/?p=176929\" title=\"Condolencias y duelo por fallecimiento de Ferm\u00edn Caballero, acaecido en la tarde del viernes.\">[&#8230;]<\/a><\/p>\n<\/div>","protected":false},"author":3,"featured_media":176916,"comment_status":"open","ping_status":"open","sticky":false,"template":"","format":"standard","meta":{"footnotes":""},"categories":[5431,6],"tags":[26,3530,1381],"class_list":["post-176929","post","type-post","status-publish","format-standard","has-post-thumbnail","hentry","category-clorinda","category-cultura","tag-clorinda","tag-fallecimiento","tag-fermin-caballero"],"_links":{"self":[{"href":"https:\/\/primiciasclorinda.com\/index.php?rest_route=\/wp\/v2\/posts\/176929","targetHints":{"allow":["GET"]}}],"collection":[{"href":"https:\/\/primiciasclorinda.com\/index.php?rest_route=\/wp\/v2\/posts"}],"about":[{"href":"https:\/\/primiciasclorinda.com\/index.php?rest_route=\/wp\/v2\/types\/post"}],"author":[{"embeddable":true,"href":"https:\/\/primiciasclorinda.com\/index.php?rest_route=\/wp\/v2\/users\/3"}],"replies":[{"embeddable":true,"href":"https:\/\/primiciasclorinda.com\/index.php?rest_route=%2Fwp%2Fv2%2Fcomments&post=176929"}],"version-history":[{"count":1,"href":"https:\/\/primiciasclorinda.com\/index.php?rest_route=\/wp\/v2\/posts\/176929\/revisions"}],"predecessor-version":[{"id":176930,"href":"https:\/\/primiciasclorinda.com\/index.php?rest_route=\/wp\/v2\/posts\/176929\/revisions\/176930"}],"wp:featuredmedia":[{"embeddable":true,"href":"https:\/\/primiciasclorinda.com\/index.php?rest_route=\/wp\/v2\/media\/176916"}],"wp:attachment":[{"href":"https:\/\/primiciasclorinda.com\/index.php?rest_route=%2Fwp%2Fv2%2Fmedia&parent=176929"}],"wp:term":[{"taxonomy":"category","embeddable":true,"href":"https:\/\/primiciasclorinda.com\/index.php?rest_route=%2Fwp%2Fv2%2Fcategories&post=176929"},{"taxonomy":"post_tag","embeddable":true,"href":"https:\/\/primiciasclorinda.com\/index.php?rest_route=%2Fwp%2Fv2%2Ftags&post=176929"}],"curies":[{"name":"wp","href":"https:\/\/api.w.org\/{rel}","templated":true}]}}