{"id":176927,"date":"2026-09-05T09:30:46","date_gmt":"2026-09-05T12:30:46","guid":{"rendered":"https:\/\/primiciasclorinda.com\/?p=176927"},"modified":"2026-09-05T09:30:46","modified_gmt":"2026-09-05T12:30:46","slug":"una-nueva-edicion-de-musica-en-la-frontera-este-domingo-en-clorinda","status":"publish","type":"post","link":"https:\/\/primiciasclorinda.com\/?p=176927","title":{"rendered":"Una nueva edici\u00f3n de \u201cM\u00fasica en la Frontera\u201d, este Domingo en Clorinda."},"content":{"rendered":"\n<p><strong>Este domingo 06, la m\u00fasica vuelve a encontrarse con la comunidad en la Plaza de la Madre, a partir de las 19:00 horas, con una nueva edici\u00f3n de \u201cM\u00fasica en la Frontera\u201d.<\/strong><\/p>\n\n\n\n<p><strong>La Municipalidad de Clorinda, junto a la Direcci\u00f3n de Juventud y Cultura y con el acompa\u00f1amiento de Ariel Caniza, invita a toda la comunidad a disfrutar de un domingo diferente, lleno de m\u00fasica, alegr\u00eda y cultura.<\/strong><\/p>\n\n\n\n<p><strong>El encuentro contar\u00e1 con un gran show de artistas, con la presentaci\u00f3n de Ana Julia, Suena Kumbia y Audaces. <\/strong><strong>La invitaci\u00f3n es para toda la comunidad a acercarse y disfrutar de una tarde noche especial, en familia y con amigos, compartiendo la m\u00fasica y el talento de nuestros artistas<\/strong><\/p>\n\n\n<figure class=\"wp-block-post-featured-image\"><img loading=\"lazy\" decoding=\"async\" width=\"950\" height=\"600\" src=\"https:\/\/primiciasclorinda.com\/wp-content\/uploads\/2026\/09\/09052026-notprimiciasclor-0596-asd.jpg\" class=\"attachment-post-thumbnail size-post-thumbnail wp-post-image\" alt=\"\" style=\"object-fit:cover;\" srcset=\"https:\/\/primiciasclorinda.com\/wp-content\/uploads\/2026\/09\/09052026-notprimiciasclor-0596-asd.jpg 950w, https:\/\/primiciasclorinda.com\/wp-content\/uploads\/2026\/09\/09052026-notprimiciasclor-0596-asd-300x189.jpg 300w, https:\/\/primiciasclorinda.com\/wp-content\/uploads\/2026\/09\/09052026-notprimiciasclor-0596-asd-475x300.jpg 475w, https:\/\/primiciasclorinda.com\/wp-content\/uploads\/2026\/09\/09052026-notprimiciasclor-0596-asd-768x485.jpg 768w\" sizes=\"auto, (max-width: 950px) 100vw, 950px\" \/><\/figure>","protected":false},"excerpt":{"rendered":"<div class=\"mh-excerpt\"><p>Este domingo 06, la m\u00fasica vuelve a encontrarse con la comunidad en la Plaza de la Madre, a partir de las 19:00 horas, con una <a class=\"mh-excerpt-more\" href=\"https:\/\/primiciasclorinda.com\/?p=176927\" title=\"Una nueva edici\u00f3n de \u201cM\u00fasica en la Frontera\u201d, este Domingo en Clorinda.\">[&#8230;]<\/a><\/p>\n<\/div>","protected":false},"author":3,"featured_media":176915,"comment_status":"open","ping_status":"open","sticky":false,"template":"","format":"standard","meta":{"footnotes":""},"categories":[5431,6],"tags":[26,8596],"class_list":["post-176927","post","type-post","status-publish","format-standard","has-post-thumbnail","hentry","category-clorinda","category-cultura","tag-clorinda","tag-musica-en-la-frontera"],"_links":{"self":[{"href":"https:\/\/primiciasclorinda.com\/index.php?rest_route=\/wp\/v2\/posts\/176927","targetHints":{"allow":["GET"]}}],"collection":[{"href":"https:\/\/primiciasclorinda.com\/index.php?rest_route=\/wp\/v2\/posts"}],"about":[{"href":"https:\/\/primiciasclorinda.com\/index.php?rest_route=\/wp\/v2\/types\/post"}],"author":[{"embeddable":true,"href":"https:\/\/primiciasclorinda.com\/index.php?rest_route=\/wp\/v2\/users\/3"}],"replies":[{"embeddable":true,"href":"https:\/\/primiciasclorinda.com\/index.php?rest_route=%2Fwp%2Fv2%2Fcomments&post=176927"}],"version-history":[{"count":1,"href":"https:\/\/primiciasclorinda.com\/index.php?rest_route=\/wp\/v2\/posts\/176927\/revisions"}],"predecessor-version":[{"id":176928,"href":"https:\/\/primiciasclorinda.com\/index.php?rest_route=\/wp\/v2\/posts\/176927\/revisions\/176928"}],"wp:featuredmedia":[{"embeddable":true,"href":"https:\/\/primiciasclorinda.com\/index.php?rest_route=\/wp\/v2\/media\/176915"}],"wp:attachment":[{"href":"https:\/\/primiciasclorinda.com\/index.php?rest_route=%2Fwp%2Fv2%2Fmedia&parent=176927"}],"wp:term":[{"taxonomy":"category","embeddable":true,"href":"https:\/\/primiciasclorinda.com\/index.php?rest_route=%2Fwp%2Fv2%2Fcategories&post=176927"},{"taxonomy":"post_tag","embeddable":true,"href":"https:\/\/primiciasclorinda.com\/index.php?rest_route=%2Fwp%2Fv2%2Ftags&post=176927"}],"curies":[{"name":"wp","href":"https:\/\/api.w.org\/{rel}","templated":true}]}}