{"id":176913,"date":"2026-09-05T09:22:40","date_gmt":"2026-09-05T12:22:40","guid":{"rendered":"https:\/\/primiciasclorinda.com\/?p=176913"},"modified":"2026-09-05T09:22:41","modified_gmt":"2026-09-05T12:22:41","slug":"formosa-cerro-la-semana-de-la-industria-con-nuevas-apuestas-a-la-produccion-y-el-empleo","status":"publish","type":"post","link":"https:\/\/primiciasclorinda.com\/?p=176913","title":{"rendered":"Formosa cerr\u00f3 la Semana de la Industria con nuevas apuestas a la producci\u00f3n y el empleo"},"content":{"rendered":"\n<p><strong>El cierre de la Semana de la Industria 2026 en Formosa tuvo como principal anuncio la inversi\u00f3n de US$ 7 millones de Cloronor para ampliar su producci\u00f3n de policloruro de aluminio y generar 25 nuevos puestos de trabajo.<\/strong><\/p>\n\n\n\n<p><strong>Formosa&nbsp;cerr\u00f3 este viernes la&nbsp;Semana de la Industria 2026&nbsp;con un acto realizado en las instalaciones de&nbsp;Cloronor S.A., ubicadas en el Parque Industrial Formosa. El encuentro reuni\u00f3 a representantes del sector empresarial, autoridades provinciales y referentes del sistema cient\u00edfico-tecnol\u00f3gico, en una jornada centrada en la producci\u00f3n, la innovaci\u00f3n y el desarrollo industrial.<\/strong><\/p>\n\n\n\n<p><strong>La actividad se desarroll\u00f3 bajo el lema&nbsp;\u201cDonde la innovaci\u00f3n y el talento transforman nuestras industrias\u201d&nbsp;y fue declarada de inter\u00e9s legislativo por la C\u00e1mara de Diputados de la provincia. Como parte del cierre, los participantes recorrieron la planta de Cloronor, donde la empresa present\u00f3 los avances de un proyecto de expansi\u00f3n que contempla una inversi\u00f3n de&nbsp;US$ 7 millones.<\/strong><\/p>\n\n\n\n<p><strong>Cloronor avanza con una nueva etapa de expansi\u00f3n<\/strong><\/p>\n\n\n\n<p><strong>Durante el recorrido por la planta, el titular de&nbsp;<a href=\"https:\/\/www.cloronor.com.ar\/\">Cloronor<\/a>, Gabriel Alejandro Alvarenga, explic\u00f3 las caracter\u00edsticas del proyecto denominado&nbsp;\u201cSinergia\u201d, que contempla la incorporaci\u00f3n de infraestructura para la elaboraci\u00f3n de policloruro de aluminio (PAC).<\/strong><\/p>\n\n\n\n<p><strong>La incorporaci\u00f3n de una torre de origen canadiense permitir\u00e1 que Cloronor se convierta en la&nbsp;segunda empresa de Argentina y la \u00fanica de la regi\u00f3n NEA&nbsp;en fabricar este insumo. El proyecto tambi\u00e9n contempla la generaci\u00f3n de&nbsp;25 nuevos puestos de trabajo, destinados a operarios e ingenieros y cuenta con&nbsp;financiamiento provincial a trav\u00e9s del FonDIP,&nbsp;seg\u00fan se inform\u00f3 durante la jornada.<\/strong><\/p>\n\n\n\n<p><strong>El Gobierno provincial destac\u00f3 el acompa\u00f1amiento a las industrias<\/strong><\/p>\n\n\n\n<p><strong>El cierre de la Semana de la Industria tambi\u00e9n estuvo marcado por un diagn\u00f3stico sobre la situaci\u00f3n del sector a nivel nacional. El&nbsp;subsecretario de Desarrollo Econ\u00f3mico, Horacio Cosenza, sostuvo que la industria atraviesa un escenario complejo y vincul\u00f3 esa situaci\u00f3n con una ca\u00edda de la producci\u00f3n y el cierre de peque\u00f1as y medianas empresas.<\/strong><\/p>\n\n\n\n<p><strong><em>\u201cFrente al repliegue del Estado nacional,&nbsp;el Gobierno de la Provincia reafirma un modelo con soberan\u00eda tecnol\u00f3gica, educaci\u00f3n integral, infraestructura activa y acompa\u00f1amiento real a nuestras industrias\u201d, afirm\u00f3 Cosenza durante el acto.<\/em><\/strong><\/p>\n\n\n\n<p><strong>El funcionario tambi\u00e9n sostuvo que producir actualmente en Argentina se transform\u00f3 en un&nbsp;\u201cacto de verdadera resistencia heroica\u201d, al tiempo que&nbsp;destac\u00f3 las herramientas impulsadas por la provincia para acompa\u00f1ar al sector productivo local.<\/strong><\/p>\n\n\n\n<p><strong>Una semana con eje en tecnolog\u00eda e innovaci\u00f3n<\/strong><\/p>\n\n\n\n<p><strong>El acto de cierre fue el punto final de una agenda que durante la semana busc\u00f3 promover la&nbsp;adopci\u00f3n tecnol\u00f3gica y la competitividad de las PyMEs&nbsp;formose\u00f1as.<\/strong><\/p>\n\n\n\n<p><strong>Entre las actividades desarrolladas se incluyeron jornadas en el&nbsp;Polo Cient\u00edfico y Tecnol\u00f3gico&nbsp;vinculadas con la aplicaci\u00f3n de&nbsp;Inteligencia Artificial a las PyMEs, adem\u00e1s de recorridos por empresas locales en el marco del programa&nbsp;Experiencia PyME en Valor.<\/strong><\/p>\n\n\n\n<p><strong>Las visitas incluyeron a firmas como&nbsp;Proveedur\u00eda Integral y GLASS NEA, con el objetivo de acercar a los participantes a experiencias vinculadas con los procesos productivos y la incorporaci\u00f3n de herramientas para fortalecer la actividad empresarial.<\/strong><\/p>\n\n\n\n<p><strong>Presencia empresarial e institucional<\/strong><\/p>\n\n\n\n<p><strong>El cierre cont\u00f3 con la participaci\u00f3n de representantes del Gobierno provincial, empresarios, entidades del sector productivo y referentes cient\u00edficos y tecnol\u00f3gicos. Entre ellos estuvieron la diputada provincial&nbsp;Beatriz Lotto de Vecchietti&nbsp;y el secretario de Ciencia y Tecnolog\u00eda,&nbsp;Camilo Orrabalis.<\/strong><\/p>\n\n\n\n<p><strong>Tambi\u00e9n participaron representantes de&nbsp;REFSA, la Federaci\u00f3n Econ\u00f3mica de Formosa, la&nbsp;<a href=\"https:\/\/neahoy.com\/2026\/08\/31\/la-union-industrial-de-formosa-cuestiono-al-gobierno-por-el-impacto-de-sus-politicas-en-el-sector-productivo\/\">Uni\u00f3n Industrial de Formosa,<\/a>&nbsp;CAMEFOR y organismos vinculados al Ministerio de la Producci\u00f3n y Ambiente.<\/strong><\/p>\n\n\n\n<p><strong>Durante el encuentro,&nbsp;Cloronor entreg\u00f3 dos placas conmemorativas&nbsp;destinadas al gobernador Gildo Insfr\u00e1n y al ministro de Econom\u00eda, Hacienda y Finanzas. El acto concluy\u00f3 con un brindis de camarader\u00eda en el Auditorio del Parque Industrial.<\/strong><\/p>\n\n\n\n<p><strong>De esta manera,&nbsp;la Provincia cerr\u00f3 la&nbsp;Semana de la Industria 2026&nbsp;poniendo el foco en la inversi\u00f3n privada, la incorporaci\u00f3n de tecnolog\u00eda y el acompa\u00f1amiento estatal a las empresas locales, con el proyecto de expansi\u00f3n de Cloronor como uno de los principales anuncios de la jornada.<\/strong><\/p>\n\n\n\n<p><strong>Fuente: Ministerio de Econom\u00eda, Hacienda y Finanzas<\/strong><\/p>\n\n\n<figure class=\"wp-block-post-featured-image\"><img loading=\"lazy\" decoding=\"async\" width=\"950\" height=\"600\" src=\"https:\/\/primiciasclorinda.com\/wp-content\/uploads\/2026\/09\/09052026-notprimiciasclor-0590-asd.jpg\" class=\"attachment-post-thumbnail size-post-thumbnail wp-post-image\" alt=\"\" style=\"object-fit:cover;\" srcset=\"https:\/\/primiciasclorinda.com\/wp-content\/uploads\/2026\/09\/09052026-notprimiciasclor-0590-asd.jpg 950w, https:\/\/primiciasclorinda.com\/wp-content\/uploads\/2026\/09\/09052026-notprimiciasclor-0590-asd-300x189.jpg 300w, https:\/\/primiciasclorinda.com\/wp-content\/uploads\/2026\/09\/09052026-notprimiciasclor-0590-asd-475x300.jpg 475w, https:\/\/primiciasclorinda.com\/wp-content\/uploads\/2026\/09\/09052026-notprimiciasclor-0590-asd-768x485.jpg 768w\" sizes=\"auto, (max-width: 950px) 100vw, 950px\" \/><\/figure>\n\n\n<p><\/p>\n","protected":false},"excerpt":{"rendered":"<div class=\"mh-excerpt\"><p>El cierre de la Semana de la Industria 2026 en Formosa tuvo como principal anuncio la inversi\u00f3n de US$ 7 millones de Cloronor para ampliar <a class=\"mh-excerpt-more\" href=\"https:\/\/primiciasclorinda.com\/?p=176913\" title=\"Formosa cerr\u00f3 la Semana de la Industria con nuevas apuestas a la producci\u00f3n y el empleo\">[&#8230;]<\/a><\/p>\n<\/div>","protected":false},"author":3,"featured_media":176921,"comment_status":"open","ping_status":"open","sticky":false,"template":"","format":"standard","meta":{"footnotes":""},"categories":[3],"tags":[23,8594,8496],"class_list":["post-176913","post","type-post","status-publish","format-standard","has-post-thumbnail","hentry","category-politica-economia","tag-formosa","tag-produccion-y-empleo","tag-semana-de-la-industria"],"_links":{"self":[{"href":"https:\/\/primiciasclorinda.com\/index.php?rest_route=\/wp\/v2\/posts\/176913","targetHints":{"allow":["GET"]}}],"collection":[{"href":"https:\/\/primiciasclorinda.com\/index.php?rest_route=\/wp\/v2\/posts"}],"about":[{"href":"https:\/\/primiciasclorinda.com\/index.php?rest_route=\/wp\/v2\/types\/post"}],"author":[{"embeddable":true,"href":"https:\/\/primiciasclorinda.com\/index.php?rest_route=\/wp\/v2\/users\/3"}],"replies":[{"embeddable":true,"href":"https:\/\/primiciasclorinda.com\/index.php?rest_route=%2Fwp%2Fv2%2Fcomments&post=176913"}],"version-history":[{"count":1,"href":"https:\/\/primiciasclorinda.com\/index.php?rest_route=\/wp\/v2\/posts\/176913\/revisions"}],"predecessor-version":[{"id":176922,"href":"https:\/\/primiciasclorinda.com\/index.php?rest_route=\/wp\/v2\/posts\/176913\/revisions\/176922"}],"wp:featuredmedia":[{"embeddable":true,"href":"https:\/\/primiciasclorinda.com\/index.php?rest_route=\/wp\/v2\/media\/176921"}],"wp:attachment":[{"href":"https:\/\/primiciasclorinda.com\/index.php?rest_route=%2Fwp%2Fv2%2Fmedia&parent=176913"}],"wp:term":[{"taxonomy":"category","embeddable":true,"href":"https:\/\/primiciasclorinda.com\/index.php?rest_route=%2Fwp%2Fv2%2Fcategories&post=176913"},{"taxonomy":"post_tag","embeddable":true,"href":"https:\/\/primiciasclorinda.com\/index.php?rest_route=%2Fwp%2Fv2%2Ftags&post=176913"}],"curies":[{"name":"wp","href":"https:\/\/api.w.org\/{rel}","templated":true}]}}