{"id":176910,"date":"2026-09-04T09:46:05","date_gmt":"2026-09-04T12:46:05","guid":{"rendered":"https:\/\/primiciasclorinda.com\/?p=176910"},"modified":"2026-09-04T09:46:05","modified_gmt":"2026-09-04T12:46:05","slug":"la-seleccion-argentina-podria-tener-su-encuentro-con-la-gente-en-la-proxima-fecha-fifa","status":"publish","type":"post","link":"https:\/\/primiciasclorinda.com\/?p=176910","title":{"rendered":"La selecci\u00f3n argentina podr\u00eda tener su encuentro con la gente en la pr\u00f3xima fecha FIFA"},"content":{"rendered":"\n<p><strong>La ventana \u00abXL\u00bb de amistosos comienza el 21 de septiembre y termina el 6 de octubre.<\/strong><\/p>\n\n\n\n<p><strong>La selecci\u00f3n argentina podr\u00eda volver a reencontrarse con los hinchas en una cancha&nbsp;&nbsp;en la pr\u00f3xima fecha FIFA que se disputar\u00e1 entre septiembre y octubre.<\/strong><\/p>\n\n\n\n<p><strong>La \u00faltima vez que los simpatizantes argentinos pudieron ver a los jugadores, fue cuando llegaron al pa\u00eds tras la final de la Copa del Mundo 2026, donde fue derrotada por 1-0 ante Espa\u00f1a con gol de Ferran Torres en tiempo de descuento.<\/strong><\/p>\n\n\n\n<p><strong>El conjunto que, por el momento, hasta diciembre ser\u00e1 dirigido por Lionel Scaloni, podr\u00eda optar por&nbsp;disputar entre dos y tres encuentros entre el 21 de septiembre y el 6 de octubre.&nbsp;Hasta la fecha,&nbsp;las localidades que tienen la mayor chance de albergar dichos partidos son el Monumental, C\u00f3rdoba y Rosario.&nbsp;<\/strong><\/p>\n\n\n\n<p><strong>Previo al retiro de la m\u00e1xima estrella de la \u00abAlbiceleste\u00bb, Lionel Messi,&nbsp;se barajaba la posibilidad de dos o tres encuentros que se jugar\u00edan en China, mientras que otros destinos posibles eran Estados Unidos o Europa,&nbsp;pero con la convicci\u00f3n de realizar, al menos uno en el pa\u00eds, gracias a la nueva reglamentaci\u00f3n de la FIFA que permite amistosos en diferentes continentes.<\/strong><\/p>\n\n\n\n<p><strong>La Asociaci\u00f3n del F\u00fatbol Argentino (AFA) se encuentra en un segundo semestre revolucionado, donde&nbsp;logr\u00f3 uno de los objetivos&nbsp;propuestos por el plantel \u2014llegar al \u00faltimo d\u00eda del Mundial\u2014 pero&nbsp;sin poder concretar el anhelo de levantar la copa por cuarta vez.&nbsp;<\/strong><\/p>\n\n\n\n<p><strong>A esto se suma&nbsp;la inc\u00f3gnita sobre el futuro del cuerpo t\u00e9cnico, el cual Lionel Scaloni declar\u00f3 que cumplir\u00e1 su contrato hasta diciembre, pero no asegura su continuidad; adem\u00e1s,&nbsp;Lionel Messi puso punto final a su relaci\u00f3n con el seleccionado.<\/strong><\/p>\n\n\n\n<p><strong>Tambi\u00e9n, desde el organismo esperan el \u00faltimo veredicto sobre los jugadores suspendidos por la FIFA tras el conflicto en las celebraciones de Espa\u00f1a como campeona de la m\u00e1xima competencia; y, a poco m\u00e1s de dos semanas de que comience la ventana de amistosos internacionales, la selecci\u00f3n a\u00fan no confirm\u00f3 cu\u00e1ntos ni contra qui\u00e9n disputar\u00e1 los partidos correspondientes, y mucho menos sedes o venta de entradas<\/strong><\/p>\n\n\n<figure class=\"wp-block-post-featured-image\"><img loading=\"lazy\" decoding=\"async\" width=\"950\" height=\"600\" src=\"https:\/\/primiciasclorinda.com\/wp-content\/uploads\/2026\/09\/09042026-notprimiciasclor-0583-asd-1.jpg\" class=\"attachment-post-thumbnail size-post-thumbnail wp-post-image\" alt=\"\" style=\"object-fit:cover;\" srcset=\"https:\/\/primiciasclorinda.com\/wp-content\/uploads\/2026\/09\/09042026-notprimiciasclor-0583-asd-1.jpg 950w, https:\/\/primiciasclorinda.com\/wp-content\/uploads\/2026\/09\/09042026-notprimiciasclor-0583-asd-1-300x189.jpg 300w, https:\/\/primiciasclorinda.com\/wp-content\/uploads\/2026\/09\/09042026-notprimiciasclor-0583-asd-1-475x300.jpg 475w, https:\/\/primiciasclorinda.com\/wp-content\/uploads\/2026\/09\/09042026-notprimiciasclor-0583-asd-1-768x485.jpg 768w\" sizes=\"auto, (max-width: 950px) 100vw, 950px\" \/><\/figure>\n\n\n<p><\/p>\n","protected":false},"excerpt":{"rendered":"<div class=\"mh-excerpt\"><p>La ventana \u00abXL\u00bb de amistosos comienza el 21 de septiembre y termina el 6 de octubre. La selecci\u00f3n argentina podr\u00eda volver a reencontrarse con los <a class=\"mh-excerpt-more\" href=\"https:\/\/primiciasclorinda.com\/?p=176910\" title=\"La selecci\u00f3n argentina podr\u00eda tener su encuentro con la gente en la pr\u00f3xima fecha FIFA\">[&#8230;]<\/a><\/p>\n<\/div>","protected":false},"author":3,"featured_media":176911,"comment_status":"open","ping_status":"open","sticky":false,"template":"","format":"standard","meta":{"footnotes":""},"categories":[5],"tags":[5402,377],"class_list":["post-176910","post","type-post","status-publish","format-standard","has-post-thumbnail","hentry","category-deportes","tag-fecha-fifa","tag-seleccion-argentina"],"_links":{"self":[{"href":"https:\/\/primiciasclorinda.com\/index.php?rest_route=\/wp\/v2\/posts\/176910","targetHints":{"allow":["GET"]}}],"collection":[{"href":"https:\/\/primiciasclorinda.com\/index.php?rest_route=\/wp\/v2\/posts"}],"about":[{"href":"https:\/\/primiciasclorinda.com\/index.php?rest_route=\/wp\/v2\/types\/post"}],"author":[{"embeddable":true,"href":"https:\/\/primiciasclorinda.com\/index.php?rest_route=\/wp\/v2\/users\/3"}],"replies":[{"embeddable":true,"href":"https:\/\/primiciasclorinda.com\/index.php?rest_route=%2Fwp%2Fv2%2Fcomments&post=176910"}],"version-history":[{"count":1,"href":"https:\/\/primiciasclorinda.com\/index.php?rest_route=\/wp\/v2\/posts\/176910\/revisions"}],"predecessor-version":[{"id":176912,"href":"https:\/\/primiciasclorinda.com\/index.php?rest_route=\/wp\/v2\/posts\/176910\/revisions\/176912"}],"wp:featuredmedia":[{"embeddable":true,"href":"https:\/\/primiciasclorinda.com\/index.php?rest_route=\/wp\/v2\/media\/176911"}],"wp:attachment":[{"href":"https:\/\/primiciasclorinda.com\/index.php?rest_route=%2Fwp%2Fv2%2Fmedia&parent=176910"}],"wp:term":[{"taxonomy":"category","embeddable":true,"href":"https:\/\/primiciasclorinda.com\/index.php?rest_route=%2Fwp%2Fv2%2Fcategories&post=176910"},{"taxonomy":"post_tag","embeddable":true,"href":"https:\/\/primiciasclorinda.com\/index.php?rest_route=%2Fwp%2Fv2%2Ftags&post=176910"}],"curies":[{"name":"wp","href":"https:\/\/api.w.org\/{rel}","templated":true}]}}