{"id":176897,"date":"2026-09-04T09:26:53","date_gmt":"2026-09-04T12:26:53","guid":{"rendered":"https:\/\/primiciasclorinda.com\/?p=176897"},"modified":"2026-09-04T09:26:53","modified_gmt":"2026-09-04T12:26:53","slug":"milei-anuncio-sanciones-a-petroleras-que-operen-en-malvinas-y-la-construccion-de-una-base-naval-en-ushuaia","status":"publish","type":"post","link":"https:\/\/primiciasclorinda.com\/?p=176897","title":{"rendered":"Milei anunci\u00f3 sanciones a petroleras que operen en Malvinas y la construcci\u00f3n de una base naval en Ushuaia"},"content":{"rendered":"\n<p><strong>El presidente present\u00f3 por cadena nacional un paquete de medidas que buscar\u00e1n aumentar las penalidades para las empresas que operen en el archipi\u00e9lago sin autorizaci\u00f3n argentina y estar\u00e1 acompa\u00f1ado por la creaci\u00f3n de una base naval en el extremo sur del pa\u00eds.<\/strong><\/p>\n\n\n\n<p><strong>El presidente Javier Milei anunci\u00f3 este jueves por cadena nacional el&nbsp;env\u00edo al Congreso de un proyecto de ley para endurecer las sanciones contra las empresas que desarrollen actividades econ\u00f3micas en las islas Malvinas sin autorizaci\u00f3n argentina.&nbsp;Adem\u00e1s, adelant\u00f3 que firmar\u00e1 un decreto de necesidad y urgencia para solventar la&nbsp;creaci\u00f3n de una base naval en Ushuaia como parte de una estrategia destinada a reforzar la presencia del Estado en el Atl\u00e1ntico Sur&nbsp;y respaldar el reclamo de soberan\u00eda sobre el archipi\u00e9lago.<\/strong><\/p>\n\n\n\n<p><strong>La iniciativa oficial busca&nbsp;modificar el esquema de sanciones vigente&nbsp;para las compa\u00f1\u00edas que participen de actividades vinculadas con la exploraci\u00f3n y explotaci\u00f3n de recursos naturales en las islas. Actualmente, la&nbsp;Ley 26.659&nbsp;establece&nbsp;restricciones para la exploraci\u00f3n y extracci\u00f3n de hidrocarburos&nbsp;en la Plataforma Continental Argentina sin autorizaci\u00f3n del Estado nacional. Seg\u00fan anticip\u00f3 Milei,&nbsp;el proyecto apuntar\u00e1 a endurecer las penalidades previstas en esa normativa.<\/strong><\/p>\n\n\n\n<p><strong>La Ley N\u00b0 26.659 tiene gran relevancia para sancionar a quienes no reconocen nuestra soberan\u00eda y avanzan en la explotaci\u00f3n de nuestros recursos. Corresponde, sin embargo, modificarla para mejorar las herramientas que nos otorga actualmente para combatir este avance sobre el territorio argentino\u00bb, sostuvo Milei.<\/strong><\/p>\n\n\n\n<p><strong>Y agreg\u00f3 que el proyecto de Ley de Defensa de la Soberan\u00eda Nacional, adem\u00e1s de modificar la Ley N\u00b0 26.659,&nbsp;crear\u00e1 un Consejo de Seguridad Nacional&nbsp;para<em>&nbsp;\u00abdefinir la pol\u00edtica de seguridad nacional y que \u00e9sta se aplique de forma transversal\u00bb, lo que&nbsp;\u00abpermitir\u00e1 una estrategia coordinada en la defensa de la soberan\u00eda y del territorio nacional, y en la recuperaci\u00f3n de las islas Malvinas\u00bb,<\/em>&nbsp;precis\u00f3.<\/strong><\/p>\n\n\n\n<p><strong>Milei tambi\u00e9n anunci\u00f3 un DNU destinado a&nbsp;ampliar los recursos del Ministerio de Defensa&nbsp;para avanzar en la&nbsp;construcci\u00f3n de una Base Naval Integrada&nbsp;en&nbsp;Tierra del Fuego&nbsp;y fortalecer las capacidades de telecomunicaciones.<\/strong><\/p>\n\n\n\n<p><strong>Fuente: A24<\/strong><\/p>\n\n\n<figure class=\"wp-block-post-featured-image\"><img loading=\"lazy\" decoding=\"async\" width=\"950\" height=\"600\" src=\"https:\/\/primiciasclorinda.com\/wp-content\/uploads\/2026\/09\/09042026-notprimiciasclor-0581-asd.jpg\" class=\"attachment-post-thumbnail size-post-thumbnail wp-post-image\" alt=\"\" style=\"object-fit:cover;\" srcset=\"https:\/\/primiciasclorinda.com\/wp-content\/uploads\/2026\/09\/09042026-notprimiciasclor-0581-asd.jpg 950w, https:\/\/primiciasclorinda.com\/wp-content\/uploads\/2026\/09\/09042026-notprimiciasclor-0581-asd-300x189.jpg 300w, https:\/\/primiciasclorinda.com\/wp-content\/uploads\/2026\/09\/09042026-notprimiciasclor-0581-asd-475x300.jpg 475w, https:\/\/primiciasclorinda.com\/wp-content\/uploads\/2026\/09\/09042026-notprimiciasclor-0581-asd-768x485.jpg 768w\" sizes=\"auto, (max-width: 950px) 100vw, 950px\" \/><\/figure>\n\n\n<p><\/p>\n","protected":false},"excerpt":{"rendered":"<div class=\"mh-excerpt\"><p>El presidente present\u00f3 por cadena nacional un paquete de medidas que buscar\u00e1n aumentar las penalidades para las empresas que operen en el archipi\u00e9lago sin autorizaci\u00f3n <a class=\"mh-excerpt-more\" href=\"https:\/\/primiciasclorinda.com\/?p=176897\" title=\"Milei anunci\u00f3 sanciones a petroleras que operen en Malvinas y la construcci\u00f3n de una base naval en Ushuaia\">[&#8230;]<\/a><\/p>\n<\/div>","protected":false},"author":3,"featured_media":176894,"comment_status":"open","ping_status":"open","sticky":false,"template":"","format":"standard","meta":{"footnotes":""},"categories":[3],"tags":[8581,1034,4236,7875,8580],"class_list":["post-176897","post","type-post","status-publish","format-standard","has-post-thumbnail","hentry","category-politica-economia","tag-base-naval-ushuaia","tag-islas-malvinas","tag-javier-milei","tag-multas","tag-petroleras"],"_links":{"self":[{"href":"https:\/\/primiciasclorinda.com\/index.php?rest_route=\/wp\/v2\/posts\/176897","targetHints":{"allow":["GET"]}}],"collection":[{"href":"https:\/\/primiciasclorinda.com\/index.php?rest_route=\/wp\/v2\/posts"}],"about":[{"href":"https:\/\/primiciasclorinda.com\/index.php?rest_route=\/wp\/v2\/types\/post"}],"author":[{"embeddable":true,"href":"https:\/\/primiciasclorinda.com\/index.php?rest_route=\/wp\/v2\/users\/3"}],"replies":[{"embeddable":true,"href":"https:\/\/primiciasclorinda.com\/index.php?rest_route=%2Fwp%2Fv2%2Fcomments&post=176897"}],"version-history":[{"count":1,"href":"https:\/\/primiciasclorinda.com\/index.php?rest_route=\/wp\/v2\/posts\/176897\/revisions"}],"predecessor-version":[{"id":176898,"href":"https:\/\/primiciasclorinda.com\/index.php?rest_route=\/wp\/v2\/posts\/176897\/revisions\/176898"}],"wp:featuredmedia":[{"embeddable":true,"href":"https:\/\/primiciasclorinda.com\/index.php?rest_route=\/wp\/v2\/media\/176894"}],"wp:attachment":[{"href":"https:\/\/primiciasclorinda.com\/index.php?rest_route=%2Fwp%2Fv2%2Fmedia&parent=176897"}],"wp:term":[{"taxonomy":"category","embeddable":true,"href":"https:\/\/primiciasclorinda.com\/index.php?rest_route=%2Fwp%2Fv2%2Fcategories&post=176897"},{"taxonomy":"post_tag","embeddable":true,"href":"https:\/\/primiciasclorinda.com\/index.php?rest_route=%2Fwp%2Fv2%2Ftags&post=176897"}],"curies":[{"name":"wp","href":"https:\/\/api.w.org\/{rel}","templated":true}]}}