{"id":176886,"date":"2026-09-03T09:24:47","date_gmt":"2026-09-03T12:24:47","guid":{"rendered":"https:\/\/primiciasclorinda.com\/?p=176886"},"modified":"2026-09-03T09:24:48","modified_gmt":"2026-09-03T12:24:48","slug":"fiesta-del-pomelo-habra-colectivos-especiales-y-regresos-de-madrugada-desde-laguna-blanca","status":"publish","type":"post","link":"https:\/\/primiciasclorinda.com\/?p=176886","title":{"rendered":"Fiesta del Pomelo: habr\u00e1 colectivos especiales y regresos de madrugada desde Laguna Blanca"},"content":{"rendered":"\n<p>La Fiesta Nacional del Pomelo se realizar\u00e1 el 19 y 20 de septiembre en Laguna Blanca. Conoc\u00e9 los horarios, recorridos y tarifas de los colectivos especiales desde Formosa, Clorinda y localidades del interior<\/p>\n\n\n\n<p>La&nbsp;<strong>XLII Fiesta Nacional del Pomelo<\/strong>&nbsp;tendr\u00e1 un esquema especial de transporte durante el s\u00e1bado 19 y domingo 20 de septiembre, con servicios que conectar\u00e1n&nbsp;<strong>Laguna Blanca con Formosa Capital, Clorinda y distintas localidades del norte provincial<\/strong>.<\/p>\n\n\n\n<p>La Direcci\u00f3n de Transporte de Formosa inform\u00f3 que, junto a las empresas&nbsp;<strong>Puerto Tirol y Nueva Godoy<\/strong>, se dispusieron frecuencias adicionales para facilitar el traslado de quienes asistan a una de las principales celebraciones culturales y productivas de la provincia.<\/p>\n\n\n\n<p>Uno de los puntos centrales del operativo ser\u00e1n los&nbsp;<strong>servicios de regreso durante la madrugada<\/strong>, especialmente el domingo, con colectivos que partir\u00e1n&nbsp;<strong>desde Laguna Blanca a partir de la 1 de la ma\u00f1ana hacia Formosa y Clorind<\/strong>a.<\/p>\n\n\n\n<p>Las salidas desde la capital provincial tendr\u00e1n como punto de partida la&nbsp;<strong>Terminal de \u00d3mnibus de Formosa<\/strong>, mientras que los regresos especiales desde Laguna Blanca se concentrar\u00e1n en el \u00c1rea de Transporte ubicada en las avenidas&nbsp;<strong>9 de Julio y 25 de Mayo<\/strong>.<\/p>\n\n\n\n<p>Los horarios de Puerto Tirol<\/p>\n\n\n\n<p>Durante el&nbsp;<strong>s\u00e1bado 19<\/strong>, Puerto Tirol tendr\u00e1 cuatro servicios desde Formosa hacia Laguna Blanca:&nbsp;<strong>9:30, 12:40, 15 y 19:15<\/strong>, con una tarifa de&nbsp;<strong>$14.200<\/strong>.<\/p>\n\n\n\n<p>Para el regreso hacia Formosa habr\u00e1 servicios a las&nbsp;<strong>4:40, 12:40 y 20:15<\/strong>, tambi\u00e9n por $14.200.<\/p>\n\n\n\n<p>La empresa tambi\u00e9n conectar\u00e1 Laguna Blanca con Clorinda, Pastoril, Riacho He H\u00e9 y Laguna Naick Neck, con tarifas que van desde&nbsp;<strong>$3.600 hasta $7.000<\/strong>, seg\u00fan el recorrido.<\/p>\n\n\n\n<p>El&nbsp;<strong>domingo 20<\/strong>, Formosa-Laguna Blanca contar\u00e1 con salidas a las&nbsp;<strong>9:30, 15 y 19:15<\/strong>. En sentido contrario, habr\u00e1 una importante cantidad de frecuencias:&nbsp;<strong>1, 2, 3, 4, 5 y 6 de la ma\u00f1ana<\/strong>, adem\u00e1s de las salidas de&nbsp;<strong>12:40, 16:40 y 20:15<\/strong>.<\/p>\n\n\n\n<p>Tambi\u00e9n habr\u00e1 servicios especiales de regreso hacia Clorinda a la&nbsp;<strong>1, 3 y 5 de la ma\u00f1ana<\/strong><\/p>\n\n\n\n<p>Nueva Godoy tambi\u00e9n suma servicios<\/p>\n\n\n\n<p>Nueva Godoy tendr\u00e1 el s\u00e1bado una salida desde Formosa hacia Laguna Blanca&nbsp;<strong>por Clorinda a las 10<\/strong>, con una tarifa de&nbsp;<strong>$17.900<\/strong>. Por Riacho, en tanto, habr\u00e1 servicios a las&nbsp;<strong>14, 17 y 20<\/strong>, por $14.200.<\/p>\n\n\n\n<p>La empresa tambi\u00e9n conectar\u00e1 Laguna Blanca con&nbsp;<strong>Clorinda, Belgrano, El Espinillo y Buena Vista<\/strong>, con tarifas de entre $4.600 y $9.000.<\/p>\n\n\n\n<p>Para el regreso del s\u00e1bado hacia esas localidades, habr\u00e1 servicios a partir de las&nbsp;<strong>13:30 y 22:45<\/strong>, seg\u00fan el destino.<\/p>\n\n\n\n<p>El domingo, Nueva Godoy mantendr\u00e1 las frecuencias hacia Laguna Blanca y sumar\u00e1 regresos nocturnos hacia&nbsp;<strong>Formosa y Clorinda a las 2, 4 y 6 de la ma\u00f1ana<\/strong>.<\/p>\n\n\n\n<p>\u00bfCu\u00e1nto cuesta viajar a la Fiesta del Pomelo?<\/p>\n\n\n\n<p>Las tarifas informadas para los servicios especiales quedan de la siguiente manera:<\/p>\n\n\n\n<ul class=\"wp-block-list\">\n<li><strong>Formosa \u2013 Laguna Blanca:<\/strong>\u00a0$14.200.<\/li>\n\n\n\n<li><strong>Formosa \u2013 Laguna Blanca por Clorinda:<\/strong>\u00a0$17.900.<\/li>\n\n\n\n<li><strong>Clorinda \u2013 Laguna Blanca:<\/strong>\u00a0$7.000.<\/li>\n\n\n\n<li><strong>Pastoril \u2013 Laguna Blanca:<\/strong>\u00a0$7.000.<\/li>\n\n\n\n<li><strong>Riacho He H\u00e9 \u2013 Laguna Blanca:<\/strong>\u00a0$4.800.<\/li>\n\n\n\n<li><strong>Laguna Naick Neck \u2013 Laguna Blanca:<\/strong>\u00a0$3.600.<\/li>\n\n\n\n<li><strong>Belgrano \u2013 Laguna Blanca:<\/strong>\u00a0$9.000.<\/li>\n\n\n\n<li><strong>El Espinillo \u2013 Laguna Blanca:<\/strong>\u00a0$5.800.<\/li>\n\n\n\n<li><strong>Buena Vista \u2013 Laguna Blanca:<\/strong>\u00a0$4.600.<\/li>\n<\/ul>\n\n\n<figure class=\"wp-block-post-featured-image\"><img loading=\"lazy\" decoding=\"async\" width=\"950\" height=\"600\" src=\"https:\/\/primiciasclorinda.com\/wp-content\/uploads\/2026\/09\/09032026-notprimiciasclor-0574-asd.jpg\" class=\"attachment-post-thumbnail size-post-thumbnail wp-post-image\" alt=\"\" style=\"object-fit:cover;\" srcset=\"https:\/\/primiciasclorinda.com\/wp-content\/uploads\/2026\/09\/09032026-notprimiciasclor-0574-asd.jpg 950w, https:\/\/primiciasclorinda.com\/wp-content\/uploads\/2026\/09\/09032026-notprimiciasclor-0574-asd-300x189.jpg 300w, https:\/\/primiciasclorinda.com\/wp-content\/uploads\/2026\/09\/09032026-notprimiciasclor-0574-asd-475x300.jpg 475w, https:\/\/primiciasclorinda.com\/wp-content\/uploads\/2026\/09\/09032026-notprimiciasclor-0574-asd-768x485.jpg 768w\" sizes=\"auto, (max-width: 950px) 100vw, 950px\" \/><\/figure>\n\n\n<p><\/p>\n","protected":false},"excerpt":{"rendered":"<div class=\"mh-excerpt\"><p>La Fiesta Nacional del Pomelo se realizar\u00e1 el 19 y 20 de septiembre en Laguna Blanca. Conoc\u00e9 los horarios, recorridos y tarifas de los colectivos <a class=\"mh-excerpt-more\" href=\"https:\/\/primiciasclorinda.com\/?p=176886\" title=\"Fiesta del Pomelo: habr\u00e1 colectivos especiales y regresos de madrugada desde Laguna Blanca\">[&#8230;]<\/a><\/p>\n<\/div>","protected":false},"author":3,"featured_media":176868,"comment_status":"open","ping_status":"open","sticky":false,"template":"","format":"standard","meta":{"footnotes":""},"categories":[4],"tags":[8577,8576,2047],"class_list":["post-176886","post","type-post","status-publish","format-standard","has-post-thumbnail","hentry","category-informacion-general","tag-19-y-20-septiembre","tag-fiesta-del-pomelo-2026","tag-transporte"],"_links":{"self":[{"href":"https:\/\/primiciasclorinda.com\/index.php?rest_route=\/wp\/v2\/posts\/176886","targetHints":{"allow":["GET"]}}],"collection":[{"href":"https:\/\/primiciasclorinda.com\/index.php?rest_route=\/wp\/v2\/posts"}],"about":[{"href":"https:\/\/primiciasclorinda.com\/index.php?rest_route=\/wp\/v2\/types\/post"}],"author":[{"embeddable":true,"href":"https:\/\/primiciasclorinda.com\/index.php?rest_route=\/wp\/v2\/users\/3"}],"replies":[{"embeddable":true,"href":"https:\/\/primiciasclorinda.com\/index.php?rest_route=%2Fwp%2Fv2%2Fcomments&post=176886"}],"version-history":[{"count":1,"href":"https:\/\/primiciasclorinda.com\/index.php?rest_route=\/wp\/v2\/posts\/176886\/revisions"}],"predecessor-version":[{"id":176887,"href":"https:\/\/primiciasclorinda.com\/index.php?rest_route=\/wp\/v2\/posts\/176886\/revisions\/176887"}],"wp:featuredmedia":[{"embeddable":true,"href":"https:\/\/primiciasclorinda.com\/index.php?rest_route=\/wp\/v2\/media\/176868"}],"wp:attachment":[{"href":"https:\/\/primiciasclorinda.com\/index.php?rest_route=%2Fwp%2Fv2%2Fmedia&parent=176886"}],"wp:term":[{"taxonomy":"category","embeddable":true,"href":"https:\/\/primiciasclorinda.com\/index.php?rest_route=%2Fwp%2Fv2%2Fcategories&post=176886"},{"taxonomy":"post_tag","embeddable":true,"href":"https:\/\/primiciasclorinda.com\/index.php?rest_route=%2Fwp%2Fv2%2Ftags&post=176886"}],"curies":[{"name":"wp","href":"https:\/\/api.w.org\/{rel}","templated":true}]}}