{"id":176878,"date":"2026-09-03T09:17:50","date_gmt":"2026-09-03T12:17:50","guid":{"rendered":"https:\/\/primiciasclorinda.com\/?p=176878"},"modified":"2026-09-03T09:18:54","modified_gmt":"2026-09-03T12:18:54","slug":"clorinda-el-caps-dr-ramon-carrillo-celebra-29-de-actividad-en-el-barrio-1ro-de-mayo","status":"publish","type":"post","link":"https:\/\/primiciasclorinda.com\/?p=176878","title":{"rendered":"Clorinda. El CAPS Dr. Ram\u00f3n Carrillo celebra 29 de actividad en el Barrio 1ro. de Mayo"},"content":{"rendered":"\n<p><strong>\u201cParece que fue ayer cuando todo comenz\u00f3, aquel 1 de septiembre de 1997, no ten\u00edamos grandes muros ni comodidades. Nuestro primer refugio fue un humilde Tr\u00e1iler en la Cruz Roja, ubicado en la manzana 110 de lo que en ese entonces llam\u00e1bamos Barrio Nuevo, hoy nuestro querido Barrio 1 de Mayo.<\/strong><\/p>\n\n\n<div class=\"wp-block-image\">\n<figure class=\"aligncenter size-large\"><img loading=\"lazy\" decoding=\"async\" width=\"600\" height=\"101\" src=\"http:\/\/primiciasclorinda.com\/wp-content\/uploads\/2026\/08\/hipergas-950x160-0207-2-600x101.jpg\" alt=\"\" class=\"wp-image-176668\" srcset=\"https:\/\/primiciasclorinda.com\/wp-content\/uploads\/2026\/08\/hipergas-950x160-0207-2-600x101.jpg 600w, https:\/\/primiciasclorinda.com\/wp-content\/uploads\/2026\/08\/hipergas-950x160-0207-2-300x51.jpg 300w, https:\/\/primiciasclorinda.com\/wp-content\/uploads\/2026\/08\/hipergas-950x160-0207-2-768x129.jpg 768w, https:\/\/primiciasclorinda.com\/wp-content\/uploads\/2026\/08\/hipergas-950x160-0207-2.jpg 950w\" sizes=\"auto, (max-width: 600px) 100vw, 600px\" \/><\/figure><\/div>\n\n\n<p><strong>En ese espacio reducido, con recursos m\u00ednimos, pero con un alma gigante, empezamos a so\u00f1ar. \u00c9ramos plenamente conscientes de la inmensa responsabilidad que ten\u00edamos sobre los hombros: atender a m\u00e1s de 17.000 habitantes que necesitaban respuesta, contenci\u00f3n y alivio.<\/strong><\/p>\n\n\n<div class=\"wp-block-image\">\n<figure class=\"aligncenter size-large\"><img loading=\"lazy\" decoding=\"async\" width=\"600\" height=\"101\" src=\"http:\/\/primiciasclorinda.com\/wp-content\/uploads\/2026\/08\/bancoformosa-950x160-3006-2-600x101.jpg\" alt=\"\" class=\"wp-image-176669\" srcset=\"https:\/\/primiciasclorinda.com\/wp-content\/uploads\/2026\/08\/bancoformosa-950x160-3006-2-600x101.jpg 600w, https:\/\/primiciasclorinda.com\/wp-content\/uploads\/2026\/08\/bancoformosa-950x160-3006-2-300x51.jpg 300w, https:\/\/primiciasclorinda.com\/wp-content\/uploads\/2026\/08\/bancoformosa-950x160-3006-2-768x129.jpg 768w, https:\/\/primiciasclorinda.com\/wp-content\/uploads\/2026\/08\/bancoformosa-950x160-3006-2.jpg 950w\" sizes=\"auto, (max-width: 600px) 100vw, 600px\" \/><\/figure><\/div>\n\n\n<p><strong>Con los a\u00f1os, el esfuerzo de todos dio su fruto m\u00e1s anhelado y el 31 de Agosto de 2008, con profunda alegr\u00eda, dejamos atr\u00e1s aquel querido Tr\u00e1iler y edificio de la Cruz Roja, para trasladarnos a nuestra casa definitiva, este edificio propio con el que tanto so\u00f1amos, bajo el emblem\u00e1tico y sagrado nombre del Dr. Ram\u00f3n Carrillo\u201d<\/strong><\/p>\n\n\n\n<p><strong>Hoy el CAPS Dr. Ramon Carrillo que cumple un rol muy importante dentro del esquema de atenciones m\u00e9dicas primarias en nuestra ciudad, que este nuevo aniversario sea con mucho \u00e9xito para todos los miembros de este centro de asistencia m\u00e9dica.<\/strong><\/p>\n\n\n<figure class=\"wp-block-post-featured-image\"><img loading=\"lazy\" decoding=\"async\" width=\"950\" height=\"600\" src=\"https:\/\/primiciasclorinda.com\/wp-content\/uploads\/2026\/09\/09032026-notprimiciasclor-0572-asd.jpg\" class=\"attachment-post-thumbnail size-post-thumbnail wp-post-image\" alt=\"\" style=\"object-fit:cover;\" srcset=\"https:\/\/primiciasclorinda.com\/wp-content\/uploads\/2026\/09\/09032026-notprimiciasclor-0572-asd.jpg 950w, https:\/\/primiciasclorinda.com\/wp-content\/uploads\/2026\/09\/09032026-notprimiciasclor-0572-asd-300x189.jpg 300w, https:\/\/primiciasclorinda.com\/wp-content\/uploads\/2026\/09\/09032026-notprimiciasclor-0572-asd-475x300.jpg 475w, https:\/\/primiciasclorinda.com\/wp-content\/uploads\/2026\/09\/09032026-notprimiciasclor-0572-asd-768x485.jpg 768w\" sizes=\"auto, (max-width: 950px) 100vw, 950px\" \/><\/figure>\n\n\n<p><\/p>\n","protected":false},"excerpt":{"rendered":"<div class=\"mh-excerpt\"><p>\u201cParece que fue ayer cuando todo comenz\u00f3, aquel 1 de septiembre de 1997, no ten\u00edamos grandes muros ni comodidades. Nuestro primer refugio fue un humilde <a class=\"mh-excerpt-more\" href=\"https:\/\/primiciasclorinda.com\/?p=176878\" title=\"Clorinda. El CAPS Dr. Ram\u00f3n Carrillo celebra 29 de actividad en el Barrio 1ro. de Mayo\">[&#8230;]<\/a><\/p>\n<\/div>","protected":false},"author":3,"featured_media":176870,"comment_status":"open","ping_status":"open","sticky":false,"template":"","format":"standard","meta":{"footnotes":""},"categories":[5431,6],"tags":[8572,8570,5163],"class_list":["post-176878","post","type-post","status-publish","format-standard","has-post-thumbnail","hentry","category-clorinda","category-cultura","tag-29-aniversario","tag-b-1-de-mayo","tag-caps-ramon-carrillo"],"_links":{"self":[{"href":"https:\/\/primiciasclorinda.com\/index.php?rest_route=\/wp\/v2\/posts\/176878","targetHints":{"allow":["GET"]}}],"collection":[{"href":"https:\/\/primiciasclorinda.com\/index.php?rest_route=\/wp\/v2\/posts"}],"about":[{"href":"https:\/\/primiciasclorinda.com\/index.php?rest_route=\/wp\/v2\/types\/post"}],"author":[{"embeddable":true,"href":"https:\/\/primiciasclorinda.com\/index.php?rest_route=\/wp\/v2\/users\/3"}],"replies":[{"embeddable":true,"href":"https:\/\/primiciasclorinda.com\/index.php?rest_route=%2Fwp%2Fv2%2Fcomments&post=176878"}],"version-history":[{"count":1,"href":"https:\/\/primiciasclorinda.com\/index.php?rest_route=\/wp\/v2\/posts\/176878\/revisions"}],"predecessor-version":[{"id":176879,"href":"https:\/\/primiciasclorinda.com\/index.php?rest_route=\/wp\/v2\/posts\/176878\/revisions\/176879"}],"wp:featuredmedia":[{"embeddable":true,"href":"https:\/\/primiciasclorinda.com\/index.php?rest_route=\/wp\/v2\/media\/176870"}],"wp:attachment":[{"href":"https:\/\/primiciasclorinda.com\/index.php?rest_route=%2Fwp%2Fv2%2Fmedia&parent=176878"}],"wp:term":[{"taxonomy":"category","embeddable":true,"href":"https:\/\/primiciasclorinda.com\/index.php?rest_route=%2Fwp%2Fv2%2Fcategories&post=176878"},{"taxonomy":"post_tag","embeddable":true,"href":"https:\/\/primiciasclorinda.com\/index.php?rest_route=%2Fwp%2Fv2%2Ftags&post=176878"}],"curies":[{"name":"wp","href":"https:\/\/api.w.org\/{rel}","templated":true}]}}