{"id":176874,"date":"2026-09-03T09:12:51","date_gmt":"2026-09-03T12:12:51","guid":{"rendered":"https:\/\/primiciasclorinda.com\/?p=176874"},"modified":"2026-09-03T09:12:51","modified_gmt":"2026-09-03T12:12:51","slug":"formosa-presente-en-el-fortalecimiento-del-vinculo-comercial-y-tecnologico-entre-argentina-y-paraguay","status":"publish","type":"post","link":"https:\/\/primiciasclorinda.com\/?p=176874","title":{"rendered":"Formosa presente en el fortalecimiento del v\u00ednculo comercial y tecnol\u00f3gico entre Argentina y Paraguay"},"content":{"rendered":"\n<p><strong>En el marco del Convenio Marco de Colaboraci\u00f3n y Alianza Estrat\u00e9gica firmado entre la Vicegobernaci\u00f3n de Corrientes y la C\u00e1mara de Comercio Argentino-Paraguaya, JECICF (Joven Empresario de la C\u00e1mara de Industria y Comercio de Formosa) particip\u00f3 en representaci\u00f3n de los j\u00f3venes empresarios formose\u00f1os, acompa\u00f1ando este nuevo paso en la integraci\u00f3n regional<\/strong><\/p>\n\n\n<div class=\"wp-block-image\">\n<figure class=\"aligncenter size-large\"><img loading=\"lazy\" decoding=\"async\" width=\"600\" height=\"101\" src=\"http:\/\/primiciasclorinda.com\/wp-content\/uploads\/2026\/08\/hipergas-950x160-0207-2-600x101.jpg\" alt=\"\" class=\"wp-image-176668\" srcset=\"https:\/\/primiciasclorinda.com\/wp-content\/uploads\/2026\/08\/hipergas-950x160-0207-2-600x101.jpg 600w, https:\/\/primiciasclorinda.com\/wp-content\/uploads\/2026\/08\/hipergas-950x160-0207-2-300x51.jpg 300w, https:\/\/primiciasclorinda.com\/wp-content\/uploads\/2026\/08\/hipergas-950x160-0207-2-768x129.jpg 768w, https:\/\/primiciasclorinda.com\/wp-content\/uploads\/2026\/08\/hipergas-950x160-0207-2.jpg 950w\" sizes=\"auto, (max-width: 600px) 100vw, 600px\" \/><\/figure><\/div>\n\n\n<p><strong>El acuerdo, enmarcado en el programa Corrientes Futuro Tecno, apunta a impulsar negocios, innovaci\u00f3n e internacionalizaci\u00f3n entre empresarios, emprendedores y referentes tecnol\u00f3gicos de Argentina y Paraguay, con capacitaciones en venta online, marketplaces, log\u00edstica y medios de pago orientadas a las PyMEs de la regi\u00f3n.<\/strong><\/p>\n\n\n<div class=\"wp-block-image\">\n<figure class=\"aligncenter size-large\"><img loading=\"lazy\" decoding=\"async\" width=\"600\" height=\"101\" src=\"http:\/\/primiciasclorinda.com\/wp-content\/uploads\/2026\/08\/bancoformosa-950x160-3006-2-600x101.jpg\" alt=\"\" class=\"wp-image-176669\" srcset=\"https:\/\/primiciasclorinda.com\/wp-content\/uploads\/2026\/08\/bancoformosa-950x160-3006-2-600x101.jpg 600w, https:\/\/primiciasclorinda.com\/wp-content\/uploads\/2026\/08\/bancoformosa-950x160-3006-2-300x51.jpg 300w, https:\/\/primiciasclorinda.com\/wp-content\/uploads\/2026\/08\/bancoformosa-950x160-3006-2-768x129.jpg 768w, https:\/\/primiciasclorinda.com\/wp-content\/uploads\/2026\/08\/bancoformosa-950x160-3006-2.jpg 950w\" sizes=\"auto, (max-width: 600px) 100vw, 600px\" \/><\/figure><\/div>\n\n\n<p><strong>Desde Formosa celebramos esta iniciativa y remarcamos la importancia de que&nbsp; m\u00e1s provincias del NEA se sumen a este tipo de alianzas&nbsp; &nbsp;. La integraci\u00f3n con Paraguay no es una oportunidad exclusiva de una provincia: la cercan\u00eda geogr\u00e1fica, los lazos comerciales hist\u00f3ricos y el potencial de la econom\u00eda digital hacen que cada provincia fronteriza tenga mucho para ganar sum\u00e1ndose a estos espacios de cooperaci\u00f3n.<\/strong><\/p>\n\n\n\n<p><strong>Como referentes de CAME Joven en Formosa, seguimos trabajando para que nuestra provincia forme parte activa de estas mesas regionales, tal como lo hicimos en la reciente Mesa Regional CAME Joven NEA, fortaleciendo el v\u00ednculo entre j\u00f3venes empresarios argentinos y paraguayos.<\/strong><\/p>\n\n\n<figure class=\"wp-block-post-featured-image\"><img loading=\"lazy\" decoding=\"async\" width=\"950\" height=\"600\" src=\"https:\/\/primiciasclorinda.com\/wp-content\/uploads\/2026\/09\/09032026-notprimiciasclor-0573-asd.jpg\" class=\"attachment-post-thumbnail size-post-thumbnail wp-post-image\" alt=\"\" style=\"object-fit:cover;\" srcset=\"https:\/\/primiciasclorinda.com\/wp-content\/uploads\/2026\/09\/09032026-notprimiciasclor-0573-asd.jpg 950w, https:\/\/primiciasclorinda.com\/wp-content\/uploads\/2026\/09\/09032026-notprimiciasclor-0573-asd-300x189.jpg 300w, https:\/\/primiciasclorinda.com\/wp-content\/uploads\/2026\/09\/09032026-notprimiciasclor-0573-asd-475x300.jpg 475w, https:\/\/primiciasclorinda.com\/wp-content\/uploads\/2026\/09\/09032026-notprimiciasclor-0573-asd-768x485.jpg 768w\" sizes=\"auto, (max-width: 950px) 100vw, 950px\" \/><\/figure>\n\n\n<p><\/p>\n","protected":false},"excerpt":{"rendered":"<div class=\"mh-excerpt\"><p>En el marco del Convenio Marco de Colaboraci\u00f3n y Alianza Estrat\u00e9gica firmado entre la Vicegobernaci\u00f3n de Corrientes y la C\u00e1mara de Comercio Argentino-Paraguaya, JECICF (Joven <a class=\"mh-excerpt-more\" href=\"https:\/\/primiciasclorinda.com\/?p=176874\" title=\"Formosa presente en el fortalecimiento del v\u00ednculo comercial y tecnol\u00f3gico entre Argentina y Paraguay\">[&#8230;]<\/a><\/p>\n<\/div>","protected":false},"author":3,"featured_media":176869,"comment_status":"open","ping_status":"open","sticky":false,"template":"","format":"standard","meta":{"footnotes":""},"categories":[3],"tags":[8565,8567,23],"class_list":["post-176874","post","type-post","status-publish","format-standard","has-post-thumbnail","hentry","category-politica-economia","tag-argentina-y-praguay","tag-comercio-y-tecnologia","tag-formosa"],"_links":{"self":[{"href":"https:\/\/primiciasclorinda.com\/index.php?rest_route=\/wp\/v2\/posts\/176874","targetHints":{"allow":["GET"]}}],"collection":[{"href":"https:\/\/primiciasclorinda.com\/index.php?rest_route=\/wp\/v2\/posts"}],"about":[{"href":"https:\/\/primiciasclorinda.com\/index.php?rest_route=\/wp\/v2\/types\/post"}],"author":[{"embeddable":true,"href":"https:\/\/primiciasclorinda.com\/index.php?rest_route=\/wp\/v2\/users\/3"}],"replies":[{"embeddable":true,"href":"https:\/\/primiciasclorinda.com\/index.php?rest_route=%2Fwp%2Fv2%2Fcomments&post=176874"}],"version-history":[{"count":1,"href":"https:\/\/primiciasclorinda.com\/index.php?rest_route=\/wp\/v2\/posts\/176874\/revisions"}],"predecessor-version":[{"id":176875,"href":"https:\/\/primiciasclorinda.com\/index.php?rest_route=\/wp\/v2\/posts\/176874\/revisions\/176875"}],"wp:featuredmedia":[{"embeddable":true,"href":"https:\/\/primiciasclorinda.com\/index.php?rest_route=\/wp\/v2\/media\/176869"}],"wp:attachment":[{"href":"https:\/\/primiciasclorinda.com\/index.php?rest_route=%2Fwp%2Fv2%2Fmedia&parent=176874"}],"wp:term":[{"taxonomy":"category","embeddable":true,"href":"https:\/\/primiciasclorinda.com\/index.php?rest_route=%2Fwp%2Fv2%2Fcategories&post=176874"},{"taxonomy":"post_tag","embeddable":true,"href":"https:\/\/primiciasclorinda.com\/index.php?rest_route=%2Fwp%2Fv2%2Ftags&post=176874"}],"curies":[{"name":"wp","href":"https:\/\/api.w.org\/{rel}","templated":true}]}}