{"id":176852,"date":"2026-09-02T09:33:21","date_gmt":"2026-09-02T12:33:21","guid":{"rendered":"https:\/\/primiciasclorinda.com\/?p=176852"},"modified":"2026-09-02T09:33:21","modified_gmt":"2026-09-02T12:33:21","slug":"insfran-inauguro-la-ampliacion-de-la-ucpim-y-destacaron-su-rol-estrategico-para-la-salud-publica-de-formosa","status":"publish","type":"post","link":"https:\/\/primiciasclorinda.com\/?p=176852","title":{"rendered":"Insfr\u00e1n inaugur\u00f3 la ampliaci\u00f3n de la UCPIM y destacaron su rol estrat\u00e9gico para la salud p\u00fablica de Formosa"},"content":{"rendered":"\n<p><strong>El Gobernador Gildo Insfr\u00e1n inaugur\u00f3 este martes la ampliaci\u00f3n y refacci\u00f3n de la Unidad de Compras de Productos e Insumos Medicinales (UCPIM), ubicada en el Parque Industrial de la ciudad de Formosa. La nueva infraestructura permitir\u00e1 fortalecer el almacenamiento y distribuci\u00f3n de medicamentos e insumos para toda la red p\u00fablica de salud.<\/strong><\/p>\n\n\n\n<p><strong>El Gobernador de Formosa, Gildo Insfr\u00e1n, inaugur\u00f3 este martes 1 de septiembre la ampliaci\u00f3n y refacci\u00f3n de la Unidad de Compras de Productos e Insumos Medicinales (UCPIM), una infraestructura estrat\u00e9gica para el funcionamiento del sistema p\u00fablico de salud provincial.<\/strong><\/p>\n\n\n\n<p><strong>El acto se realiz\u00f3 en el Parque Industrial de la ciudad de Formosa, donde qued\u00f3 habilitada la ampliaci\u00f3n del espacio destinado al almacenamiento, administraci\u00f3n y distribuci\u00f3n de los productos e insumos medicinales que abastecen a los distintos establecimientos sanitarios de la provincia.&nbsp;La obra incorpor\u00f3 nuevos sectores de dep\u00f3sito, administraci\u00f3n, comedores, servicios, lavadero y estacionamientos para autom\u00f3viles, utilitarios, camiones y motocicletas. Adem\u00e1s, se realizaron trabajos de ampliaci\u00f3n de pavimento, nivelaci\u00f3n, parquizado y jardiner\u00eda.<\/strong><\/p>\n\n\n\n<p><strong>El Ministro de Econom\u00eda, Hacienda y Finanzas, Jorge Ib\u00e1\u00f1ez, destac\u00f3 durante la inauguraci\u00f3n el crecimiento que tuvo la UCPIM desde su creaci\u00f3n y el impacto que representa para el&nbsp;<a href=\"https:\/\/neahoy.com\/2026\/08\/26\/dos-vidas-y-una-intervencion-medica-inedita-como-tres-hospitales-de-formosa-salvaron-a-una-madre-y-su-bebe\/\" target=\"_blank\" rel=\"noreferrer noopener\">sistema sanitario provincial<\/a>.&nbsp;<em>\u00abHoy, realmente, lo que van a ver dentro nos llena de orgullo a todos los formose\u00f1os\u00bb,<\/em>&nbsp;se\u00f1al\u00f3.<\/strong><\/p>\n\n\n\n<p><strong>Ib\u00e1\u00f1ez remarc\u00f3 que la ampliaci\u00f3n representa la concreci\u00f3n de un proyecto muy importante: comprar medicamentos directamente a laboratorios o droguer\u00edas en grandes cantidades para conseguir mejores precios y luego garantizar que lleguen en tiempo y forma a cada punto de la provincia, desde Mar\u00eda Cristina hasta el Hospital de Alta Complejidad.&nbsp;<em>\u00abSe hizo, y hoy es un logro de la pol\u00edtica p\u00fablica de nuestro Gobierno que podemos mostrar a todo el pa\u00eds\u00bb,<\/em>&nbsp;afirm\u00f3.<\/strong><\/p>\n\n\n\n<p><strong>El Ministro tambi\u00e9n vincul\u00f3 el funcionamiento de la UCPIM&nbsp;<a href=\"https:\/\/neahoy.com\/2026\/08\/25\/nacion-deja-de-financiar-remediar-que-pasara-con-los-medicamentos-para-19-millones-de-personas\/\" target=\"_blank\" rel=\"noreferrer noopener\">con la producci\u00f3n local de medicamentos,<\/a>&nbsp;al destacar que trabajadores formose\u00f1os ya fabrican distintos productos, entre ellos medicamentos como enalapril e ibuprofeno, adem\u00e1s de productos utilizados para combatir el dengue.&nbsp;<em>\u00abNo se trata solamente la distribuci\u00f3n y otorgar todos los medicamentos en forma gratuita, sino tambi\u00e9n fabricar medicamentos que necesita la gente, bajar los precios y entregarlos tambi\u00e9n en forma gratuita\u00bb<\/em>, expres\u00f3.<\/strong><\/p>\n\n\n\n<p><strong>Durante la jornada, el Ministro de Desarrollo Humano, Juan Carlos Atencia, destac\u00f3 la importancia de la nueva infraestructura para garantizar el abastecimiento de la red sanitaria provincial.&nbsp;Adem\u00e1s, remarc\u00f3 que la ampliaci\u00f3n de la UCPIM&nbsp;<a href=\"https:\/\/neahoy.com\/2026\/08\/20\/nunca-caminaras-sola-dos-jornadas-para-informar-acompanar-y-actualizar-sobre-cancer-de-mama\/\" target=\"_blank\" rel=\"noreferrer noopener\">forma parte de un plan estrat\u00e9gico que la provincia desarrolla desde hace a\u00f1os.&nbsp;<\/a><\/strong><\/p>\n\n\n\n<p><strong>En ese sentido, sostuvo que la obra constituye una nueva expresi\u00f3n de la decisi\u00f3n provincial de considerar a la salud como una cuesti\u00f3n de Estado, especialmente en un contexto nacional marcado por restricciones presupuestarias y dificultades para el acceso a medicamentos.&nbsp;El Ministro se\u00f1al\u00f3 que la ampliaci\u00f3n permite fortalecer la capacidad de la provincia para sostener el abastecimiento sanitario en un escenario econ\u00f3mico complejo.<\/strong><\/p>\n\n\n\n<p><strong>Atencia plante\u00f3 que esta capacidad tambi\u00e9n representa una forma de soberan\u00eda sanitaria, al reducir la dependencia y fortalecer las capacidades provinciales.&nbsp;<em>\u00abFormosa, a trav\u00e9s de nuestro gobernador, siempre ha buscado su soberan\u00eda\u00bb<\/em>,&nbsp;afirm\u00f3 el funcionario, quien tambi\u00e9n puso en valor el trabajo de t\u00e9cnicos, farmac\u00e9uticos y trabajadores formose\u00f1os vinculados al funcionamiento del sistema sanitario.<\/strong><\/p>\n\n\n\n<p><strong>La Unidad de Compras de Productos e Insumos Medicinales (UCPIM) es el organismo encargado de gestionar la compra, almacenamiento y distribuci\u00f3n de medicamentos e insumos destinados a los hospitales, centros de salud y programas sanitarios de la provincia.&nbsp;La centralizaci\u00f3n de las compras permite organizar mejor los recursos, garantizar el abastecimiento y obtener precios competitivos, reduciendo los costos para el Estado provincial.<\/strong><\/p>\n\n\n\n<p><strong>Alejandro Jim\u00e9nez, el subadministrador de la UCPIM, record\u00f3 que form\u00f3 parte de los primeros a\u00f1os de funcionamiento de la unidad.&nbsp;Actualmente, la estructura cuenta con 150 trabajadores de distintas \u00e1reas, entre ellos contadores, abogados, farmac\u00e9uticos, odont\u00f3logos, t\u00e9cnicos de laboratorio y auxiliares de farmacia.<\/strong><\/p>\n\n\n\n<p><strong><em>\u00abTenemos un total 150 personas trabajando en distintas \u00e1reas\u00bb,<\/em>&nbsp;detall\u00f3 Jim\u00e9nez, quien explic\u00f3 que el crecimiento de la infraestructura tambi\u00e9n requiere incorporar personal y capacitarlo para las distintas funciones.<\/strong><\/p>\n\n\n\n<p><strong>La ampliaci\u00f3n de la UCPIM se vincula adem\u00e1s con el trabajo que realiza Laformed, la empresa provincial dedicada a la producci\u00f3n de medicamentos. Rodrigo G\u00f3mez, presidente de Laformed, explic\u00f3 que ambas estructuras mantienen un trabajo coordinado en funci\u00f3n de las necesidades del sistema sanitario.&nbsp;<em>\u00abDentro de las diferentes l\u00edneas de producci\u00f3n de la empresa, nosotros proveemos los comprimidos: ibuprofeno, paracetamol, enalapril, amlodipina\u00bb,<\/em>&nbsp;detall\u00f3 G\u00f3mez.<\/strong><\/p>\n\n\n\n<p><strong>Seg\u00fan explic\u00f3, la demanda de la UCPIM y del sistema de salud provincial marca tambi\u00e9n el ritmo de producci\u00f3n de Laformed, que trabaja en la generaci\u00f3n de stock para luego abastecer a los distintos hospitales. Por otro lado,&nbsp;G\u00f3mez destac\u00f3 la importancia estrat\u00e9gica de contar con producci\u00f3n propia de medicamentos frente a las dificultades que puede generar el mercado, tanto por los precios como por la disponibilidad de determinados productos.<\/strong><\/p>\n\n\n\n<p><strong><em>\u00abEsto representa un avance que es ejemplo para el pa\u00eds\u00bb<\/em>, sostuvo Atencia, al remarcar que desde este lugar se abastece a la poblaci\u00f3n no solamente de medicamentos, sino tambi\u00e9n de insumos.&nbsp;El funcionario vincul\u00f3 la obra con una pol\u00edtica sanitaria sostenida por la provincia y sostuvo que se trata de una muestra de lo que puede realizarse mediante una planificaci\u00f3n de largo plazo.<\/strong><\/p>\n\n\n\n<p><strong>La ampliaci\u00f3n de la UCPIM se incorpora as\u00ed a la infraestructura sanitaria provincial&nbsp;con el objetivo de fortalecer la log\u00edstica, garantizar el abastecimiento y sostener el acceso a medicamentos e insumos para la poblaci\u00f3n formose\u00f1a.<\/strong><\/p>\n\n\n<figure class=\"wp-block-post-featured-image\"><img loading=\"lazy\" decoding=\"async\" width=\"950\" height=\"600\" src=\"https:\/\/primiciasclorinda.com\/wp-content\/uploads\/2026\/09\/09022026-notprimiciasclor-0565-aus.jpg\" class=\"attachment-post-thumbnail size-post-thumbnail wp-post-image\" alt=\"\" style=\"object-fit:cover;\" srcset=\"https:\/\/primiciasclorinda.com\/wp-content\/uploads\/2026\/09\/09022026-notprimiciasclor-0565-aus.jpg 950w, https:\/\/primiciasclorinda.com\/wp-content\/uploads\/2026\/09\/09022026-notprimiciasclor-0565-aus-300x189.jpg 300w, https:\/\/primiciasclorinda.com\/wp-content\/uploads\/2026\/09\/09022026-notprimiciasclor-0565-aus-475x300.jpg 475w, https:\/\/primiciasclorinda.com\/wp-content\/uploads\/2026\/09\/09022026-notprimiciasclor-0565-aus-768x485.jpg 768w\" sizes=\"auto, (max-width: 950px) 100vw, 950px\" \/><\/figure>","protected":false},"excerpt":{"rendered":"<div class=\"mh-excerpt\"><p>El Gobernador Gildo Insfr\u00e1n inaugur\u00f3 este martes la ampliaci\u00f3n y refacci\u00f3n de la Unidad de Compras de Productos e Insumos Medicinales (UCPIM), ubicada en el <a class=\"mh-excerpt-more\" href=\"https:\/\/primiciasclorinda.com\/?p=176852\" title=\"Insfr\u00e1n inaugur\u00f3 la ampliaci\u00f3n de la UCPIM y destacaron su rol estrat\u00e9gico para la salud p\u00fablica de Formosa\">[&#8230;]<\/a><\/p>\n<\/div>","protected":false},"author":3,"featured_media":176842,"comment_status":"open","ping_status":"open","sticky":false,"template":"","format":"standard","meta":{"footnotes":""},"categories":[3],"tags":[8552,23,5466],"class_list":["post-176852","post","type-post","status-publish","format-standard","has-post-thumbnail","hentry","category-politica-economia","tag-ampliacion-ucpim","tag-formosa","tag-gildo-insfran-2"],"_links":{"self":[{"href":"https:\/\/primiciasclorinda.com\/index.php?rest_route=\/wp\/v2\/posts\/176852","targetHints":{"allow":["GET"]}}],"collection":[{"href":"https:\/\/primiciasclorinda.com\/index.php?rest_route=\/wp\/v2\/posts"}],"about":[{"href":"https:\/\/primiciasclorinda.com\/index.php?rest_route=\/wp\/v2\/types\/post"}],"author":[{"embeddable":true,"href":"https:\/\/primiciasclorinda.com\/index.php?rest_route=\/wp\/v2\/users\/3"}],"replies":[{"embeddable":true,"href":"https:\/\/primiciasclorinda.com\/index.php?rest_route=%2Fwp%2Fv2%2Fcomments&post=176852"}],"version-history":[{"count":1,"href":"https:\/\/primiciasclorinda.com\/index.php?rest_route=\/wp\/v2\/posts\/176852\/revisions"}],"predecessor-version":[{"id":176853,"href":"https:\/\/primiciasclorinda.com\/index.php?rest_route=\/wp\/v2\/posts\/176852\/revisions\/176853"}],"wp:featuredmedia":[{"embeddable":true,"href":"https:\/\/primiciasclorinda.com\/index.php?rest_route=\/wp\/v2\/media\/176842"}],"wp:attachment":[{"href":"https:\/\/primiciasclorinda.com\/index.php?rest_route=%2Fwp%2Fv2%2Fmedia&parent=176852"}],"wp:term":[{"taxonomy":"category","embeddable":true,"href":"https:\/\/primiciasclorinda.com\/index.php?rest_route=%2Fwp%2Fv2%2Fcategories&post=176852"},{"taxonomy":"post_tag","embeddable":true,"href":"https:\/\/primiciasclorinda.com\/index.php?rest_route=%2Fwp%2Fv2%2Ftags&post=176852"}],"curies":[{"name":"wp","href":"https:\/\/api.w.org\/{rel}","templated":true}]}}