{"id":176849,"date":"2026-09-02T09:31:17","date_gmt":"2026-09-02T12:31:17","guid":{"rendered":"https:\/\/primiciasclorinda.com\/?p=176849"},"modified":"2026-09-02T09:31:18","modified_gmt":"2026-09-02T12:31:18","slug":"me-amenazo-para-que-dejara-el-campo-una-productora-denuncio-a-paoltroni-y-aseguro-que-lleva-mas-de-tres-anos-sin-poder-recuperar-sus-tierras","status":"publish","type":"post","link":"https:\/\/primiciasclorinda.com\/?p=176849","title":{"rendered":"\u201cMe amenaz\u00f3 para que dejara el campo\u201d: Una productora denunci\u00f3 a Paoltroni y asegur\u00f3 que lleva mas de tres a\u00f1os sin poder recuperar sus tierras."},"content":{"rendered":"\n<p><strong>Norma Herrera, una productora de la zona de Felipe Yb\u00e1\u00f1ez, denunci\u00f3 en comunicaci\u00f3n con Radio Formosa que el senador Francisco Paoltroni habr\u00eda intervenido personalmente para desalojarla de un campo de m\u00e1s de 100 hect\u00e1reas. Seg\u00fan relat\u00f3, la situaci\u00f3n comenz\u00f3 cuando debi\u00f3 ausentarse por problemas de salud y dej\u00f3 a su hijo al cuidado del establecimiento.<\/strong><\/p>\n\n\n\n<p><strong>\u201c\u00c9l mismo dice que estaba ah\u00ed. \u00c9l mismo lo amenaz\u00f3 a mi hijo; le dijo que si no sal\u00eda iba a buscar a Gendarmer\u00eda o a quien fuera para sacarlo\u201d, relat\u00f3 Herrera durante la entrevista.<\/strong><\/p>\n\n\n\n<p><strong>La mujer cont\u00f3 que, mientras se encontraba fuera del campo, Paoltroni habr\u00eda enviado a un abogado y una escribana y que posteriormente se produjo el retiro de su hijo del lugar. Seg\u00fan su testimonio, tambi\u00e9n habr\u00eda habido personas armadas encargadas de permanecer en el establecimiento.<\/strong><\/p>\n\n\n\n<p><strong>\u201cCuando fuimos con la comisar\u00eda de Ibarreta, sali\u00f3 un civil armado y todo\u201d, afirm\u00f3 Herrera, quien asegur\u00f3 que la presencia de estas personas le gener\u00f3 temor y le impidi\u00f3 intentar recuperar el campo por sus propios medios.<\/strong><\/p>\n\n\n\n<p><strong>La productora sostuvo adem\u00e1s que, en una oportunidad, encontr\u00f3 maquinaria y personas en el acceso al establecimiento. \u201cMe dijeron que estaban esperando al due\u00f1o del campo. Les pregunt\u00e9 qui\u00e9n era el due\u00f1o y les dije: \u2018Si yo soy la que estoy ac\u00e1\u2019\u201d, relat\u00f3.<\/strong><\/p>\n\n\n\n<p><strong>Herrera afirm\u00f3 que realiz\u00f3 distintos reclamos administrativos y judiciales, pero que hasta el momento no logr\u00f3 recuperar sus tierras. \u201cEstoy afuera todav\u00eda. Estoy esperando una respuesta\u201d, expres\u00f3.<\/strong><\/p>\n\n\n\n<p><strong>La mujer se\u00f1al\u00f3 que el campo tiene m\u00e1s de 100 hect\u00e1reas y se encuentra en la zona que anteriormente era conocida como Colonia del Silencio, actualmente Felipe Yb\u00e1\u00f1ez. Mientras espera una resoluci\u00f3n, asegur\u00f3 que permanece fuera de sus tierras y afronta dificultades para mantener a sus animales.<\/strong><\/p>\n\n\n\n<p><strong>\u201cHace m\u00e1s de tres a\u00f1os ya capaz que estoy con esto. Hice muchos reclamos y hasta hoy no lo pude recuperar\u201d, manifest\u00f3.<\/strong><\/p>\n\n\n\n<p><strong>Finalmente, Herrera asegur\u00f3 que su caso no ser\u00eda aislado y mencion\u00f3 a otros productores de la zona que tambi\u00e9n habr\u00edan realizado reclamos vinculados con sus campos. \u201cHay muchos casos con ese se\u00f1or\u201d, sostuvo<\/strong><\/p>\n\n\n<figure class=\"wp-block-post-featured-image\"><img loading=\"lazy\" decoding=\"async\" width=\"950\" height=\"600\" src=\"https:\/\/primiciasclorinda.com\/wp-content\/uploads\/2026\/09\/09022026-notprimiciasclor-0561-aus.jpg\" class=\"attachment-post-thumbnail size-post-thumbnail wp-post-image\" alt=\"\" style=\"object-fit:cover;\" srcset=\"https:\/\/primiciasclorinda.com\/wp-content\/uploads\/2026\/09\/09022026-notprimiciasclor-0561-aus.jpg 950w, https:\/\/primiciasclorinda.com\/wp-content\/uploads\/2026\/09\/09022026-notprimiciasclor-0561-aus-300x189.jpg 300w, https:\/\/primiciasclorinda.com\/wp-content\/uploads\/2026\/09\/09022026-notprimiciasclor-0561-aus-475x300.jpg 475w, https:\/\/primiciasclorinda.com\/wp-content\/uploads\/2026\/09\/09022026-notprimiciasclor-0561-aus-768x485.jpg 768w\" sizes=\"auto, (max-width: 950px) 100vw, 950px\" \/><\/figure>\n\n\n<p><\/p>\n","protected":false},"excerpt":{"rendered":"<div class=\"mh-excerpt\"><p>Norma Herrera, una productora de la zona de Felipe Yb\u00e1\u00f1ez, denunci\u00f3 en comunicaci\u00f3n con Radio Formosa que el senador Francisco Paoltroni habr\u00eda intervenido personalmente para <a class=\"mh-excerpt-more\" href=\"https:\/\/primiciasclorinda.com\/?p=176849\" title=\"\u201cMe amenaz\u00f3 para que dejara el campo\u201d: Una productora denunci\u00f3 a Paoltroni y asegur\u00f3 que lleva mas de tres a\u00f1os sin poder recuperar sus tierras.\">[&#8230;]<\/a><\/p>\n<\/div>","protected":false},"author":3,"featured_media":176846,"comment_status":"open","ping_status":"open","sticky":false,"template":"","format":"standard","meta":{"footnotes":""},"categories":[3],"tags":[8551,4820,8550],"class_list":["post-176849","post","type-post","status-publish","format-standard","has-post-thumbnail","hentry","category-politica-economia","tag-denuncia-de-productora","tag-francisco-paoltroni","tag-usurpacion-de-tierras"],"_links":{"self":[{"href":"https:\/\/primiciasclorinda.com\/index.php?rest_route=\/wp\/v2\/posts\/176849","targetHints":{"allow":["GET"]}}],"collection":[{"href":"https:\/\/primiciasclorinda.com\/index.php?rest_route=\/wp\/v2\/posts"}],"about":[{"href":"https:\/\/primiciasclorinda.com\/index.php?rest_route=\/wp\/v2\/types\/post"}],"author":[{"embeddable":true,"href":"https:\/\/primiciasclorinda.com\/index.php?rest_route=\/wp\/v2\/users\/3"}],"replies":[{"embeddable":true,"href":"https:\/\/primiciasclorinda.com\/index.php?rest_route=%2Fwp%2Fv2%2Fcomments&post=176849"}],"version-history":[{"count":1,"href":"https:\/\/primiciasclorinda.com\/index.php?rest_route=\/wp\/v2\/posts\/176849\/revisions"}],"predecessor-version":[{"id":176850,"href":"https:\/\/primiciasclorinda.com\/index.php?rest_route=\/wp\/v2\/posts\/176849\/revisions\/176850"}],"wp:featuredmedia":[{"embeddable":true,"href":"https:\/\/primiciasclorinda.com\/index.php?rest_route=\/wp\/v2\/media\/176846"}],"wp:attachment":[{"href":"https:\/\/primiciasclorinda.com\/index.php?rest_route=%2Fwp%2Fv2%2Fmedia&parent=176849"}],"wp:term":[{"taxonomy":"category","embeddable":true,"href":"https:\/\/primiciasclorinda.com\/index.php?rest_route=%2Fwp%2Fv2%2Fcategories&post=176849"},{"taxonomy":"post_tag","embeddable":true,"href":"https:\/\/primiciasclorinda.com\/index.php?rest_route=%2Fwp%2Fv2%2Ftags&post=176849"}],"curies":[{"name":"wp","href":"https:\/\/api.w.org\/{rel}","templated":true}]}}