{"id":176838,"date":"2026-09-02T09:28:26","date_gmt":"2026-09-02T12:28:26","guid":{"rendered":"https:\/\/primiciasclorinda.com\/?p=176838"},"modified":"2026-09-02T09:31:49","modified_gmt":"2026-09-02T12:31:49","slug":"el-objetivo-de-milei-es-lograr-la-reeleccion-y-seguir-en-el-poder","status":"publish","type":"post","link":"https:\/\/primiciasclorinda.com\/?p=176838","title":{"rendered":"El objetivo de Milei es lograr la reelecci\u00f3n. Y seguir en el poder."},"content":{"rendered":"\n<p><strong>Javier Milei se desvive por lograr su reelecci\u00f3n. Sostiene sus chances con oficio pol\u00edtico, pero encuentra su debilidad en la econom\u00eda<\/strong><\/p>\n\n\n\n<p><strong>Escucho con afecto y cierta dosis de romanticismo que&nbsp;\u201cMilei va a morir con las botas puestas\u201d.<\/strong><\/p>\n\n\n\n<p><strong>Sin embargo, observando con detalle todo lo que ha hecho desde que es presidente,&nbsp;parece un hombre m\u00e1s proclive a preferir \u201cvivir descalzo\u201d que a perder.<\/strong><\/p>\n\n\n\n<p><strong>Porque&nbsp;su objetivo es lograr la reelecci\u00f3n. Y seguir en el poder.<\/strong><\/p>\n\n\n\n<p><strong>Es infinitamente m\u00e1s pragm\u00e1tico que Cristina (aunque con Pablo Yadarola mostr\u00f3 realpolitik) y tambi\u00e9n que Macri.<\/strong><\/p>\n\n\n\n<p><strong>Por la relaci\u00f3n que tiene con sus principios&nbsp;se asemeja m\u00e1s a Carlos Menem (\u201cel salariazo\u201d y despu\u00e9s hizo todo lo contrario) o a N\u00e9stor Kirchner&nbsp;(\u201cMire, Luz\u00f3n -Banco Santander-, usted no preste atenci\u00f3n a lo que digo, mire lo que hago\u201d).<\/strong><\/p>\n\n\n\n<p><strong>Brutal disc\u00edpulo del sacerdote y te\u00f3logo jesuita Hermann Busenbaum (\u201cCum finis est licitus, etiam media sunt licita\u201d \u2013\u201cCuando el fin es l\u00edcito, tambi\u00e9n los medios son l\u00edcitos\u201d-) y su cita atribuida falsamente a Nicol\u00e1s Maquiavelo, Milei har\u00e1 todo lo que este a su alcance para seguir siendo presidente.<\/strong><\/p>\n\n\n\n<p><strong>Su fortaleza siempre ha sido la pol\u00edtica. El oficio pol\u00edtico de \u00e9l y de su hermana no se pueden negar (\u00bfser\u00e1 innato?).&nbsp;Su debilidad, la econom\u00eda. Los niveles de apoyo al Gobierno y a su figura no dependen de la pol\u00edtica ni de sus gritos. Son la consecuencia de su plan econ\u00f3mico.<\/strong><\/p>\n\n\n\n<p><strong>Su rezo laico en favor de la baja de la inflaci\u00f3n esconde una obviedad: que no suba el d\u00f3lar.&nbsp;El Milei \u201cpol\u00edtico\u201d sabe que gobernar la Argentina es gobernar el d\u00f3lar. Que el \u201ccore bussiness\u201d de su voto se va si el d\u00f3lar pasa los 2000 pesos. Porque la clase media argentina -y esto lo padecieron todos los presidentes de la Argentina de los \u00faltimos 60 a\u00f1os- se alimenta a d\u00f3lar barato.<\/strong><\/p>\n\n\n\n<p><strong>Corre con ventajas. Su carrera pol\u00edtica se inici\u00f3 en un libertarismo general que fue mutando a una ultraderecha, salpimentado con centro y centro derecha -mucho de su gabinete es mucho m\u00e1s de centro que de derecha propiamente dicha y su grupo de operadores pol\u00edticos comienzan con el apellido Menem y terminan con el de Caputo-<\/strong><\/p>\n\n\n\n<p><strong>Peg\u00f3 al instalar la idea del anti-casta, lo que le permiti\u00f3 convertirse en&nbsp;uno de los ocupantes de la Casa Rosada m\u00e1s pro casta de la historia argentina. Y sobre todo acert\u00f3 -o la suerte lo ayudo, o \u00e9l ayudo a la suerte- al tener de regalo todo el voto antiperonista. No importan la hora ni el d\u00eda. Una base electoral que a un gobierno como el de Macri le permiti\u00f3 alcanzar un 41% de votos en 2019.<\/strong><\/p>\n\n\n\n<p><strong>\u00bfPuede ser reelecto? Si.<\/strong><\/p>\n\n\n\n<p><strong>\u00bfPuede no ser reelecto? Tambi\u00e9n.<\/strong><\/p>\n\n\n\n<p><strong>Depende, a un a\u00f1o de la elecci\u00f3n, de una infinita cantidad de factores. Es una pel\u00edcula cuya \u00faltima escena se conocer\u00e1 en octubre o noviembre del a\u00f1o que viene<\/strong><\/p>\n\n\n\n<p><strong>La foto hoy ya no es una reelecci\u00f3n asegurada en primera vuelta. Y eso no dejar de ser un problema, porque a los presidentes se los juzga en comparaci\u00f3n con el anterior. Y Alberto no dej\u00f3 la vara baja. Directamente no dej\u00f3 vara.<\/strong><\/p>\n\n\n\n<p><strong>No era tan dif\u00edcil para Milei -gobernando 4 o 5 puntos y con el marcado antikirchnerismo que todav\u00eda est\u00e1 intacto en la clase media- navegar hacia su reelecci\u00f3n.<\/strong><\/p>\n\n\n<figure class=\"wp-block-post-featured-image\"><img loading=\"lazy\" decoding=\"async\" width=\"950\" height=\"600\" src=\"https:\/\/primiciasclorinda.com\/wp-content\/uploads\/2026\/09\/09022026-notprimiciasclor-0566-aus.jpg\" class=\"attachment-post-thumbnail size-post-thumbnail wp-post-image\" alt=\"\" style=\"object-fit:cover;\" srcset=\"https:\/\/primiciasclorinda.com\/wp-content\/uploads\/2026\/09\/09022026-notprimiciasclor-0566-aus.jpg 950w, https:\/\/primiciasclorinda.com\/wp-content\/uploads\/2026\/09\/09022026-notprimiciasclor-0566-aus-300x189.jpg 300w, https:\/\/primiciasclorinda.com\/wp-content\/uploads\/2026\/09\/09022026-notprimiciasclor-0566-aus-475x300.jpg 475w, https:\/\/primiciasclorinda.com\/wp-content\/uploads\/2026\/09\/09022026-notprimiciasclor-0566-aus-768x485.jpg 768w\" sizes=\"auto, (max-width: 950px) 100vw, 950px\" \/><\/figure>\n\n\n<p><\/p>\n","protected":false},"excerpt":{"rendered":"<div class=\"mh-excerpt\"><p>Javier Milei se desvive por lograr su reelecci\u00f3n. Sostiene sus chances con oficio pol\u00edtico, pero encuentra su debilidad en la econom\u00eda Escucho con afecto y <a class=\"mh-excerpt-more\" href=\"https:\/\/primiciasclorinda.com\/?p=176838\" title=\"El objetivo de Milei es lograr la reelecci\u00f3n. Y seguir en el poder.\">[&#8230;]<\/a><\/p>\n<\/div>","protected":false},"author":3,"featured_media":176841,"comment_status":"open","ping_status":"open","sticky":false,"template":"","format":"standard","meta":{"footnotes":""},"categories":[3],"tags":[4236,8549],"class_list":["post-176838","post","type-post","status-publish","format-standard","has-post-thumbnail","hentry","category-politica-economia","tag-javier-milei","tag-reeleccion"],"_links":{"self":[{"href":"https:\/\/primiciasclorinda.com\/index.php?rest_route=\/wp\/v2\/posts\/176838","targetHints":{"allow":["GET"]}}],"collection":[{"href":"https:\/\/primiciasclorinda.com\/index.php?rest_route=\/wp\/v2\/posts"}],"about":[{"href":"https:\/\/primiciasclorinda.com\/index.php?rest_route=\/wp\/v2\/types\/post"}],"author":[{"embeddable":true,"href":"https:\/\/primiciasclorinda.com\/index.php?rest_route=\/wp\/v2\/users\/3"}],"replies":[{"embeddable":true,"href":"https:\/\/primiciasclorinda.com\/index.php?rest_route=%2Fwp%2Fv2%2Fcomments&post=176838"}],"version-history":[{"count":2,"href":"https:\/\/primiciasclorinda.com\/index.php?rest_route=\/wp\/v2\/posts\/176838\/revisions"}],"predecessor-version":[{"id":176851,"href":"https:\/\/primiciasclorinda.com\/index.php?rest_route=\/wp\/v2\/posts\/176838\/revisions\/176851"}],"wp:featuredmedia":[{"embeddable":true,"href":"https:\/\/primiciasclorinda.com\/index.php?rest_route=\/wp\/v2\/media\/176841"}],"wp:attachment":[{"href":"https:\/\/primiciasclorinda.com\/index.php?rest_route=%2Fwp%2Fv2%2Fmedia&parent=176838"}],"wp:term":[{"taxonomy":"category","embeddable":true,"href":"https:\/\/primiciasclorinda.com\/index.php?rest_route=%2Fwp%2Fv2%2Fcategories&post=176838"},{"taxonomy":"post_tag","embeddable":true,"href":"https:\/\/primiciasclorinda.com\/index.php?rest_route=%2Fwp%2Fv2%2Ftags&post=176838"}],"curies":[{"name":"wp","href":"https:\/\/api.w.org\/{rel}","templated":true}]}}