{"id":176836,"date":"2026-09-01T09:54:41","date_gmt":"2026-09-01T12:54:41","guid":{"rendered":"https:\/\/primiciasclorinda.com\/?p=176836"},"modified":"2026-09-01T09:54:42","modified_gmt":"2026-09-01T12:54:42","slug":"gracias-por-tanto-capitan-la-scaloneta-despidio-a-messi-con-mensajes-que-emocionan-a-todo-el-pais","status":"publish","type":"post","link":"https:\/\/primiciasclorinda.com\/?p=176836","title":{"rendered":"\u00abGracias por tanto, capit\u00e1n\u00bb: la Scaloneta despidi\u00f3 a Messi con mensajes que emocionan a todo el pa\u00eds"},"content":{"rendered":"\n<p><strong>Los principales referentes de la Selecci\u00f3n argentina reaccionaron al anuncio de Lionel Messi y le dedicaron palabras cargadas de admiraci\u00f3n, gratitud y afecto. De Paul, Di Mar\u00eda, Enzo Fern\u00e1ndez, Lautaro Mart\u00ednez, Mac Allister y Cuti Romero, entre otros, homenajearon al capit\u00e1n que los acompa\u00f1\u00f3 en una de las etapas m\u00e1s gloriosas de la Albiceleste.<\/strong><\/p>\n\n\n<div class=\"wp-block-image\">\n<figure class=\"aligncenter size-large\"><img loading=\"lazy\" decoding=\"async\" width=\"600\" height=\"101\" src=\"http:\/\/primiciasclorinda.com\/wp-content\/uploads\/2026\/08\/hipergas-950x160-0207-2-600x101.jpg\" alt=\"\" class=\"wp-image-176668\" srcset=\"https:\/\/primiciasclorinda.com\/wp-content\/uploads\/2026\/08\/hipergas-950x160-0207-2-600x101.jpg 600w, https:\/\/primiciasclorinda.com\/wp-content\/uploads\/2026\/08\/hipergas-950x160-0207-2-300x51.jpg 300w, https:\/\/primiciasclorinda.com\/wp-content\/uploads\/2026\/08\/hipergas-950x160-0207-2-768x129.jpg 768w, https:\/\/primiciasclorinda.com\/wp-content\/uploads\/2026\/08\/hipergas-950x160-0207-2.jpg 950w\" sizes=\"auto, (max-width: 600px) 100vw, 600px\" \/><\/figure><\/div>\n\n\n<p><strong>El anuncio de Lionel Messi sobre su retiro de la selecci\u00f3n argentina&nbsp;abri\u00f3 una enorme herida emocional entre sus compa\u00f1eros.&nbsp;Apenas el rosarino confirm\u00f3 su decisi\u00f3n, las redes sociales se llenaron de mensajes de despedida de los futbolistas que compartieron con \u00e9l vestuario, concentraciones, derrotas, t\u00edtulos y, finalmente, la gloria m\u00e1xima.<\/strong><\/p>\n\n\n<div class=\"wp-block-image\">\n<figure class=\"aligncenter size-large\"><img loading=\"lazy\" decoding=\"async\" width=\"600\" height=\"101\" src=\"http:\/\/primiciasclorinda.com\/wp-content\/uploads\/2026\/08\/bancoformosa-950x160-3006-2-600x101.jpg\" alt=\"\" class=\"wp-image-176669\" srcset=\"https:\/\/primiciasclorinda.com\/wp-content\/uploads\/2026\/08\/bancoformosa-950x160-3006-2-600x101.jpg 600w, https:\/\/primiciasclorinda.com\/wp-content\/uploads\/2026\/08\/bancoformosa-950x160-3006-2-300x51.jpg 300w, https:\/\/primiciasclorinda.com\/wp-content\/uploads\/2026\/08\/bancoformosa-950x160-3006-2-768x129.jpg 768w, https:\/\/primiciasclorinda.com\/wp-content\/uploads\/2026\/08\/bancoformosa-950x160-3006-2.jpg 950w\" sizes=\"auto, (max-width: 600px) 100vw, 600px\" \/><\/figure><\/div>\n\n\n<p><strong>La generaci\u00f3n de la Scaloneta, que junto a Messi consigui\u00f3 la Copa Am\u00e9rica, la Finalissima y el Mundial, sali\u00f3 r\u00e1pidamente a despedir al capit\u00e1n.&nbsp;No fueron solamente mensajes para el mejor futbolista: fueron tambi\u00e9n palabras para el compa\u00f1ero, el referente y la persona que estuvo al lado de ellos durante una etapa hist\u00f3rica.<\/strong><\/p>\n\n\n\n<p><strong>Rodrigo De Paul: admiraci\u00f3n por el capit\u00e1n y por la persona<\/strong><\/p>\n\n\n\n<p><strong>Uno de los mensajes m\u00e1s emotivos fue el de Rodrigo De Paul, uno de los grandes socios de Messi dentro y fuera de la cancha.&nbsp;El mediocampista destac\u00f3 el compromiso del rosarino con la Selecci\u00f3n, sus batallas personales, su fortaleza frente a las cr\u00edticas y, especialmente, su manera de tratar a quienes forman parte del equipo argentino.<\/strong><\/p>\n\n\n\n<p><strong><em>\u00abTu amor incondicional por nuestro pa\u00eds, tus batallas internas para nunca abandonar, tu fortaleza para siempre aguantar las injusticias, tu liderazgo y calidad humana con cada jugador que entraba al predio para que se sienta bien, los detalles con cada trabajador de nuestra selecci\u00f3n\u00bb,<\/em><\/strong><strong>&nbsp;escribi\u00f3 De Paul.<\/strong><\/p>\n\n\n\n<p><strong>Su despedida termin\u00f3 con una frase que resume el sentimiento de buena parte del plantel:&nbsp;<em>\u00abSolo gracias, el m\u00e1s grande de toda la historia. Gracias por hacernos tan pero tan felices. Sos eterno\u00bb<\/em>.<\/strong><\/p>\n\n\n\n<p><strong>Enzo Fern\u00e1ndez y el sue\u00f1o de jugar junto a su \u00eddolo<\/strong><\/p>\n\n\n\n<p><strong>La despedida de Enzo Fern\u00e1ndez tuvo un componente especialmente emotivo. El mediocampista record\u00f3 que, cuando todav\u00eda era un juvenil, imaginaba la posibilidad de alg\u00fan d\u00eda compartir la camiseta argentina con Messi.&nbsp;<em>\u00abYo era un pibe y hac\u00eda cuentas con tu edad y la m\u00eda para ver si alg\u00fan d\u00eda llegaba a jugar con vos\u00bb,<\/em>&nbsp;cont\u00f3.<\/strong><\/p>\n\n\n\n<p><strong>Aquel sue\u00f1o finalmente se hizo realidad de la manera m\u00e1s extraordinaria: Enzo no solamente comparti\u00f3 cancha con Messi, sino que tambi\u00e9n fue campe\u00f3n del mundo junto a \u00e9l.&nbsp;<em>\u00abCompartimos concentraciones, vestuario, charlas, abrazos, momentos dif\u00edciles, momentos incre\u00edbles y terminamos siendo campeones del mundo juntos\u00bb,<\/em>&nbsp;record\u00f3.<\/strong><\/p>\n\n\n\n<p><strong>Di Mar\u00eda, el compa\u00f1ero de las grandes batallas<\/strong><\/p>\n\n\n\n<p><strong>Otro de los mensajes que m\u00e1s impacto gener\u00f3 fue el de \u00c1ngel Di Mar\u00eda, uno de los futbolistas que m\u00e1s historia comparti\u00f3 con Messi en la Selecci\u00f3n.&nbsp;Juntos atravesaron a\u00f1os de frustraciones y cr\u00edticas antes de conquistar finalmente la Copa Am\u00e9rica, la Finalissima y el Mundial.<\/strong><\/p>\n\n\n\n<p><strong>Di Mar\u00eda eligi\u00f3 agradecerle a Messi no solamente por sus logros deportivos, sino tambi\u00e9n por haber elegido representar a la Argentina.&nbsp;<em>\u00abVamos a estarte agradecido toda la vida por ser argentino, por haber llevado a la Argentina a lo m\u00e1s alto. Por haber elegido ser argentino cuando tranquilamente pod\u00edas haber elegido otra cosa\u00bb,&nbsp;<\/em>expres\u00f3.<\/strong><\/p>\n\n\n\n<p><strong>Y cerr\u00f3 con una definici\u00f3n contundente:&nbsp;<em>\u00abGracias capit\u00e1n. Gracias por todo. El mejor de la historia\u00bb.<\/em><\/strong><\/p>\n\n\n\n<p><strong>Lautaro, Paredes, Mac Allister y Cuti Romero tambi\u00e9n dijeron presente<\/strong><\/p>\n\n\n\n<p><strong>Lautaro Mart\u00ednez fue uno de los primeros en reaccionar y resumi\u00f3 su sentimiento en pocas palabras:&nbsp;<em>\u00abEternamente gracias capit\u00e1n\u00bb<\/em>.&nbsp;Leandro Paredes, otro de los hist\u00f3ricos integrantes de la Scaloneta, acompa\u00f1\u00f3 una fotograf\u00eda junto a Messi con un simple \u201c10\u201d, un coraz\u00f3n celeste y la bandera argentina.<\/strong><\/p>\n\n\n\n<p><strong>Por su parte, Alexis Mac Allister destac\u00f3 todo lo que Messi aport\u00f3 m\u00e1s all\u00e1 del f\u00fatbol:&nbsp;<em>\u00abGracias por todo lo que nos diste adentro y afuera de la cancha\u00bb.<\/em><\/strong><\/p>\n\n\n\n<p><strong>El Cuti Romero tambi\u00e9n le dedic\u00f3 unas sentidas palabras:&nbsp;<em>\u00abTe quiero, te admiro y te voy a estar siempre agradecido por todo lo que dejaste en m\u00ed y nuestro pa\u00eds. Gracias por tanto capit\u00e1n\u00bb.<\/em><\/strong><\/p>\n\n\n\n<p><strong>Las nuevas generaciones tampoco quedaron al margen. Jugadores que crecieron viendo a Messi como su gran \u00eddolo ahora tuvieron la posibilidad de compartir con \u00e9l una camiseta y una Copa del Mundo.<\/strong><\/p>\n\n\n\n<p><strong>La despedida de la Selecci\u00f3n y del f\u00fatbol argentino<\/strong><\/p>\n\n\n\n<p><strong>El homenaje tambi\u00e9n lleg\u00f3 desde las cuentas oficiales de la Selecci\u00f3n argentina, que public\u00f3 un mensaje cargado de emoci\u00f3n:&nbsp;<em>\u00abGracias eternas, Leo. Te vamos a amar hasta el final de nuestros d\u00edas\u00bb.<\/em><\/strong><\/p>\n\n\n\n<p><strong>A la despedida se sumaron tambi\u00e9n clubes que forman parte de la historia de Messi.&nbsp;Newell\u2019s Old Boys, donde el rosarino se form\u00f3 durante su infancia, public\u00f3 un breve pero significativo<em>&nbsp;\u00abGracias, Leo\u00bb<\/em>. River Plate, por su parte, escribi\u00f3:&nbsp;<em>\u00abGracias, Capit\u00e1n\u00bb.<\/em><\/strong><\/p>\n\n\n\n<p><strong>La Conmebol tambi\u00e9n reconoci\u00f3 la magnitud de la trayectoria del argentino y comparti\u00f3 un video protagonizado por Messi acompa\u00f1ado por la frase:&nbsp;<em>\u00ab\u00a1Una historia muy grande!\u00bb.<\/em><\/strong><\/p>\n\n\n\n<p><strong>El adi\u00f3s del capit\u00e1n, as\u00ed, comenz\u00f3 mucho antes de que llegue el \u00faltimo partido. Porque para los integrantes de aquella Scaloneta que transform\u00f3 la historia reciente de la Selecci\u00f3n, Messi no fue solamente el n\u00famero 10.&nbsp;Fue el compa\u00f1ero que estuvo en las malas, el l\u00edder que levant\u00f3 los trofeos y el futbolista que finalmente pudo cerrar su historia con la camiseta argentina despu\u00e9s de haberlo ganado todo.<\/strong><\/p>\n\n\n\n<p><strong>Ahora, sus compa\u00f1eros le devuelven una parte de todo aquello: gracias, capit\u00e1n.<\/strong><\/p>\n\n\n<figure class=\"wp-block-post-featured-image\"><img loading=\"lazy\" decoding=\"async\" width=\"950\" height=\"600\" src=\"https:\/\/primiciasclorinda.com\/wp-content\/uploads\/2026\/09\/09012026-notprimiciasclor-0553-aus.jpg\" class=\"attachment-post-thumbnail size-post-thumbnail wp-post-image\" alt=\"\" style=\"object-fit:cover;\" srcset=\"https:\/\/primiciasclorinda.com\/wp-content\/uploads\/2026\/09\/09012026-notprimiciasclor-0553-aus.jpg 950w, https:\/\/primiciasclorinda.com\/wp-content\/uploads\/2026\/09\/09012026-notprimiciasclor-0553-aus-300x189.jpg 300w, https:\/\/primiciasclorinda.com\/wp-content\/uploads\/2026\/09\/09012026-notprimiciasclor-0553-aus-475x300.jpg 475w, https:\/\/primiciasclorinda.com\/wp-content\/uploads\/2026\/09\/09012026-notprimiciasclor-0553-aus-768x485.jpg 768w\" sizes=\"auto, (max-width: 950px) 100vw, 950px\" \/><\/figure>\n\n\n<p><\/p>\n","protected":false},"excerpt":{"rendered":"<div class=\"mh-excerpt\"><p>Los principales referentes de la Selecci\u00f3n argentina reaccionaron al anuncio de Lionel Messi y le dedicaron palabras cargadas de admiraci\u00f3n, gratitud y afecto. De Paul, <a class=\"mh-excerpt-more\" href=\"https:\/\/primiciasclorinda.com\/?p=176836\" title=\"\u00abGracias por tanto, capit\u00e1n\u00bb: la Scaloneta despidi\u00f3 a Messi con mensajes que emocionan a todo el pa\u00eds\">[&#8230;]<\/a><\/p>\n<\/div>","protected":false},"author":3,"featured_media":176819,"comment_status":"open","ping_status":"open","sticky":false,"template":"","format":"standard","meta":{"footnotes":""},"categories":[5],"tags":[8548,8547,377],"class_list":["post-176836","post","type-post","status-publish","format-standard","has-post-thumbnail","hentry","category-deportes","tag-despide-a-messi","tag-scaloneta","tag-seleccion-argentina"],"_links":{"self":[{"href":"https:\/\/primiciasclorinda.com\/index.php?rest_route=\/wp\/v2\/posts\/176836","targetHints":{"allow":["GET"]}}],"collection":[{"href":"https:\/\/primiciasclorinda.com\/index.php?rest_route=\/wp\/v2\/posts"}],"about":[{"href":"https:\/\/primiciasclorinda.com\/index.php?rest_route=\/wp\/v2\/types\/post"}],"author":[{"embeddable":true,"href":"https:\/\/primiciasclorinda.com\/index.php?rest_route=\/wp\/v2\/users\/3"}],"replies":[{"embeddable":true,"href":"https:\/\/primiciasclorinda.com\/index.php?rest_route=%2Fwp%2Fv2%2Fcomments&post=176836"}],"version-history":[{"count":1,"href":"https:\/\/primiciasclorinda.com\/index.php?rest_route=\/wp\/v2\/posts\/176836\/revisions"}],"predecessor-version":[{"id":176837,"href":"https:\/\/primiciasclorinda.com\/index.php?rest_route=\/wp\/v2\/posts\/176836\/revisions\/176837"}],"wp:featuredmedia":[{"embeddable":true,"href":"https:\/\/primiciasclorinda.com\/index.php?rest_route=\/wp\/v2\/media\/176819"}],"wp:attachment":[{"href":"https:\/\/primiciasclorinda.com\/index.php?rest_route=%2Fwp%2Fv2%2Fmedia&parent=176836"}],"wp:term":[{"taxonomy":"category","embeddable":true,"href":"https:\/\/primiciasclorinda.com\/index.php?rest_route=%2Fwp%2Fv2%2Fcategories&post=176836"},{"taxonomy":"post_tag","embeddable":true,"href":"https:\/\/primiciasclorinda.com\/index.php?rest_route=%2Fwp%2Fv2%2Ftags&post=176836"}],"curies":[{"name":"wp","href":"https:\/\/api.w.org\/{rel}","templated":true}]}}