{"id":176826,"date":"2026-09-01T09:34:09","date_gmt":"2026-09-01T12:34:09","guid":{"rendered":"https:\/\/primiciasclorinda.com\/?p=176826"},"modified":"2026-09-01T09:34:10","modified_gmt":"2026-09-01T12:34:10","slug":"me-vacie-lionel-messi-anuncio-su-retiro-de-la-seleccion-argentina-y-cerro-una-era-historica","status":"publish","type":"post","link":"https:\/\/primiciasclorinda.com\/?p=176826","title":{"rendered":"\u201cMe vaci\u00e9\u201d: Lionel Messi anunci\u00f3 su retiro de la selecci\u00f3n argentina y cerr\u00f3 una era hist\u00f3rica"},"content":{"rendered":"\n<p><strong>Despu\u00e9s de m\u00e1s de 20 a\u00f1os con la camiseta albiceleste, el m\u00e1ximo goleador y jugador con m\u00e1s presencias en la historia de la selecci\u00f3n confirm\u00f3 que no volver\u00e1 a vestirla. \u201cMe vaci\u00e9, ya no tengo m\u00e1s para dar\u201d, expres\u00f3.<\/strong><\/p>\n\n\n<div class=\"wp-block-image\">\n<figure class=\"aligncenter size-large\"><img loading=\"lazy\" decoding=\"async\" width=\"600\" height=\"101\" src=\"http:\/\/primiciasclorinda.com\/wp-content\/uploads\/2026\/08\/hipergas-950x160-0207-2-600x101.jpg\" alt=\"\" class=\"wp-image-176668\" srcset=\"https:\/\/primiciasclorinda.com\/wp-content\/uploads\/2026\/08\/hipergas-950x160-0207-2-600x101.jpg 600w, https:\/\/primiciasclorinda.com\/wp-content\/uploads\/2026\/08\/hipergas-950x160-0207-2-300x51.jpg 300w, https:\/\/primiciasclorinda.com\/wp-content\/uploads\/2026\/08\/hipergas-950x160-0207-2-768x129.jpg 768w, https:\/\/primiciasclorinda.com\/wp-content\/uploads\/2026\/08\/hipergas-950x160-0207-2.jpg 950w\" sizes=\"auto, (max-width: 600px) 100vw, 600px\" \/><\/figure><\/div>\n\n\n<p><strong>Lionel Messi anunci\u00f3 este lunes su retiro de la selecci\u00f3n argentina y puso punto final a una historia de m\u00e1s de dos d\u00e9cadas con la camiseta albiceleste.&nbsp;El capit\u00e1n comunic\u00f3 la decisi\u00f3n a trav\u00e9s de sus redes sociales, con un mensaje cargado de emoci\u00f3n en el que asegur\u00f3 que se trata de una determinaci\u00f3n que&nbsp;<em>\u00abduele en el alma\u00bb<\/em>, pero que entiende que lleg\u00f3 el momento de cerrar una etapa.<\/strong><\/p>\n\n\n<div class=\"wp-block-image\">\n<figure class=\"aligncenter size-large\"><img loading=\"lazy\" decoding=\"async\" width=\"600\" height=\"101\" src=\"http:\/\/primiciasclorinda.com\/wp-content\/uploads\/2026\/08\/bancoformosa-950x160-3006-2-600x101.jpg\" alt=\"\" class=\"wp-image-176669\" srcset=\"https:\/\/primiciasclorinda.com\/wp-content\/uploads\/2026\/08\/bancoformosa-950x160-3006-2-600x101.jpg 600w, https:\/\/primiciasclorinda.com\/wp-content\/uploads\/2026\/08\/bancoformosa-950x160-3006-2-300x51.jpg 300w, https:\/\/primiciasclorinda.com\/wp-content\/uploads\/2026\/08\/bancoformosa-950x160-3006-2-768x129.jpg 768w, https:\/\/primiciasclorinda.com\/wp-content\/uploads\/2026\/08\/bancoformosa-950x160-3006-2.jpg 950w\" sizes=\"auto, (max-width: 600px) 100vw, 600px\" \/><\/figure><\/div>\n\n\n<p><strong><a href=\"https:\/\/neahoy.com\/categoria\/deportes\/\" target=\"_blank\" rel=\"noreferrer noopener\">El rosarino hab\u00eda tomado la decisi\u00f3n<\/a>&nbsp;poco despu\u00e9s de la final del Mundial 2026, disputada el 19 de julio ante Espa\u00f1a, pero reci\u00e9n hizo p\u00fablica la carta este lunes.&nbsp;Argentina cay\u00f3 1-0 ante el seleccionado espa\u00f1ol en tiempo suplementario y termin\u00f3 como subcampeona del mundo.<\/strong><\/p>\n\n\n\n<p><strong><em>\u00abDespu\u00e9s de este tiempo que pas\u00f3 desde la final, pens\u00e1ndolo mucho, quiero comunicarles a todos que me retiro de la selecci\u00f3n\u00bb,<\/em>&nbsp;escribi\u00f3 Messi.<\/strong><\/p>\n\n\n\n<p><strong>El capit\u00e1n explic\u00f3 que el texto&nbsp;<a href=\"https:\/\/neahoy.com\/categoria\/deportes\/\" target=\"_blank\" rel=\"noreferrer noopener\">hab\u00eda sido redactado<\/a>&nbsp;el 21 de julio, apenas dos d\u00edas despu\u00e9s de la final.&nbsp;Sin embargo, el fallecimiento de su padre, Jorge Messi, termin\u00f3 de reafirmar una decisi\u00f3n que ya estaba tomada.<em>\u00abHoy despu\u00e9s de lo de mi pap\u00e1, estoy m\u00e1s convencido que antes\u00bb<\/em>, se\u00f1al\u00f3 el futbolista.<\/strong><\/p>\n\n\n\n<p><strong>Messi y un adi\u00f3s despu\u00e9s de 20 a\u00f1os con la selecci\u00f3n<\/strong><\/p>\n\n\n\n<p><strong>Messi debut\u00f3 con la selecci\u00f3n mayor el 17 de agosto de 2005, en un partido amistoso ante Hungr\u00eda.&nbsp;M\u00e1s de 20 a\u00f1os despu\u00e9s, se despide como el futbolista que m\u00e1s veces visti\u00f3 la camiseta argentina y tambi\u00e9n como su m\u00e1ximo goleador hist\u00f3rico.<\/strong><\/p>\n\n\n\n<p><strong><a href=\"https:\/\/neahoy.com\/categoria\/deportes\/\" target=\"_blank\" rel=\"noreferrer noopener\">Su registro final es impactante:<\/a>&nbsp;207 partidos y 125 goles con la selecci\u00f3n argentina, adem\u00e1s de 68 asistencias.&nbsp;Tambi\u00e9n disput\u00f3&nbsp;seis Mundiales&nbsp;y es el futbolista con&nbsp;m\u00e1s partidos jugados en la historia de la Copa del Mundo, con 34 encuentros<\/strong><\/p>\n\n\n\n<p><strong>Durante su recorrido con la Albiceleste,&nbsp;Messi atraves\u00f3 momentos de enorme presi\u00f3n, cr\u00edticas, derrotas en finales y tambi\u00e9n una etapa final de gloria que transform\u00f3 definitivamente su relaci\u00f3n con el seleccionado.<\/strong><\/p>\n\n\n\n<p><strong>En apenas&nbsp;tres a\u00f1os conquist\u00f3 la Copa Am\u00e9rica 2021, la Finalissima 2022, el Mundial de Qatar 2022 y la Copa Am\u00e9rica 2024.&nbsp;En 2026 volvi\u00f3 a llevar a Argentina hasta una final mundialista, aunque esta vez el t\u00edtulo qued\u00f3 en manos de Espa\u00f1a.<\/strong><\/p>\n\n\n\n<p><strong>Del Mundial Sub-20 y los Juegos Ol\u00edmpicos a la gloria mundial<\/strong><\/p>\n\n\n\n<p><strong>La historia de Messi con la selecci\u00f3n comenz\u00f3 mucho antes de convertirse en el capit\u00e1n de la Mayor.&nbsp;En 2005 fue campe\u00f3n del Mundial Sub-20, torneo en el que adem\u00e1s fue una de las grandes figuras de la competencia. Tres a\u00f1os despu\u00e9s, integr\u00f3 el seleccionado argentino que consigui\u00f3 la medalla de oro en los Juegos Ol\u00edmpicos de Beijing 2008.<\/strong><\/p>\n\n\n\n<p><strong>Esos t\u00edtulos fueron los primeros grandes cap\u00edtulos de una relaci\u00f3n con la camiseta argentina que terminar\u00eda alcanzando su punto m\u00e1ximo en Qatar 2022, cuando finalmente levant\u00f3 la Copa del Mundo que hab\u00eda perseguido durante toda su carrera.<\/strong><\/p>\n\n\n\n<p><strong><em>\u00abMe vaci\u00e9, ya no tengo m\u00e1s para dar\u00bb<\/em><\/strong><\/p>\n\n\n\n<p><strong>En su mensaje de despedida, Messi reconoci\u00f3 que dejar la selecci\u00f3n no es una decisi\u00f3n sencilla.&nbsp;<em>\u00abMe vaci\u00e9, ya no tengo m\u00e1s para dar y aparte vienen chicos muy grandes atr\u00e1s que merecen estar\u00bb<\/em>, expres\u00f3, en una de las frases m\u00e1s contundentes de su carta.<\/strong><\/p>\n\n\n\n<p><strong>El capit\u00e1n tambi\u00e9n destac\u00f3 que siempre entreg\u00f3 todo por la camiseta argentina y que su objetivo fue generar alegr\u00eda y orgullo en los hinchas.&nbsp;<em>\u00abAmo, am\u00e9 y amar\u00e9 siempre estar en la selecci\u00f3n\u00bb<\/em>,&nbsp;escribi\u00f3.<\/strong><\/p>\n\n\n\n<p><strong>Despu\u00e9s de 20 a\u00f1os, 207 partidos, 125 goles y una colecci\u00f3n de t\u00edtulos que incluye un Mundial, dos Copas Am\u00e9rica, una Finalissima, un Mundial Sub-20 y una medalla de oro ol\u00edmpica, Messi asegur\u00f3 que ahora alentar\u00e1 a la selecci\u00f3n desde otro lugar.&nbsp;\u201cAhora voy a ser uno m\u00e1s de ustedes, alentando y bancando siempre desde afuera\u201d, afirm\u00f3.<\/strong><\/p>\n\n\n\n<p><strong>Y cerr\u00f3 con una frase que resume el v\u00ednculo que construy\u00f3 durante toda su carrera con la camiseta celeste y blanca:<em>&nbsp;\u00abGracias Dios por hacerme argentino\u00bb.<\/em><\/strong><\/p>\n\n\n\n<p><strong>As\u00ed, Lionel Messi se despide de la selecci\u00f3n argentina despu\u00e9s de haber protagonizado la etapa m\u00e1s exitosa de su historia reciente.&nbsp;El n\u00famero 10 ya no estar\u00e1 dentro de la cancha, pero su nombre qued\u00f3 definitivamente asociado a una generaci\u00f3n que pas\u00f3 de sufrir las derrotas m\u00e1s dolorosas a celebrar, finalmente, la Copa del Mundo.<\/strong><\/p>\n\n\n<figure class=\"wp-block-post-featured-image\"><img loading=\"lazy\" decoding=\"async\" width=\"950\" height=\"600\" src=\"https:\/\/primiciasclorinda.com\/wp-content\/uploads\/2026\/09\/09012026-notprimiciasclor-0554-aus.jpg\" class=\"attachment-post-thumbnail size-post-thumbnail wp-post-image\" alt=\"\" style=\"object-fit:cover;\" srcset=\"https:\/\/primiciasclorinda.com\/wp-content\/uploads\/2026\/09\/09012026-notprimiciasclor-0554-aus.jpg 950w, https:\/\/primiciasclorinda.com\/wp-content\/uploads\/2026\/09\/09012026-notprimiciasclor-0554-aus-300x189.jpg 300w, https:\/\/primiciasclorinda.com\/wp-content\/uploads\/2026\/09\/09012026-notprimiciasclor-0554-aus-475x300.jpg 475w, https:\/\/primiciasclorinda.com\/wp-content\/uploads\/2026\/09\/09012026-notprimiciasclor-0554-aus-768x485.jpg 768w\" sizes=\"auto, (max-width: 950px) 100vw, 950px\" \/><\/figure>\n\n\n<p><\/p>\n","protected":false},"excerpt":{"rendered":"<div class=\"mh-excerpt\"><p>Despu\u00e9s de m\u00e1s de 20 a\u00f1os con la camiseta albiceleste, el m\u00e1ximo goleador y jugador con m\u00e1s presencias en la historia de la selecci\u00f3n confirm\u00f3 <a class=\"mh-excerpt-more\" href=\"https:\/\/primiciasclorinda.com\/?p=176826\" title=\"\u201cMe vaci\u00e9\u201d: Lionel Messi anunci\u00f3 su retiro de la selecci\u00f3n argentina y cerr\u00f3 una era hist\u00f3rica\">[&#8230;]<\/a><\/p>\n<\/div>","protected":false},"author":3,"featured_media":176818,"comment_status":"open","ping_status":"open","sticky":false,"template":"","format":"standard","meta":{"footnotes":""},"categories":[3],"tags":[8541,8542,2024],"class_list":["post-176826","post","type-post","status-publish","format-standard","has-post-thumbnail","hentry","category-politica-economia","tag-anuncio-retiro","tag-deja-la-seleccion","tag-lionel-messi"],"_links":{"self":[{"href":"https:\/\/primiciasclorinda.com\/index.php?rest_route=\/wp\/v2\/posts\/176826","targetHints":{"allow":["GET"]}}],"collection":[{"href":"https:\/\/primiciasclorinda.com\/index.php?rest_route=\/wp\/v2\/posts"}],"about":[{"href":"https:\/\/primiciasclorinda.com\/index.php?rest_route=\/wp\/v2\/types\/post"}],"author":[{"embeddable":true,"href":"https:\/\/primiciasclorinda.com\/index.php?rest_route=\/wp\/v2\/users\/3"}],"replies":[{"embeddable":true,"href":"https:\/\/primiciasclorinda.com\/index.php?rest_route=%2Fwp%2Fv2%2Fcomments&post=176826"}],"version-history":[{"count":1,"href":"https:\/\/primiciasclorinda.com\/index.php?rest_route=\/wp\/v2\/posts\/176826\/revisions"}],"predecessor-version":[{"id":176827,"href":"https:\/\/primiciasclorinda.com\/index.php?rest_route=\/wp\/v2\/posts\/176826\/revisions\/176827"}],"wp:featuredmedia":[{"embeddable":true,"href":"https:\/\/primiciasclorinda.com\/index.php?rest_route=\/wp\/v2\/media\/176818"}],"wp:attachment":[{"href":"https:\/\/primiciasclorinda.com\/index.php?rest_route=%2Fwp%2Fv2%2Fmedia&parent=176826"}],"wp:term":[{"taxonomy":"category","embeddable":true,"href":"https:\/\/primiciasclorinda.com\/index.php?rest_route=%2Fwp%2Fv2%2Fcategories&post=176826"},{"taxonomy":"post_tag","embeddable":true,"href":"https:\/\/primiciasclorinda.com\/index.php?rest_route=%2Fwp%2Fv2%2Ftags&post=176826"}],"curies":[{"name":"wp","href":"https:\/\/api.w.org\/{rel}","templated":true}]}}