{"id":176814,"date":"2026-09-01T09:29:57","date_gmt":"2026-09-01T12:29:57","guid":{"rendered":"https:\/\/primiciasclorinda.com\/?p=176814"},"modified":"2026-09-01T09:29:58","modified_gmt":"2026-09-01T12:29:58","slug":"consumo-como-se-ajustan-los-argentinos-en-medio-de-la-caida-de-los-ingresos-que-quedan-luego-de-pagar-los-gastos-fijos","status":"publish","type":"post","link":"https:\/\/primiciasclorinda.com\/?p=176814","title":{"rendered":"Consumo: c\u00f3mo se ajustan los argentinos en medio de la ca\u00edda de los ingresos que quedan luego de pagar los gastos fijos"},"content":{"rendered":"\n<p>La percepci\u00f3n de que \u201cla plata no alcanza\u201d es cada vez m\u00e1s generalizada: la reducci\u00f3n de gastos se concentra en recreaci\u00f3n y hogar, seg\u00fan estudios privados<\/p>\n\n\n\n<p>La desaceleraci\u00f3n de la&nbsp;<a href=\"https:\/\/www.infobae.com\/economia\/2026\/07\/14\/la-inflacion-en-junio-fue-de-19-y-acumulo-335-en-los-ultimos-doce-meses\/\" target=\"_blank\" rel=\"noreferrer noopener\"><em>inflaci\u00f3n<\/em><\/a>&nbsp;a\u00fan no se traduce en una mejora generalizada de la econom\u00eda de los hogares. Los ingresos reales contin\u00faan perdiendo capacidad de compra y una proporci\u00f3n creciente de las familias enfrenta dificultades para sostener sus consumos habituales.<\/p>\n\n\n<div class=\"wp-block-image\">\n<figure class=\"aligncenter size-large\"><img loading=\"lazy\" decoding=\"async\" width=\"600\" height=\"101\" src=\"http:\/\/primiciasclorinda.com\/wp-content\/uploads\/2026\/08\/hipergas-950x160-0207-2-600x101.jpg\" alt=\"\" class=\"wp-image-176668\" srcset=\"https:\/\/primiciasclorinda.com\/wp-content\/uploads\/2026\/08\/hipergas-950x160-0207-2-600x101.jpg 600w, https:\/\/primiciasclorinda.com\/wp-content\/uploads\/2026\/08\/hipergas-950x160-0207-2-300x51.jpg 300w, https:\/\/primiciasclorinda.com\/wp-content\/uploads\/2026\/08\/hipergas-950x160-0207-2-768x129.jpg 768w, https:\/\/primiciasclorinda.com\/wp-content\/uploads\/2026\/08\/hipergas-950x160-0207-2.jpg 950w\" sizes=\"auto, (max-width: 600px) 100vw, 600px\" \/><\/figure><\/div>\n\n\n<p>El \u00faltimo informe de la Secretar\u00eda de Trabajo mostr\u00f3 que el poder adquisitivo del promedio de los&nbsp;<a href=\"https:\/\/www.infobae.com\/economia\/2026\/06\/26\/ranking-de-salarios-cuanto-se-gana-en-cada-provincia-y-que-jurisdicciones-le-ganaron-a-la-inflacion-en-el-ultimo-ano\/\" target=\"_blank\" rel=\"noreferrer noopener\"><em>salarios&nbsp;<\/em><\/a>del empleo registrado del sector privado cay\u00f3 2% mensual en mayo, mientras que el salario conformado medio de los principales Convenios Colectivos de Trabajo (CCT) lo hizo en 1,4%. En la comparaci\u00f3n interanual, el retroceso alcanz\u00f3 el 2,4% y 5,2%, respectivamente.<\/p>\n\n\n<div class=\"wp-block-image\">\n<figure class=\"aligncenter size-large\"><img loading=\"lazy\" decoding=\"async\" width=\"600\" height=\"101\" src=\"http:\/\/primiciasclorinda.com\/wp-content\/uploads\/2026\/08\/bancoformosa-950x160-3006-2-600x101.jpg\" alt=\"\" class=\"wp-image-176669\" srcset=\"https:\/\/primiciasclorinda.com\/wp-content\/uploads\/2026\/08\/bancoformosa-950x160-3006-2-600x101.jpg 600w, https:\/\/primiciasclorinda.com\/wp-content\/uploads\/2026\/08\/bancoformosa-950x160-3006-2-300x51.jpg 300w, https:\/\/primiciasclorinda.com\/wp-content\/uploads\/2026\/08\/bancoformosa-950x160-3006-2-768x129.jpg 768w, https:\/\/primiciasclorinda.com\/wp-content\/uploads\/2026\/08\/bancoformosa-950x160-3006-2.jpg 950w\" sizes=\"auto, (max-width: 600px) 100vw, 600px\" \/><\/figure><\/div>\n\n\n<p>En paralelo, seg\u00fan Equilibra, luego de siete meses consecutivos de ca\u00edda, el&nbsp;<a href=\"https:\/\/www.infobae.com\/economia\/2026\/06\/26\/subio-el-poder-de-compra-efectivo-tras-siete-meses-pero-sigue-145-debajo-del-nivel-previo-al-cambio-de-gestion\/\" target=\"_blank\" rel=\"noreferrer noopener\"><em>ingreso disponible&nbsp;<\/em><\/a>-el dinero que queda en el bolsillo tras afrontar los gastos fijos- aument\u00f3 0,8% mensual en abril. No obstante, el indicador a\u00fan se ubica 1% por debajo del nivel de igual mes del a\u00f1o pasado y resulta 14,5% inferior al promedio registrado entre enero y septiembre de 2023.<\/p>\n\n\n\n<p>Un estudio de la consultora Zentrix revel\u00f3 que&nbsp;<a href=\"https:\/\/www.infobae.com\/economia\/2026\/07\/07\/mas-del-60-de-los-argentinos-asegura-que-sus-ingresos-no-alcanzan-para-llegar-al-dia-20-de-cada-mes\/\" target=\"_blank\" rel=\"noreferrer noopener\"><em>el 61% de los encuestados asegura que sus ingresos le alcanzan, como m\u00e1ximo, hasta el 20 de cada mes.<\/em><\/a>&nbsp;En tanto, 24,3% afirma que llega con lo justo, sin margen para ahorrar. Apenas el 13% logra cubrir todas sus necesidades y, adem\u00e1s, ahorrar<\/p>\n\n\n\n<p><strong>Atar con alambre, tapar la humedad<\/strong><\/p>\n\n\n\n<p>En ese marco, de acuerdo a un an\u00e1lisis del Observatorio de la Deuda Social Argentina (ODSA) de la UCA, la principal privaci\u00f3n que se observ\u00f3 en los hogares durante 2025 estuvo vinculada a no poder realizar arreglos en la vivienda, situaci\u00f3nque alcanz\u00f3 al 56% del total, pero ascendi\u00f3 al 80,2% si se mira el estrato bajo marginal.<\/p>\n\n\n\n<p>En segundo lugar se encuentran los&nbsp;<strong>problemas para calefaccionar o refrigerar el hogar<\/strong>&nbsp;(32,2%), seguidos por la reducci\u00f3n o el abandono del uso del transporte p\u00fablico (23,6%) y la imposibilidad de afrontar el pago de alg\u00fan servicio (23,4 por ciento).<\/p>\n\n\n\n<p>A su vez, el&nbsp;<a href=\"https:\/\/www.infobae.com\/economia\/2026\/07\/17\/mora-record-los-argentinos-destinan-casi-un-cuarto-de-su-salario-a-pagar-deudas\/\" target=\"_blank\" rel=\"noreferrer noopener\"><em>7,4% dej\u00f3 de abonar la tarjeta de cr\u00e9dito<\/em><\/a>, el 6,8% debi\u00f3 mudarse por falta de recursos y el 6,6% manifest\u00f3 haber sentido temor de perder su casa.<\/p>\n\n\n\n<p><strong>Agust\u00edn Salvia<\/strong>, director del ODSA, consider\u00f3: \u201cHay una fuerte desigualdad social en la capacidad para cubrir el costo de las tarifas frente a los aumentos que vienen registrando. Esto ocurre incluso cuando bajan la indigencia o la pobreza, porque existe una mayor capacidad para consumir alimentos, ya que sus precios vienen desacelerando\u201d.<\/p>\n\n\n\n<p>\u201cEsa contradicci\u00f3n deriva en una mayor morosidad en las tarjetas de cr\u00e9dito y en el pago de los servicios y, al mismo tiempo, implica un nivel m\u00e1s alto de estr\u00e9s econ\u00f3mico\u201d, explic\u00f3.<\/p>\n\n\n\n<p><strong>Trabajo informal y morosidad<\/strong><\/p>\n\n\n\n<p>La din\u00e1mica se sostiene a partir de una relativa estabilidad inflacionaria y de la&nbsp;<a href=\"https:\/\/www.infobae.com\/economia\/2026\/07\/17\/mas-del-40-de-los-empleados-del-sector-privado-trabaja-en-la-informalidad-cuales-son-los-sectores-mas-afectados\/\" target=\"_blank\" rel=\"noreferrer noopener\"><em>existencia creciente de trabajo informal<\/em><\/a>, changas u otras ocupaciones de ese tipo que permiten generar ingresos. Con un esfuerzo mayor y una remuneraci\u00f3n por hora m\u00e1s baja, en un escenario de desaceleraci\u00f3n de precios, los hogares logran mantenerse, pero a costa de seguir recortando gastos y, en muchos casos, de postergar el pago de obligaciones<\/p>\n\n\n\n<p>En esa l\u00ednea, Equilibra apunt\u00f3 en un informe: \u201cLa&nbsp;<strong>insuficiencia de ingresos de las familias<\/strong>&nbsp;no afecta solo al repago de pr\u00e9stamos formales: los atrasos en expensas, prepagas, cuotas de clubes, etc. tambi\u00e9n treparon. Pareciera que el boom de cr\u00e9dito escondi\u00f3 transitoriamente el deterioro de la hoja de balance de los agentes econ\u00f3micos. Por ende, revertir la anemia de la demanda interna de los \u00faltimos 5 trimestres no ser\u00e1 sencillo\u201d.<\/p>\n\n\n\n<p>Seg\u00fan una encuesta de Trespuntozero,&nbsp;<strong>72,8% de los consultados asegur\u00f3 que redujo sus consumos<\/strong>&nbsp;en el \u00faltimo tiempo, frente a un 4,8% que afirm\u00f3 haberlos incrementado. A su vez, el 20,7% indic\u00f3 que mantuvo sus h\u00e1bitos de compra sin cambios y el 1,7% respondi\u00f3 que no sab\u00eda o prefiri\u00f3 no contestar<\/p>\n\n\n\n<p>Entre quienes realizaron ajustes, las&nbsp;<strong>salidas gastron\u00f3micas, culturales y deportivas<\/strong>&nbsp;encabezaron la lista de los rubros m\u00e1s afectados, con el&nbsp;<strong>64,6%<\/strong>&nbsp;de las menciones. Les siguieron las&nbsp;<strong>compras de alimentos<\/strong>&nbsp;(<strong>61,6%<\/strong>), los&nbsp;<strong>costos vinculados a la vivienda<\/strong>&nbsp;(<strong>49,6%<\/strong>) y el&nbsp;<strong>bienestar y cuidado personal<\/strong>&nbsp;(<strong>40,7%<\/strong>). Adem\u00e1s, el&nbsp;<strong>34%<\/strong>&nbsp;disminuy\u00f3 el dinero destinado a&nbsp;<strong>salud<\/strong>, mientras que el&nbsp;<strong>32,7%<\/strong>&nbsp;recort\u00f3 el presupuesto para&nbsp;<strong>productos de limpieza<\/strong>&nbsp;y la misma proporci\u00f3n hizo lo propio en&nbsp;<strong>movilidad y transporte<\/strong>.<\/p>\n\n\n\n<p>Al respecto, la directora de la consultora,&nbsp;<strong>Shila Vilker<\/strong>, cont\u00f3 lo que surge en las entrevistas realizadas: \u201cLo que define esta \u00e9poca es la sensaci\u00f3n de que la plata no alcanza. Es el punto de partida de cualquier conversaci\u00f3n. No importa lo que haga cada persona\u201d.<\/p>\n\n\n\n<p>\u201cY esto aparece tanto entre votantes de la oposici\u00f3n como entre quienes apoyan al oficialismo. No es una cuesti\u00f3n ideol\u00f3gica, sino una experiencia de vida cotidiana\u201d, explic\u00f3.<\/p>\n\n\n\n<p><strong>Lo primero que se\u00f1alan los encuestados es el cambio en la mesa familiar, especialmente la necesidad de reducir el consumo de carne (Vilker)<\/strong><\/p>\n\n\n\n<p>Relat\u00f3 que lo primero que se\u00f1alan los encuestados es el cambio en la mesa familiar, especialmente en el consumo de carne, que es una de las cosas que m\u00e1s impacta en la gente porque forma parte de la esencia argentina.<\/p>\n\n\n\n<p>\u201cCada vez que surge ese tema, si no se interrumpe, las personas podr\u00edan pasar horas hablando de cu\u00e1nto cuesta la carne, las milanesas o los churrascos. El recorte en este sentido es muy doloroso\u201d, dijo Vilker.<\/p>\n\n\n\n<p>En l\u00ednea con lo anterior, una encuesta de Casa Tres arroj\u00f3 que el 66% resign\u00f3 alg\u00fan consumo, principalmente&nbsp;<strong>ocio (61%), primeras marcas (56%), indumentaria (46%), vacaciones (37%) y plataformas de&nbsp;<em>streaming<\/em>&nbsp;(30 por ciento)<\/strong>. Este panorama produjo una transformaci\u00f3n en la percepci\u00f3n social: Zentrix encontr\u00f3 que&nbsp;<strong>el 50,2% de los consultados se identifica como parte de los sectores bajos o medio-bajos y<\/strong>&nbsp;apenas el 10,5%, de clase alta<\/p>\n\n\n<figure class=\"wp-block-post-featured-image\"><img loading=\"lazy\" decoding=\"async\" width=\"950\" height=\"600\" src=\"https:\/\/primiciasclorinda.com\/wp-content\/uploads\/2026\/09\/09012026-notprimiciasclor-0556-aus.jpg\" class=\"attachment-post-thumbnail size-post-thumbnail wp-post-image\" alt=\"\" style=\"object-fit:cover;\" srcset=\"https:\/\/primiciasclorinda.com\/wp-content\/uploads\/2026\/09\/09012026-notprimiciasclor-0556-aus.jpg 950w, https:\/\/primiciasclorinda.com\/wp-content\/uploads\/2026\/09\/09012026-notprimiciasclor-0556-aus-300x189.jpg 300w, https:\/\/primiciasclorinda.com\/wp-content\/uploads\/2026\/09\/09012026-notprimiciasclor-0556-aus-475x300.jpg 475w, https:\/\/primiciasclorinda.com\/wp-content\/uploads\/2026\/09\/09012026-notprimiciasclor-0556-aus-768x485.jpg 768w\" sizes=\"auto, (max-width: 950px) 100vw, 950px\" \/><\/figure>\n\n\n<p><\/p>\n","protected":false},"excerpt":{"rendered":"<div class=\"mh-excerpt\"><p>La percepci\u00f3n de que \u201cla plata no alcanza\u201d es cada vez m\u00e1s generalizada: la reducci\u00f3n de gastos se concentra en recreaci\u00f3n y hogar, seg\u00fan estudios <a class=\"mh-excerpt-more\" href=\"https:\/\/primiciasclorinda.com\/?p=176814\" title=\"Consumo: c\u00f3mo se ajustan los argentinos en medio de la ca\u00edda de los ingresos que quedan luego de pagar los gastos fijos\">[&#8230;]<\/a><\/p>\n<\/div>","protected":false},"author":3,"featured_media":176816,"comment_status":"open","ping_status":"open","sticky":false,"template":"","format":"standard","meta":{"footnotes":""},"categories":[3],"tags":[173,8538,8537,8539],"class_list":["post-176814","post","type-post","status-publish","format-standard","has-post-thumbnail","hentry","category-politica-economia","tag-argentina","tag-caida-de-ingresos","tag-consumo-intrerno","tag-gastos-fijos"],"_links":{"self":[{"href":"https:\/\/primiciasclorinda.com\/index.php?rest_route=\/wp\/v2\/posts\/176814","targetHints":{"allow":["GET"]}}],"collection":[{"href":"https:\/\/primiciasclorinda.com\/index.php?rest_route=\/wp\/v2\/posts"}],"about":[{"href":"https:\/\/primiciasclorinda.com\/index.php?rest_route=\/wp\/v2\/types\/post"}],"author":[{"embeddable":true,"href":"https:\/\/primiciasclorinda.com\/index.php?rest_route=\/wp\/v2\/users\/3"}],"replies":[{"embeddable":true,"href":"https:\/\/primiciasclorinda.com\/index.php?rest_route=%2Fwp%2Fv2%2Fcomments&post=176814"}],"version-history":[{"count":1,"href":"https:\/\/primiciasclorinda.com\/index.php?rest_route=\/wp\/v2\/posts\/176814\/revisions"}],"predecessor-version":[{"id":176823,"href":"https:\/\/primiciasclorinda.com\/index.php?rest_route=\/wp\/v2\/posts\/176814\/revisions\/176823"}],"wp:featuredmedia":[{"embeddable":true,"href":"https:\/\/primiciasclorinda.com\/index.php?rest_route=\/wp\/v2\/media\/176816"}],"wp:attachment":[{"href":"https:\/\/primiciasclorinda.com\/index.php?rest_route=%2Fwp%2Fv2%2Fmedia&parent=176814"}],"wp:term":[{"taxonomy":"category","embeddable":true,"href":"https:\/\/primiciasclorinda.com\/index.php?rest_route=%2Fwp%2Fv2%2Fcategories&post=176814"},{"taxonomy":"post_tag","embeddable":true,"href":"https:\/\/primiciasclorinda.com\/index.php?rest_route=%2Fwp%2Fv2%2Ftags&post=176814"}],"curies":[{"name":"wp","href":"https:\/\/api.w.org\/{rel}","templated":true}]}}