{"id":176808,"date":"2026-08-31T09:25:54","date_gmt":"2026-08-31T12:25:54","guid":{"rendered":"https:\/\/primiciasclorinda.com\/?p=176808"},"modified":"2026-08-31T09:25:55","modified_gmt":"2026-08-31T12:25:55","slug":"mauricio-arias-volvio-a-subirse-a-lo-mas-alto-gano-la-general-de-los-2k-con-neopreno-en-monte-hermoso","status":"publish","type":"post","link":"https:\/\/primiciasclorinda.com\/?p=176808","title":{"rendered":"Mauricio Arias volvi\u00f3 a subirse a lo m\u00e1s alto: gan\u00f3 la general de los 2K con neopreno en Monte Hermoso"},"content":{"rendered":"\n<p><strong>El nadador formose\u00f1o se impuso este domingo 30 de agosto en una nueva fecha del circuito NAF (Nadadores de Aguas Fr\u00edas), disputada en Monte Hermoso, Buenos Aires. Mauricio Arias obtuvo el primer puesto tanto en su categor\u00eda como en la clasificaci\u00f3n general de los 2 kil\u00f3metros con neopreno. Su madre, Josefina \u00c1vila, agradeci\u00f3 el acompa\u00f1amiento del Gobierno de Formosa a lo largo de su carrera<\/strong><\/p>\n\n\n\n<p><strong>Mauricio Arias contin\u00faa atravesando un gran momento deportivo&nbsp;y volvi\u00f3 a demostrarlo este domingo 30 de agosto en Monte Hermoso, provincia de Buenos Aires.&nbsp;El nadador del Club Natal\u00fa se qued\u00f3 con el primer puesto en su categor\u00eda y tambi\u00e9n con el primer lugar de la clasificaci\u00f3n general en la prueba de 2 kil\u00f3metros con neopreno correspondiente al circuito NAF (Nadadores de Aguas Fr\u00edas).<\/strong><\/p>\n\n\n\n<p><strong><a href=\"https:\/\/neahoy.com\/tag\/mauricio-arias\/\" target=\"_blank\" rel=\"noreferrer noopener\">El nuevo triunfo<\/a>&nbsp;se suma a una temporada especialmente destacada para el joven formose\u00f1o de 19 a\u00f1os, que durante los \u00faltimos meses llev\u00f3 su preparaci\u00f3n y sus competencias a distintos escenarios del pa\u00eds y del mundo. Arias viene de representar a la Argentina en el X-WATERS Volga 2026, en Rusia, donde finaliz\u00f3 d\u00e9cimo entre m\u00e1s de 150 competidores y consigui\u00f3 el tercer puesto en su categor\u00eda. Posteriormente, particip\u00f3 de la Winter Swimming World Cup 2026, frente al Glaciar Perito Moreno, donde enfrent\u00f3 por primera vez aguas con temperaturas inferiores a los 2 grados y consigui\u00f3 m\u00faltiples podios.<\/strong><\/p>\n\n\n\n<p><strong>Su madre, Josefina \u00c1vila, agradeci\u00f3 el acompa\u00f1amiento provincial que permiten el desarollo deportivo del joven nadador y la posibilidad de afrontar los distintos compromisos que forman parte de su calendario. El apoyo del Estado provincial se suma as\u00ed al esfuerzo cotidiano de Mauricio, su familia, sus entrenadores y el Club Natal\u00fa, que forman parte del proceso que permiti\u00f3 que el nadador formose\u00f1o pueda competir en distintos puntos del pa\u00eds y representar a la provincia y a la Argentina en competencias internacionales<\/strong><\/p>\n\n\n\n<p><strong>Ahora, en Monte Hermoso, volvi\u00f3 a competir en aguas fr\u00edas y logr\u00f3 quedarse con la prueba de 2 kil\u00f3metros con neopreno.&nbsp;El formose\u00f1o fue el mejor de la clasificaci\u00f3n general y tambi\u00e9n termin\u00f3 primero entre los competidores de su categor\u00eda.<\/strong><\/p>\n\n\n\n<p><strong>Un triunfo que tambi\u00e9n refleja el acompa\u00f1amiento a los deportistas<\/strong><\/p>\n\n\n\n<p><strong>Detr\u00e1s de cada competencia y de cada podio existe un proceso de preparaci\u00f3n que requiere entrenamiento, viajes, equipamiento y acompa\u00f1amiento. En ese camino,&nbsp;<a href=\"https:\/\/neahoy.com\/tag\/mauricio-arias\/\" target=\"_blank\" rel=\"noreferrer noopener\">la familia de Mauricio<\/a>&nbsp;destac\u00f3 especialmente el respaldo que recibi\u00f3 desde Formosa.&nbsp;En distintas oportunidades, el propio Arias remarc\u00f3 la importancia de contar con pol\u00edticas p\u00fablicas que acompa\u00f1en a los deportistas desde las etapas de formaci\u00f3n hasta el alto rendimiento.<\/strong><\/p>\n\n\n\n<p><strong><em>\u00abEs muy importante que existan estas pol\u00edticas p\u00fablicas, porque permiten que m\u00e1s chicos tengan acceso al deporte y puedan desarrollarse tanto en lo deportivo como en lo personal\u00bb,<\/em><\/strong><strong>&nbsp;hab\u00eda se\u00f1alado el nadador en di\u00e1logo con NEA HOY en otra oportunidad.<\/strong><\/p>\n\n\n\n<p><strong>El triunfo conseguido en Monte Hermoso se suma a una serie de resultados que muestran la evoluci\u00f3n que Arias viene experimentando en los \u00faltimos a\u00f1os<a href=\"https:\/\/neahoy.com\/tag\/mauricio-arias\/\" target=\"_blank\" rel=\"noreferrer noopener\">.&nbsp;<\/a>Mauricio comenz\u00f3 a competir a los seis a\u00f1os y actualmente, con 19, ya cuenta con experiencia en competencias nacionales e internacionales. Durante la temporada 2025-2026 se consagr\u00f3 campe\u00f3n del Circuito Open Water Argentina.<\/strong><\/p>\n\n\n\n<p><strong>La posibilidad de entrenar durante todo el a\u00f1o en la piscina ol\u00edmpica de Formosa tambi\u00e9n constituye una parte importante de su preparaci\u00f3n.&nbsp;La infraestructura deportiva, el trabajo de sus entrenadores, el respaldo familiar y el acompa\u00f1amiento estatal forman parte del camino que le permiti\u00f3 alcanzar nuevos objetivos.<\/strong><\/p>\n\n\n\n<p><strong>En las \u00faltimas semanas, Arias pas\u00f3 de competir en el r\u00edo Volga, en Rusia, a enfrentar las aguas heladas de El Calafate y&nbsp;ahora logr\u00f3 imponerse en Monte Hermoso.<\/strong><\/p>\n\n\n\n<p><strong>El resultado de este domingo confirma el gran presente que atraviesa el nadador formose\u00f1o. Mauricio Arias no solamente gan\u00f3 en su categor\u00eda: fue el ganador de la clasificaci\u00f3n general de los 2 kil\u00f3metros con neopreno del circuito NAF.&nbsp;Con nuevos desaf\u00edos por delante, el joven del Club Natal\u00fa contin\u00faa construyendo una carrera que ya trascendi\u00f3 las fronteras de Formosa y que tiene en cada competencia una nueva oportunidad para seguir llevando el nombre de la provincia a lo m\u00e1s alto.<\/strong><\/p>\n\n\n<figure class=\"wp-block-post-featured-image\"><img loading=\"lazy\" decoding=\"async\" width=\"950\" height=\"600\" src=\"https:\/\/primiciasclorinda.com\/wp-content\/uploads\/2026\/08\/08312026-notprimiciasclor-0542-aus.jpg\" class=\"attachment-post-thumbnail size-post-thumbnail wp-post-image\" alt=\"\" style=\"object-fit:cover;\" srcset=\"https:\/\/primiciasclorinda.com\/wp-content\/uploads\/2026\/08\/08312026-notprimiciasclor-0542-aus.jpg 950w, https:\/\/primiciasclorinda.com\/wp-content\/uploads\/2026\/08\/08312026-notprimiciasclor-0542-aus-300x189.jpg 300w, https:\/\/primiciasclorinda.com\/wp-content\/uploads\/2026\/08\/08312026-notprimiciasclor-0542-aus-475x300.jpg 475w, https:\/\/primiciasclorinda.com\/wp-content\/uploads\/2026\/08\/08312026-notprimiciasclor-0542-aus-768x485.jpg 768w\" sizes=\"auto, (max-width: 950px) 100vw, 950px\" \/><\/figure>\n\n\n<p><\/p>\n","protected":false},"excerpt":{"rendered":"<div class=\"mh-excerpt\"><p>El nadador formose\u00f1o se impuso este domingo 30 de agosto en una nueva fecha del circuito NAF (Nadadores de Aguas Fr\u00edas), disputada en Monte Hermoso, <a class=\"mh-excerpt-more\" href=\"https:\/\/primiciasclorinda.com\/?p=176808\" title=\"Mauricio Arias volvi\u00f3 a subirse a lo m\u00e1s alto: gan\u00f3 la general de los 2K con neopreno en Monte Hermoso\">[&#8230;]<\/a><\/p>\n<\/div>","protected":false},"author":3,"featured_media":176795,"comment_status":"open","ping_status":"open","sticky":false,"template":"","format":"standard","meta":{"footnotes":""},"categories":[5],"tags":[8535,8533,5492,8534],"class_list":["post-176808","post","type-post","status-publish","format-standard","has-post-thumbnail","hentry","category-deportes","tag-1er-puesto","tag-2k-con-neoprene","tag-mauricio-arias","tag-monte-hermoso"],"_links":{"self":[{"href":"https:\/\/primiciasclorinda.com\/index.php?rest_route=\/wp\/v2\/posts\/176808","targetHints":{"allow":["GET"]}}],"collection":[{"href":"https:\/\/primiciasclorinda.com\/index.php?rest_route=\/wp\/v2\/posts"}],"about":[{"href":"https:\/\/primiciasclorinda.com\/index.php?rest_route=\/wp\/v2\/types\/post"}],"author":[{"embeddable":true,"href":"https:\/\/primiciasclorinda.com\/index.php?rest_route=\/wp\/v2\/users\/3"}],"replies":[{"embeddable":true,"href":"https:\/\/primiciasclorinda.com\/index.php?rest_route=%2Fwp%2Fv2%2Fcomments&post=176808"}],"version-history":[{"count":1,"href":"https:\/\/primiciasclorinda.com\/index.php?rest_route=\/wp\/v2\/posts\/176808\/revisions"}],"predecessor-version":[{"id":176809,"href":"https:\/\/primiciasclorinda.com\/index.php?rest_route=\/wp\/v2\/posts\/176808\/revisions\/176809"}],"wp:featuredmedia":[{"embeddable":true,"href":"https:\/\/primiciasclorinda.com\/index.php?rest_route=\/wp\/v2\/media\/176795"}],"wp:attachment":[{"href":"https:\/\/primiciasclorinda.com\/index.php?rest_route=%2Fwp%2Fv2%2Fmedia&parent=176808"}],"wp:term":[{"taxonomy":"category","embeddable":true,"href":"https:\/\/primiciasclorinda.com\/index.php?rest_route=%2Fwp%2Fv2%2Fcategories&post=176808"},{"taxonomy":"post_tag","embeddable":true,"href":"https:\/\/primiciasclorinda.com\/index.php?rest_route=%2Fwp%2Fv2%2Ftags&post=176808"}],"curies":[{"name":"wp","href":"https:\/\/api.w.org\/{rel}","templated":true}]}}