{"id":176804,"date":"2026-08-31T09:22:20","date_gmt":"2026-08-31T12:22:20","guid":{"rendered":"https:\/\/primiciasclorinda.com\/?p=176804"},"modified":"2026-08-31T09:22:20","modified_gmt":"2026-08-31T12:22:20","slug":"clorinda-resultados-de-la-instancia-provincial-de-la-feria-de-educacion-artes-ciencias-y-tecnologia-2026","status":"publish","type":"post","link":"https:\/\/primiciasclorinda.com\/?p=176804","title":{"rendered":"Clorinda. Resultados de la instancia provincial de la Feria de Educaci\u00f3n, Artes, Ciencias y Tecnolog\u00eda 2026."},"content":{"rendered":"\n<p><strong>Est\u00e1 Instancia se realiz\u00f3 en Formosa Capital del 25 al 28 del cte. mes y a\u00f1o, y tuvo como sedes a la EPES Nro.51 y 52 de dicha ciudad.<\/strong><\/p>\n\n\n\n<p><strong>Despu\u00e9s de las jornadas de exposici\u00f3n y valoraci\u00f3n, resultaron seleccionados los proyectos que pasaron a la Instancia Nacional.<\/strong><\/p>\n\n\n\n<p><strong>Integrando la Delegaci\u00f3n que representar\u00e1 a nuestra provincia, participar\u00e1n dos trabajos de la Delegaci\u00f3n Zonal Clorinda: \u00abEco exploradores\u201d, del Instituto Superior de Formaci\u00f3n Docente Continua y T\u00e9cnica Santa Catalina Labour\u00e9 y \u201cEntre pesos y guaran\u00edes\u00bb de la EPEP Nro. 21 \u00abRep\u00fablica del Paraguay\u00bb.<\/strong><\/p>\n\n\n\n<p><strong>Obtuvieron Destaque Nivel Provincial, las instituciones: Ecobot de la EPEP Nro. 302, Entre pesos y guaran\u00edes de la EPEP Nro. 21 y Eco exploradores del ISFDCy T Santa Catalina Labour\u00e9.<\/strong><\/p>\n\n\n\n<p><strong>Recibieron Menci\u00f3n Provincial, los trabajos \u00abAgua renace\u00bb de la EPES Nro. 82 y \u00abConocer para prevenir\u00bb de la EPES Nro. 92.<\/strong><\/p>\n\n\n\n<p><strong>Expresamos nuestras FELICITACIONES por sus logros a cada estudiante, a cada docente asesor, directivos y familias por estos resultados y hacemos extensivo a cada Equipo Expositor que particip\u00f3 en esta instancia. Valoramos su dedicaci\u00f3n y compromiso durante estas jornadas de intercambio de experiencias, nuevos aprendizajes y de encuentro con representantes provenientes de cada rinc\u00f3n de nuestra Bella Formosa.<\/strong><\/p>\n\n\n\n<p><strong>\u00a1A la EPEP Nro.21 y al ISFDCy T Santa Catalina Labour\u00e9, les deseamos \u00c9xitos en la pr\u00f3xima instancia!<\/strong><\/p>\n\n\n\n<p><strong>\u00a1\u00a1BIENVENIDOS A LAS NACIONALES!!<\/strong><\/p>\n\n\n<figure class=\"wp-block-post-featured-image\"><img loading=\"lazy\" decoding=\"async\" width=\"950\" height=\"600\" src=\"https:\/\/primiciasclorinda.com\/wp-content\/uploads\/2026\/08\/08312026-notprimiciasclor-0548-aus.jpg\" class=\"attachment-post-thumbnail size-post-thumbnail wp-post-image\" alt=\"\" style=\"object-fit:cover;\" srcset=\"https:\/\/primiciasclorinda.com\/wp-content\/uploads\/2026\/08\/08312026-notprimiciasclor-0548-aus.jpg 950w, https:\/\/primiciasclorinda.com\/wp-content\/uploads\/2026\/08\/08312026-notprimiciasclor-0548-aus-300x189.jpg 300w, https:\/\/primiciasclorinda.com\/wp-content\/uploads\/2026\/08\/08312026-notprimiciasclor-0548-aus-475x300.jpg 475w, https:\/\/primiciasclorinda.com\/wp-content\/uploads\/2026\/08\/08312026-notprimiciasclor-0548-aus-768x485.jpg 768w\" sizes=\"auto, (max-width: 950px) 100vw, 950px\" \/><\/figure>","protected":false},"excerpt":{"rendered":"<div class=\"mh-excerpt\"><p>Est\u00e1 Instancia se realiz\u00f3 en Formosa Capital del 25 al 28 del cte. mes y a\u00f1o, y tuvo como sedes a la EPES Nro.51 y <a class=\"mh-excerpt-more\" href=\"https:\/\/primiciasclorinda.com\/?p=176804\" title=\"Clorinda. Resultados de la instancia provincial de la Feria de Educaci\u00f3n, Artes, Ciencias y Tecnolog\u00eda 2026.\">[&#8230;]<\/a><\/p>\n<\/div>","protected":false},"author":3,"featured_media":176789,"comment_status":"open","ping_status":"open","sticky":false,"template":"","format":"standard","meta":{"footnotes":""},"categories":[5431,6],"tags":[26,5024,8532],"class_list":["post-176804","post","type-post","status-publish","format-standard","has-post-thumbnail","hentry","category-clorinda","category-cultura","tag-clorinda","tag-instancia-provincial","tag-resultados-feria"],"_links":{"self":[{"href":"https:\/\/primiciasclorinda.com\/index.php?rest_route=\/wp\/v2\/posts\/176804","targetHints":{"allow":["GET"]}}],"collection":[{"href":"https:\/\/primiciasclorinda.com\/index.php?rest_route=\/wp\/v2\/posts"}],"about":[{"href":"https:\/\/primiciasclorinda.com\/index.php?rest_route=\/wp\/v2\/types\/post"}],"author":[{"embeddable":true,"href":"https:\/\/primiciasclorinda.com\/index.php?rest_route=\/wp\/v2\/users\/3"}],"replies":[{"embeddable":true,"href":"https:\/\/primiciasclorinda.com\/index.php?rest_route=%2Fwp%2Fv2%2Fcomments&post=176804"}],"version-history":[{"count":1,"href":"https:\/\/primiciasclorinda.com\/index.php?rest_route=\/wp\/v2\/posts\/176804\/revisions"}],"predecessor-version":[{"id":176805,"href":"https:\/\/primiciasclorinda.com\/index.php?rest_route=\/wp\/v2\/posts\/176804\/revisions\/176805"}],"wp:featuredmedia":[{"embeddable":true,"href":"https:\/\/primiciasclorinda.com\/index.php?rest_route=\/wp\/v2\/media\/176789"}],"wp:attachment":[{"href":"https:\/\/primiciasclorinda.com\/index.php?rest_route=%2Fwp%2Fv2%2Fmedia&parent=176804"}],"wp:term":[{"taxonomy":"category","embeddable":true,"href":"https:\/\/primiciasclorinda.com\/index.php?rest_route=%2Fwp%2Fv2%2Fcategories&post=176804"},{"taxonomy":"post_tag","embeddable":true,"href":"https:\/\/primiciasclorinda.com\/index.php?rest_route=%2Fwp%2Fv2%2Ftags&post=176804"}],"curies":[{"name":"wp","href":"https:\/\/api.w.org\/{rel}","templated":true}]}}