{"id":176798,"date":"2026-08-31T09:15:15","date_gmt":"2026-08-31T12:15:15","guid":{"rendered":"https:\/\/primiciasclorinda.com\/?p=176798"},"modified":"2026-08-31T09:15:16","modified_gmt":"2026-08-31T12:15:16","slug":"formosa-bajo-alerta-meteorologica-por-tormentas-fuertes-y-granizo-para-este-lunes","status":"publish","type":"post","link":"https:\/\/primiciasclorinda.com\/?p=176798","title":{"rendered":"Formosa bajo alerta meteorol\u00f3gica por tormentas fuertes y granizo para este lunes"},"content":{"rendered":"\n<p><strong>El Servicio Meteorol\u00f3gico Nacional (SMN) mantiene una alerta amarilla por tormentas fuertes para este lunes, el \u00faltimo d\u00eda del mes de agosto, en distintas zonas del pa\u00eds.<\/strong><\/p>\n\n\n\n<p><strong>En total, son seis las provincias alcanzadas por el aviso, con especial atenci\u00f3n en Formosa, Corrientes y Misiones, donde se esperan condiciones de mayor inestabilidad.<\/strong><\/p>\n\n\n\n<p><strong>El alerta tambi\u00e9n comprende sectores de San Luis, C\u00f3rdoba y La Rioja, aunque en estos \u00faltimos casos la zona afectada es m\u00e1s acotada.<\/strong><\/p>\n\n\n\n<p><strong>Seg\u00fan inform\u00f3 oficialmente el SMN, el \u00e1rea bajo alerta ser\u00e1 afectada por tormentas aisladas de variada intensidad, algunas de las cuales podr\u00edan ser localmente fuertes.<\/strong><\/p>\n\n\n\n<p><strong>Las lluvias podr\u00e1n estar acompa\u00f1adas por abundantes precipitaciones en cortos per\u00edodos, r\u00e1fagas intensas, granizo localizado y actividad el\u00e9ctrica frecuente. Se esperan valores de precipitaci\u00f3n acumulada entre 20 y 50 mm, que pueden ser superados de forma puntual.<\/strong><\/p>\n\n\n\n<p><strong>Las provincias bajo alerta este lunes<\/strong><\/p>\n\n\n\n<p><strong>Las zonas alcanzadas por el aviso meteorol\u00f3gico incluyen sectores de:<\/strong><\/p>\n\n\n\n<p><strong>Formosa<\/strong><\/p>\n\n\n\n<p><strong>Corrientes<\/strong><\/p>\n\n\n\n<p><strong>Misiones<\/strong><\/p>\n\n\n\n<p><strong>San Luis<\/strong><\/p>\n\n\n\n<p><strong>C\u00f3rdoba<\/strong><\/p>\n\n\n\n<p><strong>La Rioja<\/strong><\/p>\n\n\n\n<p><strong>La distribuci\u00f3n de la alerta no abarca necesariamente a la totalidad del territorio de cada provincia, por lo que el SMN recomienda consultar la actualizaci\u00f3n oficial para conocer con precisi\u00f3n las localidades alcanzadas.<\/strong><\/p>\n\n\n\n<p><strong>Qu\u00e9 recomienda el SMN ante las tormentas<\/strong><\/p>\n\n\n\n<p><strong>Frente a la posibilidad de tormentas fuertes, el organismo meteorol\u00f3gico recomienda evitar salir mientras se desarrolla el fen\u00f3meno y tomar algunas precauciones para reducir riesgos.<\/strong><\/p>\n\n\n\n<p><strong>Entre las principales recomendaciones se encuentran no sacar la basura y mantener limpios los desag\u00fces y sumideros, para evitar anegamientos.<\/strong><\/p>\n\n\n\n<p><strong>Tambi\u00e9n se aconseja desconectar los electrodom\u00e9sticos y cortar el suministro el\u00e9ctrico si ingresa agua en una vivienda, adem\u00e1s de cerrar puertas y ventanas y mantenerse alejado de ellas.<\/strong><\/p>\n\n\n\n<p><strong>Otro punto importante es retirar o asegurar objetos que puedan ser desplazados por las r\u00e1fagas de viento.<\/strong><\/p>\n\n\n\n<p><strong>En caso de encontrarse al aire libre cuando comienza una tormenta, el SMN recomienda buscar refugio inmediatamente en un edificio, una vivienda o un veh\u00edculo cerrado.<\/strong><\/p>\n\n\n\n<p><strong>La situaci\u00f3n ser\u00e1 monitoreada durante la jornada y el organismo podr\u00eda actualizar el nivel de alerta si las condiciones meteorol\u00f3gicas cambian<\/strong><\/p>\n\n\n<figure class=\"wp-block-post-featured-image\"><img loading=\"lazy\" decoding=\"async\" width=\"950\" height=\"600\" src=\"https:\/\/primiciasclorinda.com\/wp-content\/uploads\/2026\/08\/08312026-notprimiciasclor-0543-aus.jpg\" class=\"attachment-post-thumbnail size-post-thumbnail wp-post-image\" alt=\"\" style=\"object-fit:cover;\" srcset=\"https:\/\/primiciasclorinda.com\/wp-content\/uploads\/2026\/08\/08312026-notprimiciasclor-0543-aus.jpg 950w, https:\/\/primiciasclorinda.com\/wp-content\/uploads\/2026\/08\/08312026-notprimiciasclor-0543-aus-300x189.jpg 300w, https:\/\/primiciasclorinda.com\/wp-content\/uploads\/2026\/08\/08312026-notprimiciasclor-0543-aus-475x300.jpg 475w, https:\/\/primiciasclorinda.com\/wp-content\/uploads\/2026\/08\/08312026-notprimiciasclor-0543-aus-768x485.jpg 768w\" sizes=\"auto, (max-width: 950px) 100vw, 950px\" \/><\/figure>\n\n\n<p><\/p>\n","protected":false},"excerpt":{"rendered":"<div class=\"mh-excerpt\"><p>El Servicio Meteorol\u00f3gico Nacional (SMN) mantiene una alerta amarilla por tormentas fuertes para este lunes, el \u00faltimo d\u00eda del mes de agosto, en distintas zonas <a class=\"mh-excerpt-more\" href=\"https:\/\/primiciasclorinda.com\/?p=176798\" title=\"Formosa bajo alerta meteorol\u00f3gica por tormentas fuertes y granizo para este lunes\">[&#8230;]<\/a><\/p>\n<\/div>","protected":false},"author":3,"featured_media":176794,"comment_status":"open","ping_status":"open","sticky":false,"template":"","format":"standard","meta":{"footnotes":""},"categories":[3],"tags":[8528,23,1272,8529],"class_list":["post-176798","post","type-post","status-publish","format-standard","has-post-thumbnail","hentry","category-politica-economia","tag-alerta-meteorologica","tag-formosa","tag-granizo","tag-tormentas-fuertes"],"_links":{"self":[{"href":"https:\/\/primiciasclorinda.com\/index.php?rest_route=\/wp\/v2\/posts\/176798","targetHints":{"allow":["GET"]}}],"collection":[{"href":"https:\/\/primiciasclorinda.com\/index.php?rest_route=\/wp\/v2\/posts"}],"about":[{"href":"https:\/\/primiciasclorinda.com\/index.php?rest_route=\/wp\/v2\/types\/post"}],"author":[{"embeddable":true,"href":"https:\/\/primiciasclorinda.com\/index.php?rest_route=\/wp\/v2\/users\/3"}],"replies":[{"embeddable":true,"href":"https:\/\/primiciasclorinda.com\/index.php?rest_route=%2Fwp%2Fv2%2Fcomments&post=176798"}],"version-history":[{"count":1,"href":"https:\/\/primiciasclorinda.com\/index.php?rest_route=\/wp\/v2\/posts\/176798\/revisions"}],"predecessor-version":[{"id":176799,"href":"https:\/\/primiciasclorinda.com\/index.php?rest_route=\/wp\/v2\/posts\/176798\/revisions\/176799"}],"wp:featuredmedia":[{"embeddable":true,"href":"https:\/\/primiciasclorinda.com\/index.php?rest_route=\/wp\/v2\/media\/176794"}],"wp:attachment":[{"href":"https:\/\/primiciasclorinda.com\/index.php?rest_route=%2Fwp%2Fv2%2Fmedia&parent=176798"}],"wp:term":[{"taxonomy":"category","embeddable":true,"href":"https:\/\/primiciasclorinda.com\/index.php?rest_route=%2Fwp%2Fv2%2Fcategories&post=176798"},{"taxonomy":"post_tag","embeddable":true,"href":"https:\/\/primiciasclorinda.com\/index.php?rest_route=%2Fwp%2Fv2%2Ftags&post=176798"}],"curies":[{"name":"wp","href":"https:\/\/api.w.org\/{rel}","templated":true}]}}