{"id":176780,"date":"2026-08-30T09:41:00","date_gmt":"2026-08-30T12:41:00","guid":{"rendered":"https:\/\/primiciasclorinda.com\/?p=176780"},"modified":"2026-08-30T09:41:00","modified_gmt":"2026-08-30T12:41:00","slug":"malestar-en-nanawa-por-el-cierre-nocturno-del-acceso-a-clorinda-donde-estan-nuestras-autoridades-se-preguntaban","status":"publish","type":"post","link":"https:\/\/primiciasclorinda.com\/?p=176780","title":{"rendered":"Malestar en Nanawa por el cierre nocturno del acceso a Clorinda. \u201cDonde est\u00e1n nuestras autoridades?\u201d se preguntaban."},"content":{"rendered":"\n<p><strong>Vecinos de Nanawa expresaron su preocupaci\u00f3n y malestar por el cierre del acceso fronterizo durante la noche. La medida genera cuestionamientos y reclamos por el libre tr\u00e1nsito entre las comunidades fronterizas de Paraguay y Argentina.<\/strong><\/p>\n\n\n\n<p><strong>El malestar crece entre vecinos de Nanawa ante la decisi\u00f3n de mantener cerrado el acceso fronterizo durante el horario nocturno, una situaci\u00f3n que, seg\u00fan los reclamos difundidos, se extiende aproximadamente desde las 19:00 hasta las 7:00.<\/strong><\/p>\n\n\n\n<p><strong>La medida genera preocupaci\u00f3n entre quienes diariamente utilizan este paso para trabajar, realizar compras, visitar familiares o mantener sus actividades habituales a ambos lados de la frontera.<\/strong><\/p>\n\n\n\n<p><strong>\u201c\u00bfD\u00f3nde est\u00e1 el MERCOSUR? \u00bfD\u00f3nde est\u00e1n los intendentes que peleen por los derechos de la hermandad? \u00bfD\u00f3nde qued\u00f3 el libre tr\u00e1nsito vecinal fronterizo?\u201d, expresaron vecinos, cuestionando la falta de respuestas de las autoridades.<\/strong><\/p>\n\n\n\n<p><strong>Uno de los principales reclamos apunta precisamente a la condici\u00f3n particular de esta zona fronteriza, donde durante d\u00e9cadas existi\u00f3 una intensa relaci\u00f3n comercial, social y familiar entre Clorinda y Nanawa.<\/strong><\/p>\n\n\n\n<p><strong>\u201cEN EL MUNDO NO EXISTE UN PUENTE QUE TENGA PORT\u00d3N\u201d<\/strong><\/p>\n\n\n\n<p><strong>La indignaci\u00f3n tambi\u00e9n se hizo sentir por la instalaci\u00f3n de un sistema de cierre que limita el paso durante determinadas horas.<\/strong><\/p>\n\n\n\n<p><strong>\u201cEn el mundo no existe un puente que tenga port\u00f3n\u201d, se\u00f1alaron vecinos, al tiempo que reclamaron la intervenci\u00f3n de las autoridades municipales, provinciales y nacionales para encontrar una soluci\u00f3n.<\/strong><\/p>\n\n\n\n<p><strong>Para los habitantes de la zona, la situaci\u00f3n representa un retroceso en la hist\u00f3rica integraci\u00f3n entre ambas comunidades fronterizas.<\/strong><\/p>\n\n\n\n<p><strong>\u00bfQUI\u00c9N DEFIENDE A LOS VECINOS?<\/strong><\/p>\n\n\n\n<p><strong>Los reclamos plantean adem\u00e1s una pregunta que comienza a repetirse con fuerza: \u00bfd\u00f3nde est\u00e1n las autoridades encargadas de defender los intereses de las comunidades fronterizas?<\/strong><\/p>\n\n\n\n<p><strong>Los vecinos reclaman que los intendentes de las ciudades involucradas y las autoridades competentes intervengan ante una situaci\u00f3n que afecta directamente la circulaci\u00f3n y la vida cotidiana de quienes viven en esta regi\u00f3n.<\/strong><\/p>\n\n\n\n<p><strong>La preocupaci\u00f3n no se limita solamente al tr\u00e1nsito: tambi\u00e9n existe inquietud por el impacto que el cierre pueda tener sobre trabajadores, comerciantes, familias y personas que necesitan trasladarse durante la noche.<\/strong><\/p>\n\n\n\n<p><strong>\u201cNi en los peores momentos nos pisotearon de esta manera. \u00bfQui\u00e9n lucha por nosotros, Dios m\u00edo?\u201d, fue uno de los mensajes que refleja el sentimiento de vecinos de Nanawa.<\/strong><\/p>\n\n\n\n<p><strong>Mientras tanto, crece el pedido de explicaciones y de una intervenci\u00f3n de las autoridades para garantizar que la hist\u00f3rica hermandad fronteriza entre Clorinda y Nanawa no termine convertida en una frontera cada vez m\u00e1s cerrada.<\/strong><\/p>\n\n\n\n<p><strong>La pregunta queda planteada: \u00bfqu\u00e9 har\u00e1n ahora nuestras autoridades?<\/strong><\/p>\n\n\n\n<p><strong>Fuente: P\u00e1gina Ruben Valentin Godoy<\/strong><\/p>\n\n\n<figure class=\"wp-block-post-featured-image\"><img loading=\"lazy\" decoding=\"async\" width=\"950\" height=\"600\" src=\"https:\/\/primiciasclorinda.com\/wp-content\/uploads\/2026\/08\/08292026-notprimiciasclor-0525-asd.jpg\" class=\"attachment-post-thumbnail size-post-thumbnail wp-post-image\" alt=\"\" style=\"object-fit:cover;\" srcset=\"https:\/\/primiciasclorinda.com\/wp-content\/uploads\/2026\/08\/08292026-notprimiciasclor-0525-asd.jpg 950w, https:\/\/primiciasclorinda.com\/wp-content\/uploads\/2026\/08\/08292026-notprimiciasclor-0525-asd-300x189.jpg 300w, https:\/\/primiciasclorinda.com\/wp-content\/uploads\/2026\/08\/08292026-notprimiciasclor-0525-asd-475x300.jpg 475w, https:\/\/primiciasclorinda.com\/wp-content\/uploads\/2026\/08\/08292026-notprimiciasclor-0525-asd-768x485.jpg 768w\" sizes=\"auto, (max-width: 950px) 100vw, 950px\" \/><\/figure>\n\n\n<p><\/p>\n","protected":false},"excerpt":{"rendered":"<div class=\"mh-excerpt\"><p>Vecinos de Nanawa expresaron su preocupaci\u00f3n y malestar por el cierre del acceso fronterizo durante la noche. La medida genera cuestionamientos y reclamos por el <a class=\"mh-excerpt-more\" href=\"https:\/\/primiciasclorinda.com\/?p=176780\" title=\"Malestar en Nanawa por el cierre nocturno del acceso a Clorinda. \u201cDonde est\u00e1n nuestras autoridades?\u201d se preguntaban.\">[&#8230;]<\/a><\/p>\n<\/div>","protected":false},"author":3,"featured_media":176762,"comment_status":"open","ping_status":"open","sticky":false,"template":"","format":"standard","meta":{"footnotes":""},"categories":[5431,6],"tags":[8518,8517,1573,8519],"class_list":["post-176780","post","type-post","status-publish","format-standard","has-post-thumbnail","hentry","category-clorinda","category-cultura","tag-cierre-nocturno","tag-nanawa-clorinda","tag-pasarela-de-la-amistad","tag-quejas-de-vecinos"],"_links":{"self":[{"href":"https:\/\/primiciasclorinda.com\/index.php?rest_route=\/wp\/v2\/posts\/176780","targetHints":{"allow":["GET"]}}],"collection":[{"href":"https:\/\/primiciasclorinda.com\/index.php?rest_route=\/wp\/v2\/posts"}],"about":[{"href":"https:\/\/primiciasclorinda.com\/index.php?rest_route=\/wp\/v2\/types\/post"}],"author":[{"embeddable":true,"href":"https:\/\/primiciasclorinda.com\/index.php?rest_route=\/wp\/v2\/users\/3"}],"replies":[{"embeddable":true,"href":"https:\/\/primiciasclorinda.com\/index.php?rest_route=%2Fwp%2Fv2%2Fcomments&post=176780"}],"version-history":[{"count":1,"href":"https:\/\/primiciasclorinda.com\/index.php?rest_route=\/wp\/v2\/posts\/176780\/revisions"}],"predecessor-version":[{"id":176781,"href":"https:\/\/primiciasclorinda.com\/index.php?rest_route=\/wp\/v2\/posts\/176780\/revisions\/176781"}],"wp:featuredmedia":[{"embeddable":true,"href":"https:\/\/primiciasclorinda.com\/index.php?rest_route=\/wp\/v2\/media\/176762"}],"wp:attachment":[{"href":"https:\/\/primiciasclorinda.com\/index.php?rest_route=%2Fwp%2Fv2%2Fmedia&parent=176780"}],"wp:term":[{"taxonomy":"category","embeddable":true,"href":"https:\/\/primiciasclorinda.com\/index.php?rest_route=%2Fwp%2Fv2%2Fcategories&post=176780"},{"taxonomy":"post_tag","embeddable":true,"href":"https:\/\/primiciasclorinda.com\/index.php?rest_route=%2Fwp%2Fv2%2Ftags&post=176780"}],"curies":[{"name":"wp","href":"https:\/\/api.w.org\/{rel}","templated":true}]}}