{"id":17638,"date":"2020-02-13T08:12:43","date_gmt":"2020-02-13T11:12:43","guid":{"rendered":"http:\/\/primiciasclorinda.com\/?p=17638"},"modified":"2020-02-13T08:12:43","modified_gmt":"2020-02-13T11:12:43","slug":"para-juntos-por-el-cambio-la-exposicion-de-guzman-tuvo-gusto-a-poco","status":"publish","type":"post","link":"https:\/\/primiciasclorinda.com\/?p=17638","title":{"rendered":"Para Juntos por el Cambio, la exposici\u00f3n de Guzm\u00e1n \u201ctuvo gusto a poco\u00bb"},"content":{"rendered":"<p style=\"text-align: justify;\">As\u00ed lo indic\u00f3 el jefe del Interbloque de diputados nacionales, en referencia al informe que el ministro de Econom\u00eda de la Naci\u00f3n brind\u00f3 ante la C\u00e1mara baja.<\/p>\n<p style=\"text-align: justify;\">El jefe del Interbloque de diputados nacionales de Juntos por el Cambio, Mario Negri, dijo que el informe que el ministro de Econom\u00eda de la Naci\u00f3n, Mart\u00edn Guzm\u00e1n, brind\u00f3 ante la C\u00e1mara baja \u00abtuvo gusto a poco\u00bb y recomend\u00f3 \u00abno aumentar la incertidumbre coqueteando con el default\u00bb.<\/p>\n<p style=\"text-align: justify;\">\u00abLa alocuci\u00f3n del ministro Guzm\u00e1n tuvo gusto a poco. Coincidimos con que tenemos que hacer un &#8216;nunca m\u00e1s&#8217; a los ciclos de endeudamiento, pero tambi\u00e9n necesitamos un &#8216;nunca m\u00e1s&#8217; de los altos ciclos de d\u00e9ficit fiscal de la Argentina\u00bb, asegur\u00f3 Negri.<\/p>\n<p style=\"text-align: justify;\">El diputado cordob\u00e9s encabez\u00f3 una conferencia de prensa de los integrantes del interbloque opositor en el Sal\u00f3n \u00abDelia Parodi\u00bb de la C\u00e1mara de Diputados tras la finalizaci\u00f3n de la exposici\u00f3n de Guzm\u00e1n.<\/p>\n<p style=\"text-align: justify;\">\u00abNo hay que aumentar la incertidumbre coqueteando con un default. No van a asustar a nadie. Los bonistas no tienen coraz\u00f3n, no se asustan\u00bb, afirm\u00f3 Negri.<\/p>\n<p style=\"text-align: justify;\">En ese sentido, cuestion\u00f3 \u00abel concepto de que no cuentan el plan porque est\u00e1n negociando\u00bb y lo consider\u00f3 \u00abun signo de debilidad\u00bb.<\/p>\n<p style=\"text-align: justify;\">Acompa\u00f1ado por el presidente del bloque PRO, Cristian Ritondo, y de la Coalici\u00f3n C\u00edvica, Maximiliano Ferraro, adem\u00e1s de la mayor\u00eda del interbloque opositor, el diputado agreg\u00f3 que Juntos por el Cambio \u00abno va a poner palos en la rueda, como s\u00ed nos hicieron a nosotros cuando fuimos gobierno\u00bb.<\/p>\n<p style=\"text-align: justify;\">Adem\u00e1s, Negri mencion\u00f3 que es \u00abpreocupante\u00bb que el gobierno \u00abno haya presentado el Presupuesto 2020\u00bb.<\/p>\n<p style=\"text-align: justify;\">\u00abNo es incompatible tener un Presupuesto y, a la vez, buscar una renegociaci\u00f3n de la deuda\u00bb, enfatiz\u00f3.<\/p>\n<p style=\"text-align: justify;\">El diputado cordob\u00e9s tambi\u00e9n cuestion\u00f3 que Guzm\u00e1n no haya respondido si estaba de acuerdo con las declaraciones de la vicepresidenta de la Naci\u00f3n, Cristina Fern\u00e1ndez de Kirchner, sobre exigir una fuerte quita del capital de la deuda al Fondo Monetario Internacional (FMI).<\/p>\n<p style=\"text-align: justify;\">\u00abDeber\u00eda haberlo respondido para eliminar tanta incertidumbre\u00bb, sentenci\u00f3 Negri.<\/p>\n","protected":false},"excerpt":{"rendered":"<div class=\"mh-excerpt\"><p>As\u00ed lo indic\u00f3 el jefe del Interbloque de diputados nacionales, en referencia al informe que el ministro de Econom\u00eda de la Naci\u00f3n brind\u00f3 ante la <a class=\"mh-excerpt-more\" href=\"https:\/\/primiciasclorinda.com\/?p=17638\" title=\"Para Juntos por el Cambio, la exposici\u00f3n de Guzm\u00e1n \u201ctuvo gusto a poco\u00bb\">[&#8230;]<\/a><\/p>\n<\/div>","protected":false},"author":3,"featured_media":17639,"comment_status":"open","ping_status":"open","sticky":false,"template":"","format":"standard","meta":{"footnotes":""},"categories":[3],"tags":[365,2879,1245,2835],"class_list":["post-17638","post","type-post","status-publish","format-standard","has-post-thumbnail","hentry","category-politica-economia","tag-congreso","tag-deuda","tag-fmi","tag-guzman"],"_links":{"self":[{"href":"https:\/\/primiciasclorinda.com\/index.php?rest_route=\/wp\/v2\/posts\/17638","targetHints":{"allow":["GET"]}}],"collection":[{"href":"https:\/\/primiciasclorinda.com\/index.php?rest_route=\/wp\/v2\/posts"}],"about":[{"href":"https:\/\/primiciasclorinda.com\/index.php?rest_route=\/wp\/v2\/types\/post"}],"author":[{"embeddable":true,"href":"https:\/\/primiciasclorinda.com\/index.php?rest_route=\/wp\/v2\/users\/3"}],"replies":[{"embeddable":true,"href":"https:\/\/primiciasclorinda.com\/index.php?rest_route=%2Fwp%2Fv2%2Fcomments&post=17638"}],"version-history":[{"count":1,"href":"https:\/\/primiciasclorinda.com\/index.php?rest_route=\/wp\/v2\/posts\/17638\/revisions"}],"predecessor-version":[{"id":17640,"href":"https:\/\/primiciasclorinda.com\/index.php?rest_route=\/wp\/v2\/posts\/17638\/revisions\/17640"}],"wp:featuredmedia":[{"embeddable":true,"href":"https:\/\/primiciasclorinda.com\/index.php?rest_route=\/wp\/v2\/media\/17639"}],"wp:attachment":[{"href":"https:\/\/primiciasclorinda.com\/index.php?rest_route=%2Fwp%2Fv2%2Fmedia&parent=17638"}],"wp:term":[{"taxonomy":"category","embeddable":true,"href":"https:\/\/primiciasclorinda.com\/index.php?rest_route=%2Fwp%2Fv2%2Fcategories&post=17638"},{"taxonomy":"post_tag","embeddable":true,"href":"https:\/\/primiciasclorinda.com\/index.php?rest_route=%2Fwp%2Fv2%2Ftags&post=17638"}],"curies":[{"name":"wp","href":"https:\/\/api.w.org\/{rel}","templated":true}]}}