{"id":17380,"date":"2020-01-27T07:53:30","date_gmt":"2020-01-27T10:53:30","guid":{"rendered":"http:\/\/primiciasclorinda.com\/?p=17380"},"modified":"2020-01-27T07:53:30","modified_gmt":"2020-01-27T10:53:30","slug":"atraparon-a-un-hombre-que-robo-una-moto-a-punta-de-cuchillo-en-clorinda","status":"publish","type":"post","link":"https:\/\/primiciasclorinda.com\/?p=17380","title":{"rendered":"Atraparon a un hombre que rob\u00f3 una moto a punta de cuchillo en Clorinda"},"content":{"rendered":"<p style=\"text-align: justify;\">La intervenci\u00f3n policial tuvo lugar este viernes a la madrugada en la ciudad de Clorinda, cuando una vecina del barrio 8 de Abril denunci\u00f3 que mientras se desplazaba por la calle Potos\u00ed y Sargento Cabral, del barrio Nazareno, un hombre a punta de cuchillo le sustrajo la motocicleta Keller de 110 cilindradas.<\/p>\n<p style=\"text-align: justify;\">El robo fue denunciado en forma inmediata por la damnificada, brindando datos certeros del autor y los uniformados se dedicaron a la investigaci\u00f3n del hecho.<\/p>\n<p style=\"text-align: justify;\">En un importante despliegue, se logr\u00f3 la captura del presunto autor y el secuestro de un arma blanca que habr\u00eda sido exhibida por el sospechoso durante el robo. Posteriormente, los investigadores llegaron hasta un taller donde hallaron la motocicleta desarmada, procedi\u00e9ndose al secuestro del rodado y a la detenci\u00f3n del mec\u00e1nico sindicado como el c\u00f3mplice.<\/p>\n<p style=\"text-align: justify;\">Detenidos y motocicleta recuperada fueron trasladados hasta la Comisar\u00eda Territorios Nacionales, donde la damnificada reconoci\u00f3 las partes de su motocicleta, confeccion\u00e1ndose las actuaciones judiciales con intervenci\u00f3n de la Justicia.<\/p>\n","protected":false},"excerpt":{"rendered":"<div class=\"mh-excerpt\"><p>La intervenci\u00f3n policial tuvo lugar este viernes a la madrugada en la ciudad de Clorinda, cuando una vecina del barrio 8 de Abril denunci\u00f3 que <a class=\"mh-excerpt-more\" href=\"https:\/\/primiciasclorinda.com\/?p=17380\" title=\"Atraparon a un hombre que rob\u00f3 una moto a punta de cuchillo en Clorinda\">[&#8230;]<\/a><\/p>\n<\/div>","protected":false},"author":3,"featured_media":17381,"comment_status":"open","ping_status":"open","sticky":false,"template":"","format":"standard","meta":{"footnotes":""},"categories":[4,10],"tags":[26,717,622],"class_list":["post-17380","post","type-post","status-publish","format-standard","has-post-thumbnail","hentry","category-informacion-general","category-policiales","tag-clorinda","tag-motos","tag-robo"],"_links":{"self":[{"href":"https:\/\/primiciasclorinda.com\/index.php?rest_route=\/wp\/v2\/posts\/17380","targetHints":{"allow":["GET"]}}],"collection":[{"href":"https:\/\/primiciasclorinda.com\/index.php?rest_route=\/wp\/v2\/posts"}],"about":[{"href":"https:\/\/primiciasclorinda.com\/index.php?rest_route=\/wp\/v2\/types\/post"}],"author":[{"embeddable":true,"href":"https:\/\/primiciasclorinda.com\/index.php?rest_route=\/wp\/v2\/users\/3"}],"replies":[{"embeddable":true,"href":"https:\/\/primiciasclorinda.com\/index.php?rest_route=%2Fwp%2Fv2%2Fcomments&post=17380"}],"version-history":[{"count":1,"href":"https:\/\/primiciasclorinda.com\/index.php?rest_route=\/wp\/v2\/posts\/17380\/revisions"}],"predecessor-version":[{"id":17382,"href":"https:\/\/primiciasclorinda.com\/index.php?rest_route=\/wp\/v2\/posts\/17380\/revisions\/17382"}],"wp:featuredmedia":[{"embeddable":true,"href":"https:\/\/primiciasclorinda.com\/index.php?rest_route=\/wp\/v2\/media\/17381"}],"wp:attachment":[{"href":"https:\/\/primiciasclorinda.com\/index.php?rest_route=%2Fwp%2Fv2%2Fmedia&parent=17380"}],"wp:term":[{"taxonomy":"category","embeddable":true,"href":"https:\/\/primiciasclorinda.com\/index.php?rest_route=%2Fwp%2Fv2%2Fcategories&post=17380"},{"taxonomy":"post_tag","embeddable":true,"href":"https:\/\/primiciasclorinda.com\/index.php?rest_route=%2Fwp%2Fv2%2Ftags&post=17380"}],"curies":[{"name":"wp","href":"https:\/\/api.w.org\/{rel}","templated":true}]}}