{"id":17366,"date":"2020-01-27T07:39:42","date_gmt":"2020-01-27T10:39:42","guid":{"rendered":"http:\/\/primiciasclorinda.com\/?p=17366"},"modified":"2020-01-27T07:39:42","modified_gmt":"2020-01-27T10:39:42","slug":"samaniego-formosa-va-a-ser-protagonista-de-la-nueva-argentina","status":"publish","type":"post","link":"https:\/\/primiciasclorinda.com\/?p=17366","title":{"rendered":"Samaniego: \u201cFormosa va a ser protagonista de la nueva Argentina\u201d"},"content":{"rendered":"<p style=\"text-align: justify;\">El diputado provincial por el Partido Justicialista, Agust\u00edn Samaniego afirm\u00f3 que ser\u00e1 una ardua tarea para el presidente Alberto Fern\u00e1ndez \u201csacar adelante el pa\u00eds\u201d, pero que conf\u00eda en todo su equipo, y el apoyo del gobernador Gildo Insfr\u00e1n donde \u201cFormosa va a ser protagonista de la nueva Argentina que empezamos a construir el 10 de diciembre\u201d.<\/p>\n<p style=\"text-align: justify;\">El legislador particip\u00f3 el pasado s\u00e1bado por la tarde de las actividades que se realiz\u00f3 en el barrio La Nueva Formosa, en el marco del programa \u201cViv\u00ed el Verano 2020 Formosa Hermosa\u201d que lleva adelante el gobierno de la provincia a trav\u00e9s del Ministerio de Turismo. En ese sentido, dijo que la intenci\u00f3n del programa \u201ces para mostrar las ofertas que tiene la provincia en todo el territorio provincial, y tambi\u00e9n incluir a los barrios de la ciudad porque el gobierno busca impulsar y promover la participaci\u00f3n ciudadana a trav\u00e9s del sano esparcimiento y el entretenimiento de toda la familia\u201d<\/p>\n<p style=\"text-align: justify;\">Sobre la coyuntura actual del pa\u00eds, que atraviesa una crisis econ\u00f3mica producto de las pol\u00edticas del expresidente Macri, en los cuatro a\u00f1os de gesti\u00f3n, admiti\u00f3 que la tarea para recuperar el pa\u00eds \u201cser\u00e1 ardua\u201d porque \u201cdejaron tierra arrasada con un endeudamiento hist\u00f3rico que no se asemeja ni en toda la historia argentina\u201d en referencia a la deuda externa con el Fondo Monetario Internacional (FMI).<\/p>\n<p style=\"text-align: justify;\">No obstante, a partir del nuevo gobierno del presidente Alberto Fern\u00e1ndez subray\u00f3 que conf\u00eda en la decisi\u00f3n del Jefe de Estado, y todo su equipo, como as\u00ed tambi\u00e9n el apoyo de los gobernadores, especialmente \u201cel gobernador Gildo Insfr\u00e1n vamos a sacar adelante esta situaci\u00f3n y por supuesto Formosa va a ser protagonista en la nueva Argentina que empezamos a construir el 10 de diciembre, donde adem\u00e1s le decimos la verdad a la gente que va a ser una tarea dif\u00edcil, pero que lo vamos a lograr\u201d.<\/p>\n<p style=\"text-align: justify;\">Y agreg\u00f3: \u201cVamos a tener que hacer un esfuerzo que ser\u00e1 igualitario, equitativo donde no ser\u00e1 el sacrificio de unos pocos para que unos pocos se lleven las ganancias, ac\u00e1 va a ser un esfuerzo de todos los argentinos\u201d.<\/p>\n<p style=\"text-align: justify;\">Describi\u00f3 que todos los indicadores: pobreza, indigencia, la distribuci\u00f3n de la riqueza, el \u00edndice de desigualdad, \u201cmuestran que ha sido un proceso estos cuatro a\u00f1os de Macri de acumulaci\u00f3n de la riqueza y lo que est\u00e1 haciendo el gobierno de Alberto Fern\u00e1ndez y el Frente de Todos es desandar ese camino con una decisi\u00f3n de comenzar por los m\u00e1s vulnerables para alcanzar a todos\u201d.<\/p>\n<p style=\"text-align: justify;\">Por eso de manera categ\u00f3rica se\u00f1al\u00f3 que a nivel nacional se va a replicar el modelo formose\u00f1o que \u201cgobierna para todos y con una mirada preferencial para aquellos que m\u00e1s lo necesitan\u201d.<\/p>\n<p style=\"text-align: justify;\">Consultado sobre el Presupuesto provincial 2020, precis\u00f3 que van a esperar que se apruebe el Presupuesto Nacional para este a\u00f1o en ejercicio que estima ser\u00e1 \u201cen abril y mayo pr\u00f3ximo\u201d.<\/p>\n<p style=\"text-align: justify;\">No obstante, indic\u00f3 que la mayor proporci\u00f3n del presupuesto provincial \u201csiempre es el mismo, un fuerte compromiso en el \u00e1rea social, educativo, la salud, infraestructura y todo el desarrollo de la provincia ese es el esp\u00edritu\u201d.<\/p>\n","protected":false},"excerpt":{"rendered":"<div class=\"mh-excerpt\"><p>El diputado provincial por el Partido Justicialista, Agust\u00edn Samaniego afirm\u00f3 que ser\u00e1 una ardua tarea para el presidente Alberto Fern\u00e1ndez \u201csacar adelante el pa\u00eds\u201d, pero <a class=\"mh-excerpt-more\" href=\"https:\/\/primiciasclorinda.com\/?p=17366\" title=\"Samaniego: \u201cFormosa va a ser protagonista de la nueva Argentina\u201d\">[&#8230;]<\/a><\/p>\n<\/div>","protected":false},"author":3,"featured_media":14636,"comment_status":"open","ping_status":"open","sticky":false,"template":"","format":"standard","meta":{"footnotes":""},"categories":[3],"tags":[58,2876],"class_list":["post-17366","post","type-post","status-publish","format-standard","has-post-thumbnail","hentry","category-politica-economia","tag-gobierno-de-formosa","tag-samaniego"],"_links":{"self":[{"href":"https:\/\/primiciasclorinda.com\/index.php?rest_route=\/wp\/v2\/posts\/17366","targetHints":{"allow":["GET"]}}],"collection":[{"href":"https:\/\/primiciasclorinda.com\/index.php?rest_route=\/wp\/v2\/posts"}],"about":[{"href":"https:\/\/primiciasclorinda.com\/index.php?rest_route=\/wp\/v2\/types\/post"}],"author":[{"embeddable":true,"href":"https:\/\/primiciasclorinda.com\/index.php?rest_route=\/wp\/v2\/users\/3"}],"replies":[{"embeddable":true,"href":"https:\/\/primiciasclorinda.com\/index.php?rest_route=%2Fwp%2Fv2%2Fcomments&post=17366"}],"version-history":[{"count":1,"href":"https:\/\/primiciasclorinda.com\/index.php?rest_route=\/wp\/v2\/posts\/17366\/revisions"}],"predecessor-version":[{"id":17367,"href":"https:\/\/primiciasclorinda.com\/index.php?rest_route=\/wp\/v2\/posts\/17366\/revisions\/17367"}],"wp:featuredmedia":[{"embeddable":true,"href":"https:\/\/primiciasclorinda.com\/index.php?rest_route=\/wp\/v2\/media\/14636"}],"wp:attachment":[{"href":"https:\/\/primiciasclorinda.com\/index.php?rest_route=%2Fwp%2Fv2%2Fmedia&parent=17366"}],"wp:term":[{"taxonomy":"category","embeddable":true,"href":"https:\/\/primiciasclorinda.com\/index.php?rest_route=%2Fwp%2Fv2%2Fcategories&post=17366"},{"taxonomy":"post_tag","embeddable":true,"href":"https:\/\/primiciasclorinda.com\/index.php?rest_route=%2Fwp%2Fv2%2Ftags&post=17366"}],"curies":[{"name":"wp","href":"https:\/\/api.w.org\/{rel}","templated":true}]}}