{"id":1733,"date":"2016-03-30T22:35:15","date_gmt":"2016-03-30T22:35:15","guid":{"rendered":"http:\/\/primiciasclorinda.com\/?p=1733"},"modified":"2016-04-01T15:23:52","modified_gmt":"2016-04-01T15:23:52","slug":"solano-mendoza-confirmo-paro-docente-para-el-proximo-lunes-4-de-abril","status":"publish","type":"post","link":"https:\/\/primiciasclorinda.com\/?p=1733","title":{"rendered":"Solano Mendoza confirm\u00f3 paro docente para el pr\u00f3ximo lunes"},"content":{"rendered":"<figure id=\"attachment_1734\" aria-describedby=\"caption-attachment-1734\" style=\"width: 656px\" class=\"wp-caption alignnone\"><img loading=\"lazy\" decoding=\"async\" class=\" wp-image-1734\" src=\"http:\/\/primiciasclorinda.com\/wp-content\/uploads\/2016\/03\/Solano-Mendoza-1.jpg\" alt=\"Solano Mendoza, gremio docente ADF. \" width=\"656\" height=\"492\" srcset=\"https:\/\/primiciasclorinda.com\/wp-content\/uploads\/2016\/03\/Solano-Mendoza-1.jpg 1280w, https:\/\/primiciasclorinda.com\/wp-content\/uploads\/2016\/03\/Solano-Mendoza-1-300x225.jpg 300w, https:\/\/primiciasclorinda.com\/wp-content\/uploads\/2016\/03\/Solano-Mendoza-1-768x576.jpg 768w, https:\/\/primiciasclorinda.com\/wp-content\/uploads\/2016\/03\/Solano-Mendoza-1-1024x768.jpg 1024w\" sizes=\"auto, (max-width: 656px) 100vw, 656px\" \/><figcaption id=\"caption-attachment-1734\" class=\"wp-caption-text\">Solano Mendoza, gremio docente ADF.<\/figcaption><\/figure>\n<p style=\"text-align: justify;\">En di\u00e1logo con <strong><em>Primicias Clorinda<\/em><\/strong>, el referente del gremio docente ADF en Clorinda confirm\u00f3 la medida de fuerza para el pr\u00f3ximo lunes. \u00abSe cumplen 10 a\u00f1os del asesinato de nuestro compa\u00f1ero Fuentealba, y el caso sigue impune\u00bb,\u00a0explic\u00f3 el gremialista aduciendo que ese es uno de los motivos del paro, el otro motivo seg\u00fan Mendoza el incumplimiento de lo que se pact\u00f3 a nivel nacional en cuanto en cuanto a los salarios.\u00a0<!--more--><\/p>\n<p style=\"text-align: justify;\">El pr\u00f3ximo martes 5 de abril se cumplen 10 a\u00f1os del asesinato del docente Carlos Fuentealba en Neuqu\u00e9n, \u00abel caso sigue impune y quieren cerrar la causa\u00bb, inform\u00f3 Mendoza. Explic\u00f3 que todos los gremios que forman parte de CTERA\u00a0\u00a0van a parar en todo el pa\u00eds.<\/p>\n<p style=\"text-align: justify;\">El otro motivo del paro docente es la falta que cometi\u00f3 el Gobierno Nacional con el envi\u00f3 de fondos,\u00a0seg\u00fan Solano Mendoza, \u00abno llegaron los fondos a la provincia\u00bb. No se pag\u00f3 en forma la garant\u00eda docente 2016 y tampoco el incentivo docente.<\/p>\n<p style=\"text-align: justify;\">Por estos dos motivos los docentes nucleados en CTERA van a realizar una jornada de paro el pr\u00f3ximo lunes 4 de abril<\/p>\n","protected":false},"excerpt":{"rendered":"<div class=\"mh-excerpt\"><p>En di\u00e1logo con Primicias Clorinda, el referente del gremio docente ADF en Clorinda confirm\u00f3 la medida de fuerza para el pr\u00f3ximo lunes. \u00abSe cumplen 10 <a class=\"mh-excerpt-more\" href=\"https:\/\/primiciasclorinda.com\/?p=1733\" title=\"Solano Mendoza confirm\u00f3 paro docente para el pr\u00f3ximo lunes\">[&#8230;]<\/a><\/p>\n<\/div>","protected":false},"author":3,"featured_media":0,"comment_status":"open","ping_status":"open","sticky":false,"template":"","format":"standard","meta":{"footnotes":""},"categories":[4,3],"tags":[327,26,227,23,386,387],"class_list":["post-1733","post","type-post","status-publish","format-standard","hentry","category-informacion-general","category-politica-economia","tag-adf","tag-clorinda","tag-docentes","tag-formosa","tag-paro-docente","tag-solano-mendoza"],"_links":{"self":[{"href":"https:\/\/primiciasclorinda.com\/index.php?rest_route=\/wp\/v2\/posts\/1733","targetHints":{"allow":["GET"]}}],"collection":[{"href":"https:\/\/primiciasclorinda.com\/index.php?rest_route=\/wp\/v2\/posts"}],"about":[{"href":"https:\/\/primiciasclorinda.com\/index.php?rest_route=\/wp\/v2\/types\/post"}],"author":[{"embeddable":true,"href":"https:\/\/primiciasclorinda.com\/index.php?rest_route=\/wp\/v2\/users\/3"}],"replies":[{"embeddable":true,"href":"https:\/\/primiciasclorinda.com\/index.php?rest_route=%2Fwp%2Fv2%2Fcomments&post=1733"}],"version-history":[{"count":3,"href":"https:\/\/primiciasclorinda.com\/index.php?rest_route=\/wp\/v2\/posts\/1733\/revisions"}],"predecessor-version":[{"id":1737,"href":"https:\/\/primiciasclorinda.com\/index.php?rest_route=\/wp\/v2\/posts\/1733\/revisions\/1737"}],"wp:attachment":[{"href":"https:\/\/primiciasclorinda.com\/index.php?rest_route=%2Fwp%2Fv2%2Fmedia&parent=1733"}],"wp:term":[{"taxonomy":"category","embeddable":true,"href":"https:\/\/primiciasclorinda.com\/index.php?rest_route=%2Fwp%2Fv2%2Fcategories&post=1733"},{"taxonomy":"post_tag","embeddable":true,"href":"https:\/\/primiciasclorinda.com\/index.php?rest_route=%2Fwp%2Fv2%2Ftags&post=1733"}],"curies":[{"name":"wp","href":"https:\/\/api.w.org\/{rel}","templated":true}]}}