{"id":17301,"date":"2020-01-21T10:52:43","date_gmt":"2020-01-21T13:52:43","guid":{"rendered":"http:\/\/primiciasclorinda.com\/?p=17301"},"modified":"2020-01-21T10:52:43","modified_gmt":"2020-01-21T13:52:43","slug":"con-un-acto-en-la-plaza-de-armas-del-e-16-pusieron-en-el-cargo-al-nuevo-segundo-jefe","status":"publish","type":"post","link":"https:\/\/primiciasclorinda.com\/?p=17301","title":{"rendered":"Con un acto en la Plaza de Armas del E-16 pusieron en el cargo al nuevo segundo jefe"},"content":{"rendered":"<p style=\"text-align: justify;\">Se trata del comandante Adri\u00e1n Ezequiel Sas, quien posee una vasta trayectoria institucional, no s\u00f3lo por desempe\u00f1arse en diferentes unidades operativas, sino tambi\u00e9n formativas de la fuerza, ya que fue formador de oficiales, suboficiales y gendarmes.<\/p>\n<p>A primeras horas de la ma\u00f1ana de ayer se llev\u00f3 a cabo una ceremonia interna en la Plaza de Armas del Escuadr\u00f3n 16 \u201cClorinda\u201d de Gendarmer\u00eda nacional, donde se puso en funciones al nuevo segundo jefe y jefe de la Plana Mayor del Escuadr\u00f3n, comandante Adri\u00e1n Ezequiel Sas.<\/p>\n<p style=\"text-align: justify;\">El acto fue presidido por el jefe del E-16, comandante principal Cristian Ariel Robles.<\/p>\n<p style=\"text-align: justify;\">Cabe mencionar que el comandante Adri\u00e1n Sas posee una vasta trayectoria institucional, habi\u00e9ndose desempe\u00f1ado tanto en unidades operativas como educativas de la fuerza, destac\u00e1ndose su paso por el Escuadr\u00f3n 21 \u201cLa Quiaca\u201d, el Escuadr\u00f3n 7 \u201cMisael Pereyra\u201d de Paso de los Libres, como as\u00ed tambi\u00e9n por la Escuela de Gendarmer\u00eda Nacional \u201cMart\u00edn Miguel de G\u00fcemes\u201d y la Escuela de Suboficiales y Gendarmes \u201cCabo Ra\u00fal Rumberto Cuello\u201d, institutos donde fue formador de oficiales, suboficiales y gendarmes. Asimismo, el comandante Sas se desempe\u00f1\u00f3 como jefe del Paso Internacional Santo Tom\u00e9, Corrientes-Sao Borja, Brasil.<\/p>\n","protected":false},"excerpt":{"rendered":"<div class=\"mh-excerpt\"><p>Se trata del comandante Adri\u00e1n Ezequiel Sas, quien posee una vasta trayectoria institucional, no s\u00f3lo por desempe\u00f1arse en diferentes unidades operativas, sino tambi\u00e9n formativas de <a class=\"mh-excerpt-more\" href=\"https:\/\/primiciasclorinda.com\/?p=17301\" title=\"Con un acto en la Plaza de Armas del E-16 pusieron en el cargo al nuevo segundo jefe\">[&#8230;]<\/a><\/p>\n<\/div>","protected":false},"author":3,"featured_media":17302,"comment_status":"open","ping_status":"open","sticky":false,"template":"","format":"standard","meta":{"footnotes":""},"categories":[4,10],"tags":[26,41,42],"class_list":["post-17301","post","type-post","status-publish","format-standard","has-post-thumbnail","hentry","category-informacion-general","category-policiales","tag-clorinda","tag-escuadron-16","tag-gendarmeria-nacional"],"_links":{"self":[{"href":"https:\/\/primiciasclorinda.com\/index.php?rest_route=\/wp\/v2\/posts\/17301","targetHints":{"allow":["GET"]}}],"collection":[{"href":"https:\/\/primiciasclorinda.com\/index.php?rest_route=\/wp\/v2\/posts"}],"about":[{"href":"https:\/\/primiciasclorinda.com\/index.php?rest_route=\/wp\/v2\/types\/post"}],"author":[{"embeddable":true,"href":"https:\/\/primiciasclorinda.com\/index.php?rest_route=\/wp\/v2\/users\/3"}],"replies":[{"embeddable":true,"href":"https:\/\/primiciasclorinda.com\/index.php?rest_route=%2Fwp%2Fv2%2Fcomments&post=17301"}],"version-history":[{"count":1,"href":"https:\/\/primiciasclorinda.com\/index.php?rest_route=\/wp\/v2\/posts\/17301\/revisions"}],"predecessor-version":[{"id":17303,"href":"https:\/\/primiciasclorinda.com\/index.php?rest_route=\/wp\/v2\/posts\/17301\/revisions\/17303"}],"wp:featuredmedia":[{"embeddable":true,"href":"https:\/\/primiciasclorinda.com\/index.php?rest_route=\/wp\/v2\/media\/17302"}],"wp:attachment":[{"href":"https:\/\/primiciasclorinda.com\/index.php?rest_route=%2Fwp%2Fv2%2Fmedia&parent=17301"}],"wp:term":[{"taxonomy":"category","embeddable":true,"href":"https:\/\/primiciasclorinda.com\/index.php?rest_route=%2Fwp%2Fv2%2Fcategories&post=17301"},{"taxonomy":"post_tag","embeddable":true,"href":"https:\/\/primiciasclorinda.com\/index.php?rest_route=%2Fwp%2Fv2%2Ftags&post=17301"}],"curies":[{"name":"wp","href":"https:\/\/api.w.org\/{rel}","templated":true}]}}